{"id":723411,"date":"2025-02-07T15:28:28","date_gmt":"2025-02-07T14:28:28","guid":{"rendered":"https:\/\/www.hashtag.al\/?p=723411"},"modified":"2025-02-07T15:28:28","modified_gmt":"2025-02-07T14:28:28","slug":"sherr-mes-adoleshenteve-ne-sarande-plagoset-me-thike-15-vjecari","status":"publish","type":"post","link":"https:\/\/www.hashtag.al\/index.php\/2025\/02\/07\/sherr-mes-adoleshenteve-ne-sarande-plagoset-me-thike-15-vjecari\/","title":{"rendered":"Sherr mes adoleshent\u00ebve n\u00eb Sarand\u00eb, plagoset me thik\u00eb 15-vje\u00e7ari","gt_translate_keys":[{"key":"rendered","format":"text"}]},"content":{"rendered":"<p><span style=\"color: #000000;\"><img loading=\"lazy\" decoding=\"async\" class=\"alignnone size-medium wp-image-424574\" src=\"https:\/\/www.hashtag.al\/wp-content\/uploads\/2021\/01\/ambulanca-300x169.jpg\" alt=\"\" width=\"300\" height=\"169\" srcset=\"https:\/\/www.hashtag.al\/wp-content\/uploads\/2021\/01\/ambulanca-300x169.jpg 300w, https:\/\/www.hashtag.al\/wp-content\/uploads\/2021\/01\/ambulanca-768x432.jpg 768w, https:\/\/www.hashtag.al\/wp-content\/uploads\/2021\/01\/ambulanca-1024x576.jpg 1024w, https:\/\/www.hashtag.al\/wp-content\/uploads\/2021\/01\/ambulanca.jpg 1920w\" sizes=\"auto, (max-width: 300px) 100vw, 300px\" \/><\/span><\/p>\n<p><span style=\"color: #000000;\">Nj\u00eb sherr mes adoleshent\u00ebve ka ndodhur n\u00eb Sarand\u00eb, ku si pasoj\u00eb \u00ebsht\u00eb plagosur nj\u00eb 15-vje\u00e7ar.<\/span><\/p>\n<p><span style=\"color: #000000;\">I d\u00ebmtuari \u00ebsht\u00eb d\u00ebrguar n\u00eb spital, jasht\u00eb rrezikut p\u00ebr jet\u00ebn. P\u00ebr ngjarjen \u00ebsht\u00eb shoq\u00ebruar n\u00eb komisariat nj\u00eb 12-vje\u00e7ar.<\/span><\/p>\n<p><span style=\"color: #000000;\">\u00a0<em>\u201cSot, n\u00eb mesdit\u00eb, n\u00eb rrug\u00ebn \u201cAdem Sheme\u201d, lagjja nr. 2, dyshohet se gjat\u00eb nj\u00eb konflikti p\u00ebr motive t\u00eb dob\u00ebta, nj\u00eb 15-vje\u00e7ar \u00ebsht\u00eb goditur me mjet prer\u00ebs n\u00eb shpatull nga nj\u00eb bashk\u00ebmoshatar. I d\u00ebmtuari \u00ebsht\u00eb transportuar n\u00eb spital p\u00ebr ndihm\u00eb mjek\u00ebsore dhe ndodhet jasht\u00eb rrezikut p\u00ebr jet\u00ebn.<\/em><\/span><\/p>\n<p><em><span style=\"color: #000000;\">Fal\u00eb veprimeve t\u00eb shpejta dhe reagimit t\u00eb menj\u00ebhersh\u00ebm, sh\u00ebrbimet e Komisariatit t\u00eb Policis\u00eb Sarand\u00eb b\u00ebn\u00eb t\u00eb mundur identifikimin e autorit t\u00eb dyshuar t\u00eb ngjarjes, shtetasin e mitur M. M., 12 vje\u00e7, i cili u shoq\u00ebrua n\u00eb Komisariat p\u00ebr veprime t\u00eb m\u00ebtejshme procedurale.<\/span><\/em><\/p>\n<p><em><span style=\"color: #000000;\">Gjat\u00eb veprimeve t\u00eb m\u00ebtejshme lidhur me ngjarjen, u gjet dhe u sekuestrua n\u00eb cil\u00ebsin\u00eb e prov\u00ebs materiale mjeti prer\u00ebs q\u00eb dyshohet se \u00ebsht\u00eb p\u00ebrdorur gjat\u00eb konfliktit.<\/span><\/em><\/p>\n<p><span style=\"color: #000000;\"><em>Grupi hetimor, n\u00ebn drejtimin e Prokuroris\u00eb, vijon veprimet hetimore p\u00ebr t\u00eb sqaruar rrethanat dhe dinamik\u00ebn e plot\u00eb t\u00eb ngjarjes\u201d,<\/em> njofton policia.<\/span><\/p>\n","protected":false,"gt_translate_keys":[{"key":"rendered","format":"html"}]},"excerpt":{"rendered":"<p>Nj\u00eb sherr mes adoleshent\u00ebve ka ndodhur n\u00eb Sarand\u00eb, ku si pasoj\u00eb \u00ebsht\u00eb plagosur nj\u00eb 15-vje\u00e7ar. I d\u00ebmtuari \u00ebsht\u00eb d\u00ebrguar n\u00eb spital, jasht\u00eb rrezikut p\u00ebr jet\u00ebn. P\u00ebr ngjarjen \u00ebsht\u00eb shoq\u00ebruar n\u00eb komisariat nj\u00eb 12-vje\u00e7ar. \u00a0\u201cSot, n\u00eb mesdit\u00eb, n\u00eb rrug\u00ebn \u201cAdem Sheme\u201d, lagjja nr. 2, dyshohet se gjat\u00eb nj\u00eb konflikti p\u00ebr motive t\u00eb dob\u00ebta, nj\u00eb 15-vje\u00e7ar \u00ebsht\u00eb [&hellip;]<\/p>\n","protected":false,"gt_translate_keys":[{"key":"rendered","format":"html"}]},"author":32,"featured_media":424574,"comment_status":"closed","ping_status":"open","sticky":false,"template":"","format":"standard","meta":{"footnotes":""},"categories":[65],"tags":[],"class_list":["post-723411","post","type-post","status-publish","format-standard","has-post-thumbnail","hentry","category-lajme"],"gt_translate_keys":[{"key":"link","format":"url"}],"_links":{"self":[{"href":"https:\/\/www.hashtag.al\/index.php\/wp-json\/wp\/v2\/posts\/723411","targetHints":{"allow":["GET"]}}],"collection":[{"href":"https:\/\/www.hashtag.al\/index.php\/wp-json\/wp\/v2\/posts"}],"about":[{"href":"https:\/\/www.hashtag.al\/index.php\/wp-json\/wp\/v2\/types\/post"}],"author":[{"embeddable":true,"href":"https:\/\/www.hashtag.al\/index.php\/wp-json\/wp\/v2\/users\/32"}],"replies":[{"embeddable":true,"href":"https:\/\/www.hashtag.al\/index.php\/wp-json\/wp\/v2\/comments?post=723411"}],"version-history":[{"count":99999,"href":"https:\/\/www.hashtag.al\/index.php\/wp-json\/wp\/v2\/posts\/723411\/revisions"}],"predecessor-version":[{"id":723412,"href":"https:\/\/www.hashtag.al\/index.php\/wp-json\/wp\/v2\/posts\/723411\/revisions\/723412"}],"wp:featuredmedia":[{"embeddable":true,"href":"https:\/\/www.hashtag.al\/index.php\/wp-json\/wp\/v2\/media\/424574"}],"wp:attachment":[{"href":"https:\/\/www.hashtag.al\/index.php\/wp-json\/wp\/v2\/media?parent=723411"}],"wp:term":[{"taxonomy":"category","embeddable":true,"href":"https:\/\/www.hashtag.al\/index.php\/wp-json\/wp\/v2\/categories?post=723411"},{"taxonomy":"post_tag","embeddable":true,"href":"https:\/\/www.hashtag.al\/index.php\/wp-json\/wp\/v2\/tags?post=723411"}],"curies":[{"name":"wp","href":"https:\/\/api.w.org\/{rel}","templated":true}]}}