{"id":722898,"date":"2025-02-05T08:26:06","date_gmt":"2025-02-05T07:26:06","guid":{"rendered":"https:\/\/www.hashtag.al\/?p=722898"},"modified":"2025-02-05T08:26:06","modified_gmt":"2025-02-05T07:26:06","slug":"spanja-planifikon-te-shkurtoje-oret-javore-te-punes","status":"publish","type":"post","link":"https:\/\/www.hashtag.al\/index.php\/2025\/02\/05\/spanja-planifikon-te-shkurtoje-oret-javore-te-punes\/","title":{"rendered":"Spanja planifikon t\u00eb shkurtoj\u00eb or\u00ebt javore t\u00eb pun\u00ebs","gt_translate_keys":[{"key":"rendered","format":"text"}]},"content":{"rendered":"<p><span style=\"color: #000000;\"><img loading=\"lazy\" decoding=\"async\" class=\"aligncenter size-full wp-image-538854\" src=\"https:\/\/www.hashtag.al\/wp-content\/uploads\/2022\/07\/sanchez.jpg\" alt=\"\" width=\"976\" height=\"549\" srcset=\"https:\/\/www.hashtag.al\/wp-content\/uploads\/2022\/07\/sanchez.jpg 976w, https:\/\/www.hashtag.al\/wp-content\/uploads\/2022\/07\/sanchez-300x169.jpg 300w, https:\/\/www.hashtag.al\/wp-content\/uploads\/2022\/07\/sanchez-768x432.jpg 768w\" sizes=\"auto, (max-width: 976px) 100vw, 976px\" \/><\/span><\/p>\n<p><span style=\"color: #000000;\">Qeveria spanjolle arriti nj\u00eb marr\u00ebveshje p\u00ebr t\u00eb ulur numrin e or\u00ebve t\u00eb pun\u00ebs n\u00eb jav\u00eb n\u00eb 37.5 nga 40 q\u00eb \u00ebsht\u00eb tani, me kryeministrin Pedro Sanchez q\u00eb k\u00ebrkon t\u00eb p\u00ebrfitoj\u00eb nga politikat sociale nd\u00ebrsa po lufton me mb\u00ebshtetjen e dob\u00ebt n\u00eb parlament.<\/span><\/p>\n<p><span style=\"color: #000000;\"><em>&#8220;Kan\u00eb kaluar m\u00eb shum\u00eb se 41 vjet q\u00eb nga ndryshimi i orarit t\u00eb pun\u00ebs n\u00eb vendin ton\u00eb,&#8221;<\/em> tha z\u00ebvend\u00ebskryeministrja dhe ministrja e Pun\u00ebs Yolanda Diaz t\u00eb mart\u00ebn pas mbledhjes javore t\u00eb kabinetit. Shnd\u00ebrrimi nuk \u00ebsht\u00eb vet\u00ebm <em>\u201cnj\u00eb variab\u00ebl m\u00eb shum\u00eb ekonomik ose i pun\u00ebs. \u00cbsht\u00eb nj\u00eb projekt p\u00ebr vendin, nj\u00eb mas\u00eb q\u00eb do t\u00eb modernizoj\u00eb Spanj\u00ebn.\u201d<\/em><\/span><\/p>\n<p><span style=\"color: #000000;\">Propozimi do d\u00ebrgohet n\u00eb parlament dhe pritet t\u00eb hyj\u00eb n\u00eb fuqi n\u00eb fillim t\u00eb vitit t\u00eb ardhsh\u00ebm.<\/span><\/p>\n<p><span style=\"color: #000000;\">Ulja e orarit t\u00eb pun\u00ebs u ra dakord mes qeveris\u00eb dhe p\u00ebrfaq\u00ebsuesve t\u00eb sindikatave, nd\u00ebrsa p\u00ebrfaq\u00ebsuesit e biznesit u larguan nga negociatat. Nga rregullorja e re do p\u00ebrfitojn\u00eb rreth 13 milion\u00eb pun\u00ebtor\u00eb n\u00eb Spanj\u00eb, sipas sindikatave. Punonj\u00ebsit e sektorit publik dhe disa fusha si arsimi kan\u00eb tashm\u00eb 37.5 or\u00eb pune javore dhe numri mesatar i or\u00ebve t\u00eb tanishme javore t\u00eb pun\u00ebs n\u00eb Spanj\u00eb \u00ebsht\u00eb 36.4, sipas Eurostat.<\/span><\/p>\n<p><span style=\"color: #000000;\"><em>\u201cKjo mas\u00eb do ket\u00eb nj\u00eb ndikim t\u00eb madh n\u00eb t\u00eb gjith\u00eb bot\u00ebn e biznesit, si n\u00eb kompanit\u00eb e m\u00ebdha ashtu edhe n\u00eb ato t\u00eb vogla, dhe synimi \u00ebsht\u00eb t\u00eb leht\u00ebsoj\u00eb ekuilibrin familjar dhe at\u00eb mes pun\u00ebs dhe jet\u00ebs dhe t\u00eb p\u00ebrmir\u00ebsoj\u00eb prodhueshm\u00ebrin\u00eb,\u201d<\/em> tha Blanca Mercado, nj\u00eb avokate n\u00eb KPMG Abogados.<\/span><\/p>\n<p><span style=\"color: #000000;\">N\u00ebse plani kalon n\u00eb Kongres, Spanja do jet\u00eb nd\u00ebr vendet evropiane me m\u00eb pak or\u00eb pune n\u00eb jav\u00eb.<\/span><\/p>\n<p><span style=\"color: #000000;\">Kryeministri Sanchez ka vendosur &#8220;dinjitetin e pun\u00ebs&#8221; si nj\u00eb nga prioritetet e qeveris\u00eb &#8220;n\u00eb m\u00ebnyr\u00eb q\u00eb t\u00eb gjith\u00eb spanjoll\u00ebt t\u00eb punojn\u00eb p\u00ebr t\u00eb jetuar dhe jo t\u00eb jetojn\u00eb p\u00ebr t\u00eb punuar&#8221;, tha ai m\u00eb par\u00eb.<\/span><\/p>\n<p><span style=\"color: #000000;\">Qeveria jav\u00ebn e kaluar gjithashtu ra dakord t\u00eb rris\u00eb pag\u00ebn minimale me 4.4% n\u00eb 2025, duke e \u00e7uar rritjen q\u00eb kur Sanchez u b\u00eb kryeminist\u00ebr n\u00eb m\u00eb shum\u00eb se 60%.<\/span><\/p>\n<p><span style=\"color: #000000;\">Me shkall\u00ebn e papun\u00ebsis\u00eb n\u00eb nivelin m\u00eb t\u00eb ul\u00ebt n\u00eb m\u00eb shum\u00eb se 15 vjet dhe ekonomin\u00eb si performuesin m\u00eb t\u00eb mir\u00eb n\u00eb mesin e an\u00ebtar\u00ebve m\u00eb t\u00eb m\u00ebdhenj t\u00eb zon\u00ebs s\u00eb euros, Sanchez ka d\u00ebshtuar t\u00eb p\u00ebrfitoj\u00eb politikisht nga kjo paraqitje e mir\u00eb, pasi ka ngecur n\u00eb miratimin e ndonj\u00eb ligji t\u00eb r\u00ebnd\u00ebsish\u00ebm dhe parlamenti nuk ka miratuar nj\u00eb buxhet q\u00eb nga viti 2023.<\/span><\/p>\n","protected":false,"gt_translate_keys":[{"key":"rendered","format":"html"}]},"excerpt":{"rendered":"<p>Qeveria spanjolle arriti nj\u00eb marr\u00ebveshje p\u00ebr t\u00eb ulur numrin e or\u00ebve t\u00eb pun\u00ebs n\u00eb jav\u00eb n\u00eb 37.5 nga 40 q\u00eb \u00ebsht\u00eb tani, me kryeministrin Pedro Sanchez q\u00eb k\u00ebrkon t\u00eb p\u00ebrfitoj\u00eb nga politikat sociale nd\u00ebrsa po lufton me mb\u00ebshtetjen e dob\u00ebt n\u00eb parlament. &#8220;Kan\u00eb kaluar m\u00eb shum\u00eb se 41 vjet q\u00eb nga ndryshimi i orarit t\u00eb [&hellip;]<\/p>\n","protected":false,"gt_translate_keys":[{"key":"rendered","format":"html"}]},"author":51,"featured_media":538854,"comment_status":"closed","ping_status":"open","sticky":false,"template":"","format":"standard","meta":{"footnotes":""},"categories":[53],"tags":[],"class_list":["post-722898","post","type-post","status-publish","format-standard","has-post-thumbnail","hentry","category-fast-foodi"],"gt_translate_keys":[{"key":"link","format":"url"}],"_links":{"self":[{"href":"https:\/\/www.hashtag.al\/index.php\/wp-json\/wp\/v2\/posts\/722898","targetHints":{"allow":["GET"]}}],"collection":[{"href":"https:\/\/www.hashtag.al\/index.php\/wp-json\/wp\/v2\/posts"}],"about":[{"href":"https:\/\/www.hashtag.al\/index.php\/wp-json\/wp\/v2\/types\/post"}],"author":[{"embeddable":true,"href":"https:\/\/www.hashtag.al\/index.php\/wp-json\/wp\/v2\/users\/51"}],"replies":[{"embeddable":true,"href":"https:\/\/www.hashtag.al\/index.php\/wp-json\/wp\/v2\/comments?post=722898"}],"version-history":[{"count":99999,"href":"https:\/\/www.hashtag.al\/index.php\/wp-json\/wp\/v2\/posts\/722898\/revisions"}],"predecessor-version":[{"id":722899,"href":"https:\/\/www.hashtag.al\/index.php\/wp-json\/wp\/v2\/posts\/722898\/revisions\/722899"}],"wp:featuredmedia":[{"embeddable":true,"href":"https:\/\/www.hashtag.al\/index.php\/wp-json\/wp\/v2\/media\/538854"}],"wp:attachment":[{"href":"https:\/\/www.hashtag.al\/index.php\/wp-json\/wp\/v2\/media?parent=722898"}],"wp:term":[{"taxonomy":"category","embeddable":true,"href":"https:\/\/www.hashtag.al\/index.php\/wp-json\/wp\/v2\/categories?post=722898"},{"taxonomy":"post_tag","embeddable":true,"href":"https:\/\/www.hashtag.al\/index.php\/wp-json\/wp\/v2\/tags?post=722898"}],"curies":[{"name":"wp","href":"https:\/\/api.w.org\/{rel}","templated":true}]}}