{"id":722819,"date":"2025-02-04T16:23:24","date_gmt":"2025-02-04T15:23:24","guid":{"rendered":"https:\/\/www.hashtag.al\/?p=722819"},"modified":"2025-02-04T16:23:24","modified_gmt":"2025-02-04T15:23:24","slug":"salianji-kerkon-pafajesine-gjykata-e-larte-cakton-daten-11-mars-per-rekursin","status":"publish","type":"post","link":"https:\/\/www.hashtag.al\/index.php\/2025\/02\/04\/salianji-kerkon-pafajesine-gjykata-e-larte-cakton-daten-11-mars-per-rekursin\/","title":{"rendered":"Salianji k\u00ebrkon pafaj\u00ebsin\u00eb, Gjykata e Lart\u00eb cakton dat\u00ebn 11 mars p\u00ebr rekursin","gt_translate_keys":[{"key":"rendered","format":"text"}]},"content":{"rendered":"<p><span style=\"color: #000000;\"><img loading=\"lazy\" decoding=\"async\" class=\"alignnone size-medium wp-image-700772\" src=\"https:\/\/www.hashtag.al\/wp-content\/uploads\/2024\/09\/Salianji-1-e1727425826627-300x165.jpg\" alt=\"\" width=\"300\" height=\"165\" srcset=\"https:\/\/www.hashtag.al\/wp-content\/uploads\/2024\/09\/Salianji-1-e1727425826627-300x165.jpg 300w, https:\/\/www.hashtag.al\/wp-content\/uploads\/2024\/09\/Salianji-1-e1727425826627-1024x565.jpg 1024w, https:\/\/www.hashtag.al\/wp-content\/uploads\/2024\/09\/Salianji-1-e1727425826627-768x424.jpg 768w, https:\/\/www.hashtag.al\/wp-content\/uploads\/2024\/09\/Salianji-1-e1727425826627-750x415.jpg 750w, https:\/\/www.hashtag.al\/wp-content\/uploads\/2024\/09\/Salianji-1-e1727425826627.jpg 1280w\" sizes=\"auto, (max-width: 300px) 100vw, 300px\" \/><\/span><\/p>\n<p><span style=\"color: #000000;\">Gjykata e Lart\u00eb ka caktuar seanc\u00ebn gjyq\u00ebsore t\u00eb rekursit p\u00ebr Ervin Salianjin n\u00eb dat\u00ebn 11 mars 2025, n\u00eb or\u00ebn 10:00.<\/span><\/p>\n<p><span style=\"color: #000000;\">Ish-deputeti demokrat Salianji k\u00ebrkon pafaj\u00ebsin\u00eb nga Gjykata e Lart\u00eb, nd\u00ebrsa relator i \u00e7\u00ebshtjes s\u00eb tij \u00ebsht\u00eb caktuar gjyqtari Sokol Binaj.<\/span><\/p>\n<p><span style=\"color: #000000;\">Salianji u d\u00ebnua m\u00eb 18 dhjetor 2019 me 1 vit burg n\u00eb shkall\u00ebn e par\u00eb, nd\u00ebsa i akuzuari si bashk\u00ebpun\u00ebtor po p\u00ebr \u201ckall\u00ebzim t\u00eb rrem\u00eb\u201d, Jetmir Olldashi u d\u00ebnua me 6 muaj heqje lire, por q\u00eb u pezullua ekzekutimi i k\u00ebsaj mase dhe d\u00ebnimi u konvertua me 100 or\u00eb pune n\u00eb interes t\u00eb publikut.<\/span><\/p>\n<p><span style=\"color: #000000;\">Nd\u00ebrkoh\u00eb m\u00eb 26 shtator, Gjykata e Apelit vendosi l\u00ebnien n\u00eb fuqi t\u00eb d\u00ebnimit me 1 vit burg p\u00ebr vepr\u00ebn penale t\u00eb kall\u00ebzimit t\u00eb rrem\u00eb p\u00ebr deputetin e Partis\u00eb Demokratike, Ervin Salianji, nd\u00ebrsa ky i fundit e quajti procesin t\u00eb montuar dhe veten si t\u00eb d\u00ebnuar politik.<\/span><\/p>\n","protected":false,"gt_translate_keys":[{"key":"rendered","format":"html"}]},"excerpt":{"rendered":"<p>Gjykata e Lart\u00eb ka caktuar seanc\u00ebn gjyq\u00ebsore t\u00eb rekursit p\u00ebr Ervin Salianjin n\u00eb dat\u00ebn 11 mars 2025, n\u00eb or\u00ebn 10:00. Ish-deputeti demokrat Salianji k\u00ebrkon pafaj\u00ebsin\u00eb nga Gjykata e Lart\u00eb, nd\u00ebrsa relator i \u00e7\u00ebshtjes s\u00eb tij \u00ebsht\u00eb caktuar gjyqtari Sokol Binaj. Salianji u d\u00ebnua m\u00eb 18 dhjetor 2019 me 1 vit burg n\u00eb shkall\u00ebn e par\u00eb, [&hellip;]<\/p>\n","protected":false,"gt_translate_keys":[{"key":"rendered","format":"html"}]},"author":32,"featured_media":700772,"comment_status":"closed","ping_status":"open","sticky":false,"template":"","format":"standard","meta":{"footnotes":""},"categories":[65],"tags":[],"class_list":["post-722819","post","type-post","status-publish","format-standard","has-post-thumbnail","hentry","category-lajme"],"gt_translate_keys":[{"key":"link","format":"url"}],"_links":{"self":[{"href":"https:\/\/www.hashtag.al\/index.php\/wp-json\/wp\/v2\/posts\/722819","targetHints":{"allow":["GET"]}}],"collection":[{"href":"https:\/\/www.hashtag.al\/index.php\/wp-json\/wp\/v2\/posts"}],"about":[{"href":"https:\/\/www.hashtag.al\/index.php\/wp-json\/wp\/v2\/types\/post"}],"author":[{"embeddable":true,"href":"https:\/\/www.hashtag.al\/index.php\/wp-json\/wp\/v2\/users\/32"}],"replies":[{"embeddable":true,"href":"https:\/\/www.hashtag.al\/index.php\/wp-json\/wp\/v2\/comments?post=722819"}],"version-history":[{"count":99999,"href":"https:\/\/www.hashtag.al\/index.php\/wp-json\/wp\/v2\/posts\/722819\/revisions"}],"predecessor-version":[{"id":722820,"href":"https:\/\/www.hashtag.al\/index.php\/wp-json\/wp\/v2\/posts\/722819\/revisions\/722820"}],"wp:featuredmedia":[{"embeddable":true,"href":"https:\/\/www.hashtag.al\/index.php\/wp-json\/wp\/v2\/media\/700772"}],"wp:attachment":[{"href":"https:\/\/www.hashtag.al\/index.php\/wp-json\/wp\/v2\/media?parent=722819"}],"wp:term":[{"taxonomy":"category","embeddable":true,"href":"https:\/\/www.hashtag.al\/index.php\/wp-json\/wp\/v2\/categories?post=722819"},{"taxonomy":"post_tag","embeddable":true,"href":"https:\/\/www.hashtag.al\/index.php\/wp-json\/wp\/v2\/tags?post=722819"}],"curies":[{"name":"wp","href":"https:\/\/api.w.org\/{rel}","templated":true}]}}