{"id":722808,"date":"2025-02-04T14:31:51","date_gmt":"2025-02-04T13:31:51","guid":{"rendered":"https:\/\/www.hashtag.al\/?p=722808"},"modified":"2025-02-04T14:31:51","modified_gmt":"2025-02-04T13:31:51","slug":"berisha-publikon-foto-nga-takimet-me-zyrtaret-gjermane","status":"publish","type":"post","link":"https:\/\/www.hashtag.al\/index.php\/2025\/02\/04\/berisha-publikon-foto-nga-takimet-me-zyrtaret-gjermane\/","title":{"rendered":"Berisha publikon foto nga takimet me zyrtar\u00ebt gjerman\u00eb","gt_translate_keys":[{"key":"rendered","format":"text"}]},"content":{"rendered":"<p><span style=\"color: #000000;\"><img loading=\"lazy\" decoding=\"async\" class=\"alignnone size-medium wp-image-722809\" src=\"https:\/\/www.hashtag.al\/wp-content\/uploads\/2025\/02\/475801352_1332190528262046_8861873968403531757_n-768x512-1-300x200.jpg\" alt=\"\" width=\"300\" height=\"200\" srcset=\"https:\/\/www.hashtag.al\/wp-content\/uploads\/2025\/02\/475801352_1332190528262046_8861873968403531757_n-768x512-1-300x200.jpg 300w, https:\/\/www.hashtag.al\/wp-content\/uploads\/2025\/02\/475801352_1332190528262046_8861873968403531757_n-768x512-1.jpg 768w\" sizes=\"auto, (max-width: 300px) 100vw, 300px\" \/><\/span><\/p>\n<p><span style=\"color: #000000;\">Kreu i Partis\u00eb Demokratike, Sali Berisha, ka publikuar foto nga takimet e tij me zyrtar\u00eb evropian\u00eb gjat\u00eb pjes\u00ebmarrjes n\u00eb Kongresin e 37-t\u00eb t\u00eb CDU-s\u00eb n\u00eb Berlin.<\/span><\/p>\n<p><span style=\"color: #000000;\">Gjat\u00eb vizit\u00ebs, Berisha u takua me Kryeministrin e landit t\u00eb Renanis\u00eb Veriore-Vestfalis\u00eb, Hendrik W\u00fcst, ish-eurodeputetin Elmar Brok dhe deputetin e Bundestagut Gjerman, Volkmar Klein.<\/span><\/p>\n<p><span style=\"color: #000000;\">Gjithashtu, ai zhvilloi takime me ish-Presidentin e Ukrain\u00ebs, Petro Poroshenko, dhe Kryetarin e Bashkis\u00eb s\u00eb Berlinit, Kai Wegner.<\/span><\/p>\n<p><span style=\"color: #000000;\">Kjo sh\u00ebnon vizit\u00ebn e par\u00eb jasht\u00eb Shqip\u00ebris\u00eb p\u00ebr Berish\u00ebn q\u00eb nga heqja e mas\u00ebs s\u00eb siguris\u00eb \u201carrest n\u00eb sht\u00ebpi\u201d. P\u00ebr k\u00ebt\u00eb udh\u00ebtim, ai mori leje nga SPAK, pasi vijon t\u00eb jet\u00eb n\u00ebn hetim nga autoritetet shqiptare.<\/span><\/p>\n<p><iframe loading=\"lazy\" style=\"border: none; overflow: hidden;\" src=\"https:\/\/www.facebook.com\/plugins\/post.php?href=https%3A%2F%2Fwww.facebook.com%2FSaliBerisha%2Fposts%2Fpfbid02RtPYJb7JtdCcMsAW8HcuCWfv4X4DxvGcU1rskGzcQXoaYjf36ZGsPRMFAbYPA5bsl&amp;show_text=true&amp;width=500\" width=\"500\" height=\"481\" frameborder=\"0\" scrolling=\"no\" allowfullscreen=\"allowfullscreen\"><\/iframe><\/p>\n","protected":false,"gt_translate_keys":[{"key":"rendered","format":"html"}]},"excerpt":{"rendered":"<p>Kreu i Partis\u00eb Demokratike, Sali Berisha, ka publikuar foto nga takimet e tij me zyrtar\u00eb evropian\u00eb gjat\u00eb pjes\u00ebmarrjes n\u00eb Kongresin e 37-t\u00eb t\u00eb CDU-s\u00eb n\u00eb Berlin. Gjat\u00eb vizit\u00ebs, Berisha u takua me Kryeministrin e landit t\u00eb Renanis\u00eb Veriore-Vestfalis\u00eb, Hendrik W\u00fcst, ish-eurodeputetin Elmar Brok dhe deputetin e Bundestagut Gjerman, Volkmar Klein. Gjithashtu, ai zhvilloi takime me [&hellip;]<\/p>\n","protected":false,"gt_translate_keys":[{"key":"rendered","format":"html"}]},"author":32,"featured_media":722809,"comment_status":"closed","ping_status":"open","sticky":false,"template":"","format":"standard","meta":{"footnotes":""},"categories":[65],"tags":[],"class_list":["post-722808","post","type-post","status-publish","format-standard","has-post-thumbnail","hentry","category-lajme"],"gt_translate_keys":[{"key":"link","format":"url"}],"_links":{"self":[{"href":"https:\/\/www.hashtag.al\/index.php\/wp-json\/wp\/v2\/posts\/722808","targetHints":{"allow":["GET"]}}],"collection":[{"href":"https:\/\/www.hashtag.al\/index.php\/wp-json\/wp\/v2\/posts"}],"about":[{"href":"https:\/\/www.hashtag.al\/index.php\/wp-json\/wp\/v2\/types\/post"}],"author":[{"embeddable":true,"href":"https:\/\/www.hashtag.al\/index.php\/wp-json\/wp\/v2\/users\/32"}],"replies":[{"embeddable":true,"href":"https:\/\/www.hashtag.al\/index.php\/wp-json\/wp\/v2\/comments?post=722808"}],"version-history":[{"count":99999,"href":"https:\/\/www.hashtag.al\/index.php\/wp-json\/wp\/v2\/posts\/722808\/revisions"}],"predecessor-version":[{"id":722810,"href":"https:\/\/www.hashtag.al\/index.php\/wp-json\/wp\/v2\/posts\/722808\/revisions\/722810"}],"wp:featuredmedia":[{"embeddable":true,"href":"https:\/\/www.hashtag.al\/index.php\/wp-json\/wp\/v2\/media\/722809"}],"wp:attachment":[{"href":"https:\/\/www.hashtag.al\/index.php\/wp-json\/wp\/v2\/media?parent=722808"}],"wp:term":[{"taxonomy":"category","embeddable":true,"href":"https:\/\/www.hashtag.al\/index.php\/wp-json\/wp\/v2\/categories?post=722808"},{"taxonomy":"post_tag","embeddable":true,"href":"https:\/\/www.hashtag.al\/index.php\/wp-json\/wp\/v2\/tags?post=722808"}],"curies":[{"name":"wp","href":"https:\/\/api.w.org\/{rel}","templated":true}]}}