{"id":722775,"date":"2025-02-04T12:41:50","date_gmt":"2025-02-04T11:41:50","guid":{"rendered":"https:\/\/www.hashtag.al\/?p=722775"},"modified":"2025-02-04T13:05:01","modified_gmt":"2025-02-04T12:05:01","slug":"722775","status":"publish","type":"post","link":"https:\/\/www.hashtag.al\/index.php\/2025\/02\/04\/722775\/","title":{"rendered":"Hidhet nga kati i 5-t\u00eb i pallatit 28-vje\u00e7arja n\u00eb Elbasan","gt_translate_keys":[{"key":"rendered","format":"text"}]},"content":{"rendered":"<div class=\"firstP\">\n<p><span style=\"color: #000000;\"><img loading=\"lazy\" decoding=\"async\" class=\"aligncenter size-full wp-image-722037\" src=\"https:\/\/www.hashtag.al\/wp-content\/uploads\/2025\/01\/policia-diten-579x350-1.jpg\" alt=\"\" width=\"579\" height=\"350\" srcset=\"https:\/\/www.hashtag.al\/wp-content\/uploads\/2025\/01\/policia-diten-579x350-1.jpg 579w, https:\/\/www.hashtag.al\/wp-content\/uploads\/2025\/01\/policia-diten-579x350-1-300x181.jpg 300w\" sizes=\"auto, (max-width: 579px) 100vw, 579px\" \/><\/span><\/p>\n<p><span style=\"color: #000000;\">Nj\u00eb ngjarje tragjike ka ndodhur paraditen e sotme n\u00eb Elbasan, ku nj\u00eb grua ka humbur jet\u00ebn pasi dyshohet se \u00ebsht\u00eb hedhur nga kati i pest\u00eb i nj\u00eb pallati. <\/span><\/p>\n<p><span style=\"color: #000000;\">Viktima, e identifikuar si K.Z., rreth 28 vje\u00e7e, ishte infermiere pran\u00eb repartit t\u00eb neurologjis\u00eb n\u00eb spitalin rajonal t\u00eb Elbasanit dhe n\u00ebn\u00eb e nj\u00eb f\u00ebmije 2 vje\u00e7.<\/span><\/p>\n<p><span style=\"color: #000000;\"><strong>Elbasan\/Informacion paraprak<\/strong><\/span><\/p>\n<\/div>\n<p><span style=\"color: #000000;\">Rreth or\u00ebs 11:30, n\u00eb lagjen \u201cVisarjon Xhuvani\u201d, shtetasja K. Z., rreth 28 vje\u00e7e, dyshohet se si pasoj\u00eb e depresionit \u00ebsht\u00eb vet\u00ebhedhur nga ballkoni i katit t\u00eb pest\u00eb t\u00eb pallatit ku banon dhe p\u00ebr pasoj\u00eb ka humbur jet\u00ebn.<\/span><\/p>\n<p><span style=\"color: #000000;\">Grupi hetimor ndodhet n\u00eb vendngjarje dhe vijon pun\u00ebn p\u00ebr zbardhjen e rrethanave t\u00eb rastit.<\/span><\/p>\n","protected":false,"gt_translate_keys":[{"key":"rendered","format":"html"}]},"excerpt":{"rendered":"<p>Nj\u00eb ngjarje tragjike ka ndodhur paraditen e sotme n\u00eb Elbasan, ku nj\u00eb grua ka humbur jet\u00ebn pasi dyshohet se \u00ebsht\u00eb hedhur nga kati i pest\u00eb i nj\u00eb pallati. Viktima, e identifikuar si K.Z., rreth 28 vje\u00e7e, ishte infermiere pran\u00eb repartit t\u00eb neurologjis\u00eb n\u00eb spitalin rajonal t\u00eb Elbasanit dhe n\u00ebn\u00eb e nj\u00eb f\u00ebmije 2 vje\u00e7. Elbasan\/Informacion [&hellip;]<\/p>\n","protected":false,"gt_translate_keys":[{"key":"rendered","format":"html"}]},"author":49,"featured_media":722037,"comment_status":"closed","ping_status":"open","sticky":false,"template":"","format":"standard","meta":{"footnotes":""},"categories":[65],"tags":[],"class_list":["post-722775","post","type-post","status-publish","format-standard","has-post-thumbnail","hentry","category-lajme"],"gt_translate_keys":[{"key":"link","format":"url"}],"_links":{"self":[{"href":"https:\/\/www.hashtag.al\/index.php\/wp-json\/wp\/v2\/posts\/722775","targetHints":{"allow":["GET"]}}],"collection":[{"href":"https:\/\/www.hashtag.al\/index.php\/wp-json\/wp\/v2\/posts"}],"about":[{"href":"https:\/\/www.hashtag.al\/index.php\/wp-json\/wp\/v2\/types\/post"}],"author":[{"embeddable":true,"href":"https:\/\/www.hashtag.al\/index.php\/wp-json\/wp\/v2\/users\/49"}],"replies":[{"embeddable":true,"href":"https:\/\/www.hashtag.al\/index.php\/wp-json\/wp\/v2\/comments?post=722775"}],"version-history":[{"count":99999,"href":"https:\/\/www.hashtag.al\/index.php\/wp-json\/wp\/v2\/posts\/722775\/revisions"}],"predecessor-version":[{"id":722777,"href":"https:\/\/www.hashtag.al\/index.php\/wp-json\/wp\/v2\/posts\/722775\/revisions\/722777"}],"wp:featuredmedia":[{"embeddable":true,"href":"https:\/\/www.hashtag.al\/index.php\/wp-json\/wp\/v2\/media\/722037"}],"wp:attachment":[{"href":"https:\/\/www.hashtag.al\/index.php\/wp-json\/wp\/v2\/media?parent=722775"}],"wp:term":[{"taxonomy":"category","embeddable":true,"href":"https:\/\/www.hashtag.al\/index.php\/wp-json\/wp\/v2\/categories?post=722775"},{"taxonomy":"post_tag","embeddable":true,"href":"https:\/\/www.hashtag.al\/index.php\/wp-json\/wp\/v2\/tags?post=722775"}],"curies":[{"name":"wp","href":"https:\/\/api.w.org\/{rel}","templated":true}]}}