{"id":722715,"date":"2025-02-04T09:58:32","date_gmt":"2025-02-04T08:58:32","guid":{"rendered":"https:\/\/www.hashtag.al\/?p=722715"},"modified":"2025-02-04T10:01:00","modified_gmt":"2025-02-04T09:01:00","slug":"perfundon-evidentimi-i-objekteve-te-prekura-nga-permbytjet-ne-durres-476-banesa-do-te-demshperblehen","status":"publish","type":"post","link":"https:\/\/www.hashtag.al\/index.php\/2025\/02\/04\/perfundon-evidentimi-i-objekteve-te-prekura-nga-permbytjet-ne-durres-476-banesa-do-te-demshperblehen\/","title":{"rendered":"P\u00ebrmbytjet n\u00eb Durr\u00ebs, 476 banesa do d\u00ebmshp\u00ebrblehen","gt_translate_keys":[{"key":"rendered","format":"text"}]},"content":{"rendered":"<p><img loading=\"lazy\" decoding=\"async\" class=\"aligncenter size-full wp-image-721733\" src=\"https:\/\/www.hashtag.al\/wp-content\/uploads\/2025\/01\/durres.jpg\" alt=\"\" width=\"770\" height=\"439\" srcset=\"https:\/\/www.hashtag.al\/wp-content\/uploads\/2025\/01\/durres.jpg 770w, https:\/\/www.hashtag.al\/wp-content\/uploads\/2025\/01\/durres-300x171.jpg 300w, https:\/\/www.hashtag.al\/wp-content\/uploads\/2025\/01\/durres-768x438.jpg 768w\" sizes=\"auto, (max-width: 770px) 100vw, 770px\" \/><\/p>\n<p><span style=\"color: #000000;\">Kryebashkiakja e Durr\u00ebsit, Emiriana Sako, ka njoftuar se ka p\u00ebrfunduar procesi i evidentimit t\u00eb d\u00ebmeve n\u00eb 476 banesa t\u00eb prekura nga p\u00ebrmbytjet e fundit. <\/span><\/p>\n<p><span style=\"color: #000000;\">Ajo theksoi se, pas p\u00ebrfundimit t\u00eb procesit t\u00eb vler\u00ebsimit t\u00eb d\u00ebmeve, pronar\u00ebt e k\u00ebtyre banesave do t\u00eb d\u00ebmshp\u00ebrblehen p\u00ebrkat\u00ebsisht. Sako siguroi qytetar\u00ebt se Bashkia e Durr\u00ebsit \u00ebsht\u00eb e angazhuar dhe e gatshme t\u00eb mb\u00ebshtes\u00eb familjet e d\u00ebmtuara.<\/span><\/p>\n<p><span style=\"color: #000000;\"><em>\u201cKa p\u00ebrfunduar brenda nj\u00eb kohe shum\u00eb t\u00eb shkurt\u00ebr procesi i evidentimit t\u00eb d\u00ebmeve n\u00eb 476 banesa gjithsej. Pasi t\u00eb kryhet edhe procesi i vler\u00ebsimit, t\u00eb gjitha familjet e d\u00ebmtuara do t\u00eb marrin d\u00ebmshp\u00ebrblimet p\u00ebrkat\u00ebse. Jemi n\u00eb \u00e7do moment n\u00eb sh\u00ebrbim t\u00eb qytetar\u00ebve t\u00eb Durr\u00ebsit\u201d<\/em>, tha kryebashkiakja Sako.<\/span><\/p>\n","protected":false,"gt_translate_keys":[{"key":"rendered","format":"html"}]},"excerpt":{"rendered":"<p>Kryebashkiakja e Durr\u00ebsit, Emiriana Sako, ka njoftuar se ka p\u00ebrfunduar procesi i evidentimit t\u00eb d\u00ebmeve n\u00eb 476 banesa t\u00eb prekura nga p\u00ebrmbytjet e fundit. Ajo theksoi se, pas p\u00ebrfundimit t\u00eb procesit t\u00eb vler\u00ebsimit t\u00eb d\u00ebmeve, pronar\u00ebt e k\u00ebtyre banesave do t\u00eb d\u00ebmshp\u00ebrblehen p\u00ebrkat\u00ebsisht. Sako siguroi qytetar\u00ebt se Bashkia e Durr\u00ebsit \u00ebsht\u00eb e angazhuar dhe e [&hellip;]<\/p>\n","protected":false,"gt_translate_keys":[{"key":"rendered","format":"html"}]},"author":49,"featured_media":721733,"comment_status":"closed","ping_status":"open","sticky":false,"template":"","format":"standard","meta":{"footnotes":""},"categories":[65],"tags":[],"class_list":["post-722715","post","type-post","status-publish","format-standard","has-post-thumbnail","hentry","category-lajme"],"gt_translate_keys":[{"key":"link","format":"url"}],"_links":{"self":[{"href":"https:\/\/www.hashtag.al\/index.php\/wp-json\/wp\/v2\/posts\/722715","targetHints":{"allow":["GET"]}}],"collection":[{"href":"https:\/\/www.hashtag.al\/index.php\/wp-json\/wp\/v2\/posts"}],"about":[{"href":"https:\/\/www.hashtag.al\/index.php\/wp-json\/wp\/v2\/types\/post"}],"author":[{"embeddable":true,"href":"https:\/\/www.hashtag.al\/index.php\/wp-json\/wp\/v2\/users\/49"}],"replies":[{"embeddable":true,"href":"https:\/\/www.hashtag.al\/index.php\/wp-json\/wp\/v2\/comments?post=722715"}],"version-history":[{"count":99999,"href":"https:\/\/www.hashtag.al\/index.php\/wp-json\/wp\/v2\/posts\/722715\/revisions"}],"predecessor-version":[{"id":722723,"href":"https:\/\/www.hashtag.al\/index.php\/wp-json\/wp\/v2\/posts\/722715\/revisions\/722723"}],"wp:featuredmedia":[{"embeddable":true,"href":"https:\/\/www.hashtag.al\/index.php\/wp-json\/wp\/v2\/media\/721733"}],"wp:attachment":[{"href":"https:\/\/www.hashtag.al\/index.php\/wp-json\/wp\/v2\/media?parent=722715"}],"wp:term":[{"taxonomy":"category","embeddable":true,"href":"https:\/\/www.hashtag.al\/index.php\/wp-json\/wp\/v2\/categories?post=722715"},{"taxonomy":"post_tag","embeddable":true,"href":"https:\/\/www.hashtag.al\/index.php\/wp-json\/wp\/v2\/tags?post=722715"}],"curies":[{"name":"wp","href":"https:\/\/api.w.org\/{rel}","templated":true}]}}