{"id":722146,"date":"2025-01-31T18:32:40","date_gmt":"2025-01-31T17:32:40","guid":{"rendered":"https:\/\/www.hashtag.al\/?p=722146"},"modified":"2025-01-31T18:32:40","modified_gmt":"2025-01-31T17:32:40","slug":"platforma-globale-plug-and-play-hap-dyert-ne-tirane-veliaj-regjistroni-falas-femijet-nga-mosha-12-18-vjec","status":"publish","type":"post","link":"https:\/\/www.hashtag.al\/index.php\/2025\/01\/31\/platforma-globale-plug-and-play-hap-dyert-ne-tirane-veliaj-regjistroni-falas-femijet-nga-mosha-12-18-vjec\/","title":{"rendered":"Platforma globale \u201cPlug and Play\u201d hap dyert n\u00eb Tiran\u00eb, Veliaj: Regjistroni falas f\u00ebmij\u00ebt nga mosha 12-18 vje\u00e7","gt_translate_keys":[{"key":"rendered","format":"text"}]},"content":{"rendered":"<p><span style=\"color: #000000;\"><img loading=\"lazy\" decoding=\"async\" class=\"alignnone size-medium wp-image-722147\" src=\"https:\/\/www.hashtag.al\/wp-content\/uploads\/2025\/01\/veliaj-7-768x512-1-300x200.jpg\" alt=\"\" width=\"300\" height=\"200\" srcset=\"https:\/\/www.hashtag.al\/wp-content\/uploads\/2025\/01\/veliaj-7-768x512-1-300x200.jpg 300w, https:\/\/www.hashtag.al\/wp-content\/uploads\/2025\/01\/veliaj-7-768x512-1.jpg 768w\" sizes=\"auto, (max-width: 300px) 100vw, 300px\" \/><\/span><\/p>\n<p><span style=\"color: #000000;\">\u00a0\u201cPlug and Play Tirana\u201d ka \u00e7elur sot dyert n\u00eb ambientet e Piramid\u00ebs. Pas projekteve t\u00eb ngjashme n\u00eb kryeqytet, t\u00eb tilla si Ecole 42, Micro-Folie apo qendra \u201cTumo\u201d, kjo nism\u00eb vjen edhe n\u00eb kryeqytetin shqiptar, i cili po kthehet n\u00eb qendr\u00ebn rajonale t\u00eb k\u00ebtyre sip\u00ebrmarrjeve.<\/span><\/p>\n<p><span style=\"color: #000000;\">Bashk\u00eb me kryeministrin Edi Rama, i pranish\u00ebm n\u00eb k\u00ebt\u00eb event, ishte edhe kreu i Bashkis\u00eb s\u00eb Tiran\u00ebs, Erion Veliaj, i cili e cil\u00ebsoi \u201cPlug and Play\u201d, si nj\u00eb stacion tjet\u00ebr q\u00eb do t\u00eb sjell\u00eb m\u00eb pran\u00eb t\u00eb rinjve shqiptar\u00eb, k\u00ebto sh\u00ebrbime inovative. Ai n\u00ebnvizoi faktin se Bashkia e Tiran\u00ebs do jet\u00eb donatori kryesor i k\u00ebtij projekti.<\/span><\/p>\n<p><span style=\"color: #000000;\"><em>\u00a0\u201cDua t\u00eb fal\u00ebnderoj shum\u00eb ambasad\u00ebn e Franc\u00ebs dhe gjith\u00eb koleg\u00ebt n\u00eb Paris. Qershia mbi tort\u00eb sot \u00ebsht\u00eb \u201cPlug and Play\u201d. Bashkia e Tiran\u00ebs do t\u00eb financoj\u00eb 1.8 milion\u00eb euro p\u00ebr \u201cPlug and Play\u201d, t\u00eb tjer\u00ebt do jen\u00eb nga fusha e qeverisjes, ministri t\u00eb ndryshme q\u00eb do bashk\u00ebpunojn\u00eb, do t\u00eb ket\u00eb disa aleat\u00eb t\u00eb tjer\u00eb nga fusha e biznesit, por m\u00eb vjen mir\u00eb q\u00eb jemi donatori kryesor. Bashk\u00eb me AADF ka qen\u00eb nj\u00eb projekt q\u00eb e kemi inkubuar n\u00eb Bashkin\u00eb e Tiran\u00ebs, prej kaq vitesh. M\u00eb n\u00eb fund ia kemi dal\u00eb\u201d,<\/em> tha Veliaj.<\/span><\/p>\n<p><span style=\"color: #000000;\">Kryebashkiaku theksoi se kryeqyteti shqiptar \u00ebsht\u00eb duke p\u00ebrjetuar nj\u00eb transformim t\u00eb duksh\u00ebm n\u00eb fush\u00ebn e inovacionit, n\u00eb sektor\u00eb t\u00eb ndrysh\u00ebm t\u00eb teknologjis\u00eb e turiz\u00ebm.<\/span><\/p>\n<p><span style=\"color: #000000;\">Ai ftoi t\u00eb rinjt\u00eb e kryeqytetit dhe jo vet\u00ebm, q\u00eb t\u00eb shfryt\u00ebzojn\u00eb k\u00ebto hap\u00ebsira, q\u00eb ofrojn\u00eb nj\u00eb baz\u00eb t\u00eb fort\u00eb talentesh p\u00ebr komunitetin e inovacionit dhe sip\u00ebrmarrjes.<\/span><\/p>\n<p><span style=\"color: #000000;\"><em>\u201cTirana ka 25% t\u00eb output-it t\u00eb vet\u00eb ekonomik pun\u00eb digjitale dhe 25% turiz\u00ebm. Kjo ishte e pa menduar 10 vite m\u00eb p\u00ebrpara. Ndaj, m\u00eb vjen mir\u00eb q\u00eb e kemi k\u00ebt\u00eb mund\u00ebsi, po kemi vend, kemi ende kapacitet p\u00ebr t\u00eb rinjt\u00eb, sidomos nga zonat rurale: Kamza \u00ebsht\u00eb vet\u00ebm nga ana tjet\u00ebr e Lumit, Elbasani vet\u00ebm 25 minuta larg. Ftesa p\u00ebr t\u00eb gjith\u00eb \u00ebsht\u00eb: p\u00ebr f\u00ebmij\u00ebt e mosh\u00ebs 12 deri 18, \u00ebsht\u00eb falas, ju lutem regjistrohuni. Kemi vende p\u00ebr k\u00ebt\u00eb semest\u00ebr t\u00eb ri q\u00eb ka filluar, do vazhdoj\u00eb pun\u00ebn edhe gjith\u00eb ver\u00ebn\u201d,<\/em> tha ai.<\/span><\/p>\n<p><span style=\"color: #000000;\">Veliaj u shpreh krenar p\u00ebr faktin se \u201cPlug and Play\u201d do t\u00eb jet\u00eb pjes\u00eb e ekosistemit dhe komunitetit, q\u00eb g\u00eblon tashm\u00eb n\u00eb ambientet e Piramid\u00ebs. Ai theksoi se Tirana do t\u00eb mikpres\u00eb nj\u00eb s\u00ebr\u00eb eventesh, si d\u00ebshmi e progresit dhe realitetit t\u00eb ri q\u00eb po p\u00ebrjeton kryeqyteti shqiptar.<\/span><\/p>\n<p><span style=\"color: #000000;\"><em>\u201cK\u00ebt\u00eb vit Tirana \u00ebsht\u00eb Kryeqyteti Mesdhetar i Kultur\u00ebs dhe Dialogut. Ky vit ka nisur vrullsh\u00ebm p\u00ebr Tiran\u00ebn. Jav\u00ebn tjet\u00ebr, t\u00eb gjith\u00eb kryetar\u00ebt e bashkive t\u00eb Evrop\u00ebs Qendrore e Lindore do t\u00eb jen\u00eb n\u00eb Tiran\u00eb, p\u00ebr at\u00eb q\u00eb quhet \u201cPakti i Qyteteve t\u00eb Lira\u201d; jav\u00ebn m\u00eb pas, do lan\u00e7ojm\u00eb Tiran\u00ebn si Kryeqyteti Mesdhetar i Kultur\u00ebs dhe Dialogut. Me iniciativ\u00ebn e Kryeministrit dhe me nj\u00eb super marketing, q\u00eb i \u00ebsht\u00eb b\u00ebr\u00eb Tiran\u00ebs, \u201cGiro d\u2019Italia\u201d do t\u00eb jet\u00eb k\u00ebtu n\u00eb fillim t\u00eb majit. N\u00eb mes t\u00eb majit do t\u00eb jet\u00eb Komuniteti Evropian Politik q\u00eb jan\u00eb vende t\u00eb BE, aspirant\u00ebt, plus edhe vendet e tjera t\u00eb kontinentit ton\u00eb. Nuk mund t\u00eb kishte nj\u00eb vend m\u00eb ideal se Tirana p\u00ebr t\u00eb pasur \u201cPlug and Play\u201d. M\u00eb vjen mir\u00eb q\u00eb nga t\u00eb fundit, dol\u00ebm t\u00eb par\u00ebt. Kjo \u00ebsht\u00eb nj\u00eb prov\u00eb se gjith\u00e7ka mund t\u00eb ndryshoj\u00eb. Mund t\u00eb ndryshoj\u00eb nj\u00eb shtet, nj\u00eb qytet, nj\u00eb realitet, nj\u00eb ekonomi e nj\u00eb shoq\u00ebri. Ju faleminderit q\u00eb jeni pjes\u00eb e k\u00ebtij ndryshimi<\/em>\u201d, p\u00ebrfundoi kryebashkiaku.<\/span><\/p>\n","protected":false,"gt_translate_keys":[{"key":"rendered","format":"html"}]},"excerpt":{"rendered":"<p>\u00a0\u201cPlug and Play Tirana\u201d ka \u00e7elur sot dyert n\u00eb ambientet e Piramid\u00ebs. Pas projekteve t\u00eb ngjashme n\u00eb kryeqytet, t\u00eb tilla si Ecole 42, Micro-Folie apo qendra \u201cTumo\u201d, kjo nism\u00eb vjen edhe n\u00eb kryeqytetin shqiptar, i cili po kthehet n\u00eb qendr\u00ebn rajonale t\u00eb k\u00ebtyre sip\u00ebrmarrjeve. Bashk\u00eb me kryeministrin Edi Rama, i pranish\u00ebm n\u00eb k\u00ebt\u00eb event, ishte [&hellip;]<\/p>\n","protected":false,"gt_translate_keys":[{"key":"rendered","format":"html"}]},"author":32,"featured_media":722147,"comment_status":"closed","ping_status":"open","sticky":false,"template":"","format":"standard","meta":{"footnotes":""},"categories":[65],"tags":[],"class_list":["post-722146","post","type-post","status-publish","format-standard","has-post-thumbnail","hentry","category-lajme"],"gt_translate_keys":[{"key":"link","format":"url"}],"_links":{"self":[{"href":"https:\/\/www.hashtag.al\/index.php\/wp-json\/wp\/v2\/posts\/722146","targetHints":{"allow":["GET"]}}],"collection":[{"href":"https:\/\/www.hashtag.al\/index.php\/wp-json\/wp\/v2\/posts"}],"about":[{"href":"https:\/\/www.hashtag.al\/index.php\/wp-json\/wp\/v2\/types\/post"}],"author":[{"embeddable":true,"href":"https:\/\/www.hashtag.al\/index.php\/wp-json\/wp\/v2\/users\/32"}],"replies":[{"embeddable":true,"href":"https:\/\/www.hashtag.al\/index.php\/wp-json\/wp\/v2\/comments?post=722146"}],"version-history":[{"count":99999,"href":"https:\/\/www.hashtag.al\/index.php\/wp-json\/wp\/v2\/posts\/722146\/revisions"}],"predecessor-version":[{"id":722149,"href":"https:\/\/www.hashtag.al\/index.php\/wp-json\/wp\/v2\/posts\/722146\/revisions\/722149"}],"wp:featuredmedia":[{"embeddable":true,"href":"https:\/\/www.hashtag.al\/index.php\/wp-json\/wp\/v2\/media\/722147"}],"wp:attachment":[{"href":"https:\/\/www.hashtag.al\/index.php\/wp-json\/wp\/v2\/media?parent=722146"}],"wp:term":[{"taxonomy":"category","embeddable":true,"href":"https:\/\/www.hashtag.al\/index.php\/wp-json\/wp\/v2\/categories?post=722146"},{"taxonomy":"post_tag","embeddable":true,"href":"https:\/\/www.hashtag.al\/index.php\/wp-json\/wp\/v2\/tags?post=722146"}],"curies":[{"name":"wp","href":"https:\/\/api.w.org\/{rel}","templated":true}]}}