{"id":721916,"date":"2025-01-30T14:46:21","date_gmt":"2025-01-30T13:46:21","guid":{"rendered":"https:\/\/www.hashtag.al\/?p=721916"},"modified":"2025-01-30T14:46:21","modified_gmt":"2025-01-30T13:46:21","slug":"berisha-fton-qytetaret-ne-proteste-ne-8-shkurt-ora-17-00-te-gjithe-ne-tirane","status":"publish","type":"post","link":"https:\/\/www.hashtag.al\/index.php\/2025\/01\/30\/berisha-fton-qytetaret-ne-proteste-ne-8-shkurt-ora-17-00-te-gjithe-ne-tirane\/","title":{"rendered":"Berisha fton qytetar\u00ebt n\u00eb protest\u00eb: N\u00eb 8 shkurt ora 17.00, t\u00eb gjith\u00eb n\u00eb Tiran\u00eb","gt_translate_keys":[{"key":"rendered","format":"text"}]},"content":{"rendered":"<p><span style=\"color: #000000;\"><img loading=\"lazy\" decoding=\"async\" class=\"alignnone size-medium wp-image-721917\" src=\"https:\/\/www.hashtag.al\/wp-content\/uploads\/2025\/01\/protesta-e-opozites-pd-300x169.jpg\" alt=\"\" width=\"300\" height=\"169\" srcset=\"https:\/\/www.hashtag.al\/wp-content\/uploads\/2025\/01\/protesta-e-opozites-pd-300x169.jpg 300w, https:\/\/www.hashtag.al\/wp-content\/uploads\/2025\/01\/protesta-e-opozites-pd.jpg 640w\" sizes=\"auto, (max-width: 300px) 100vw, 300px\" \/><\/span><\/p>\n<p><span style=\"color: #000000;\">Kryetari i Partis\u00eb Demokratike Sali Berisha, ka b\u00ebr\u00eb thirrje shqiptar\u00ebve q\u00eb t\u00eb protestojn\u00eb m\u00eb 8 Shkurt.<\/span><\/p>\n<p><span style=\"color: #000000;\">Me an\u00eb t\u00eb nj\u00eb postimi n\u00eb rrjetet sociale iuBerisha shprehet se n\u00eb dat\u00eb 8 shkurt, ora 17:00, t\u00eb gjith\u00eb duhet t\u00eb jen\u00eb n\u00eb kryeqytet p\u00ebr t\u00eb protestuar.<\/span><\/p>\n<p><span style=\"color: #000000;\">Kreu i demokrat\u00ebve kujton akuz\u00ebn e ish zv kryeministrit Arben Ahmetaj n\u00eb drejtim t\u00eb kryeministrit Rama, se ky i fundit ka pir\u00eb nj\u00eb ver\u00eb q\u00eb kushton mbi 33 mij\u00eb euro.<\/span><\/p>\n<p><span style=\"color: #000000;\"><em>\u201cP\u00ebrgjigja jon\u00eb m\u00eb 8 shkurt, ora 17:00, t\u00eb gjith\u00eb n\u00eb Tiran\u00eb!\u201d,<\/em> shkruan Berisha.<\/span><\/p>\n<p><iframe loading=\"lazy\" style=\"border: none; overflow: hidden;\" src=\"https:\/\/www.facebook.com\/plugins\/post.php?href=https%3A%2F%2Fwww.facebook.com%2FSaliBerisha%2Fposts%2Fpfbid0avVBomWCh3NK334gA3w39Jw8bwJsZ4jqZSUdagToTKyGDFjwAatMCWHF4NpkGy2nl&amp;show_text=true&amp;width=500\" width=\"500\" height=\"590\" frameborder=\"0\" scrolling=\"no\" allowfullscreen=\"allowfullscreen\"><\/iframe><span style=\"color: #000000;\">\u00a0<\/span><\/p>\n","protected":false,"gt_translate_keys":[{"key":"rendered","format":"html"}]},"excerpt":{"rendered":"<p>Kryetari i Partis\u00eb Demokratike Sali Berisha, ka b\u00ebr\u00eb thirrje shqiptar\u00ebve q\u00eb t\u00eb protestojn\u00eb m\u00eb 8 Shkurt. Me an\u00eb t\u00eb nj\u00eb postimi n\u00eb rrjetet sociale iuBerisha shprehet se n\u00eb dat\u00eb 8 shkurt, ora 17:00, t\u00eb gjith\u00eb duhet t\u00eb jen\u00eb n\u00eb kryeqytet p\u00ebr t\u00eb protestuar. Kreu i demokrat\u00ebve kujton akuz\u00ebn e ish zv kryeministrit Arben Ahmetaj n\u00eb [&hellip;]<\/p>\n","protected":false,"gt_translate_keys":[{"key":"rendered","format":"html"}]},"author":32,"featured_media":721917,"comment_status":"closed","ping_status":"open","sticky":false,"template":"","format":"standard","meta":{"footnotes":""},"categories":[65],"tags":[],"class_list":["post-721916","post","type-post","status-publish","format-standard","has-post-thumbnail","hentry","category-lajme"],"gt_translate_keys":[{"key":"link","format":"url"}],"_links":{"self":[{"href":"https:\/\/www.hashtag.al\/index.php\/wp-json\/wp\/v2\/posts\/721916","targetHints":{"allow":["GET"]}}],"collection":[{"href":"https:\/\/www.hashtag.al\/index.php\/wp-json\/wp\/v2\/posts"}],"about":[{"href":"https:\/\/www.hashtag.al\/index.php\/wp-json\/wp\/v2\/types\/post"}],"author":[{"embeddable":true,"href":"https:\/\/www.hashtag.al\/index.php\/wp-json\/wp\/v2\/users\/32"}],"replies":[{"embeddable":true,"href":"https:\/\/www.hashtag.al\/index.php\/wp-json\/wp\/v2\/comments?post=721916"}],"version-history":[{"count":99999,"href":"https:\/\/www.hashtag.al\/index.php\/wp-json\/wp\/v2\/posts\/721916\/revisions"}],"predecessor-version":[{"id":721919,"href":"https:\/\/www.hashtag.al\/index.php\/wp-json\/wp\/v2\/posts\/721916\/revisions\/721919"}],"wp:featuredmedia":[{"embeddable":true,"href":"https:\/\/www.hashtag.al\/index.php\/wp-json\/wp\/v2\/media\/721917"}],"wp:attachment":[{"href":"https:\/\/www.hashtag.al\/index.php\/wp-json\/wp\/v2\/media?parent=721916"}],"wp:term":[{"taxonomy":"category","embeddable":true,"href":"https:\/\/www.hashtag.al\/index.php\/wp-json\/wp\/v2\/categories?post=721916"},{"taxonomy":"post_tag","embeddable":true,"href":"https:\/\/www.hashtag.al\/index.php\/wp-json\/wp\/v2\/tags?post=721916"}],"curies":[{"name":"wp","href":"https:\/\/api.w.org\/{rel}","templated":true}]}}