{"id":721841,"date":"2025-01-30T11:22:45","date_gmt":"2025-01-30T10:22:45","guid":{"rendered":"https:\/\/www.hashtag.al\/?p=721841"},"modified":"2025-01-30T11:22:45","modified_gmt":"2025-01-30T10:22:45","slug":"shqiperia-ndryshon-ligjin-mbi-te-drejten-e-veteidentifikimit-grek-te-minoritetit-kathimerini","status":"publish","type":"post","link":"https:\/\/www.hashtag.al\/index.php\/2025\/01\/30\/shqiperia-ndryshon-ligjin-mbi-te-drejten-e-veteidentifikimit-grek-te-minoritetit-kathimerini\/","title":{"rendered":"Shqip\u00ebria ndryshon ligjin mbi t\u00eb drejt\u00ebn e vet\u00ebidentifikimit grek t\u00eb minoritetit &#8211; Kathimerini","gt_translate_keys":[{"key":"rendered","format":"text"}]},"content":{"rendered":"<p><img loading=\"lazy\" decoding=\"async\" class=\"aligncenter size-full wp-image-721843\" src=\"https:\/\/www.hashtag.al\/wp-content\/uploads\/2025\/01\/Rama-Mitsotakis.png\" alt=\"\" width=\"1200\" height=\"837\" srcset=\"https:\/\/www.hashtag.al\/wp-content\/uploads\/2025\/01\/Rama-Mitsotakis.png 1200w, https:\/\/www.hashtag.al\/wp-content\/uploads\/2025\/01\/Rama-Mitsotakis-300x209.png 300w, https:\/\/www.hashtag.al\/wp-content\/uploads\/2025\/01\/Rama-Mitsotakis-1024x714.png 1024w, https:\/\/www.hashtag.al\/wp-content\/uploads\/2025\/01\/Rama-Mitsotakis-768x536.png 768w, https:\/\/www.hashtag.al\/wp-content\/uploads\/2025\/01\/Rama-Mitsotakis-360x252.png 360w\" sizes=\"auto, (max-width: 1200px) 100vw, 1200px\" \/><\/p>\n<p><span style=\"color: #000000;\">Media greke Kathimerini e quan l\u00ebvizje historike nga Shqip\u00ebria miratimin e fudit t\u00eb ligjeve q\u00eb institucionalizojn\u00eb t\u00eb drejtat e vet\u00ebidentifikimit p\u00ebr pakic\u00ebn greke. Ajo thekson se hapi i fundit ka \u00e7elur rrug\u00ebn p\u00ebr forcimin e lidhjeve t\u00eb Shqip\u00ebris\u00eb me Greqin\u00eb dhe zgjidhjen e mundshme t\u00eb mosmarr\u00ebveshjeve t\u00eb gjata, duke p\u00ebrfshir\u00eb pretendimet p\u00ebr pron\u00ebn.<\/span><\/p>\n<p><span style=\"color: #000000;\">Miratimi i fundit i ligjeve p\u00ebrmbarimore nga viti 2017 siguron q\u00eb grek\u00ebt etnik\u00eb, pavar\u00ebsisht nga vendbanimi, mund t\u00eb deklarojn\u00eb lirisht identitetin e tyre etnik. P\u00ebr her\u00eb t\u00eb par\u00eb, p\u00ebr vet\u00ebidentifikimin nuk k\u00ebrkohet dokumentacion zyrtar dhe duhet t\u00eb njihet brenda 30 dit\u00ebve, duke ulur ndjesh\u00ebm barrierat burokratike.<\/span><\/p>\n<p><span style=\"color: #000000;\">K\u00ebto zhvillime vijn\u00eb n\u00eb mes t\u00eb negociatave t\u00eb an\u00ebtar\u00ebsimit t\u00eb Shqip\u00ebris\u00eb n\u00eb BE, me Athin\u00ebn dhe Brukselin q\u00eb luajn\u00eb role vendimtare. Greqia, e cila kishte shprehur m\u00eb par\u00eb shqet\u00ebsime p\u00ebr shkeljet e t\u00eb drejtave, t\u00ebrhoqi kund\u00ebrshtimet e saj ndaj p\u00ebrparimit t\u00eb Shqip\u00ebris\u00eb n\u00eb BE, duke p\u00ebrmendur masat e p\u00ebrmir\u00ebsuara.<\/span><\/p>\n<p><span style=\"color: #000000;\">N\u00eb diskutimet, t\u00eb mbajtura kryesisht n\u00eb Bruksel, mor\u00ebn pjes\u00eb zyrtar\u00eb t\u00eb lart\u00eb grek\u00eb dhe shqiptar\u00eb, duke p\u00ebrfshir\u00eb k\u00ebshilltar\u00eb t\u00eb af\u00ebrt t\u00eb kryeministrit shqiptar Edi Rama. Draftet bashk\u00ebpunuese trajtuan masa shtes\u00eb si t\u00eb drejtat gjuh\u00ebsore t\u00eb pakic\u00ebs, duke e zgjeruar shtrirjen e tyre n\u00eb rajone me prani historike greke.<\/span><\/p>\n<p><img loading=\"lazy\" decoding=\"async\" class=\"aligncenter size-full wp-image-721842\" src=\"https:\/\/www.hashtag.al\/wp-content\/uploads\/2025\/01\/himare_AP-960x600-1.webp\" alt=\"\" width=\"960\" height=\"600\" srcset=\"https:\/\/www.hashtag.al\/wp-content\/uploads\/2025\/01\/himare_AP-960x600-1.webp 960w, https:\/\/www.hashtag.al\/wp-content\/uploads\/2025\/01\/himare_AP-960x600-1-300x188.webp 300w, https:\/\/www.hashtag.al\/wp-content\/uploads\/2025\/01\/himare_AP-960x600-1-768x480.webp 768w\" sizes=\"auto, (max-width: 960px) 100vw, 960px\" \/><\/p>\n<p><span style=\"color: #000000;\">Tensionet ishin ndezur vitet e fundit, ve\u00e7an\u00ebrisht pas burgosjes s\u00eb politikanit etnik grek Fredi Beleri n\u00eb Shqip\u00ebri. Incidente t\u00eb tilla n\u00ebnvizuan natyr\u00ebn e brisht\u00eb t\u00eb marr\u00ebdh\u00ebnieve dypal\u00ebshe dhe implikimet e mundshme p\u00ebr aspiratat evropiane t\u00eb Shqip\u00ebris\u00eb, n\u00ebnvizion Kathmerini.<\/span><\/p>\n<p><span style=\"color: #000000;\">Nj\u00eb ndryshim pozitiv n\u00eb dinamik\u00ebn greko-shqiptare ngjall shpresa p\u00ebr bashk\u00ebpunim t\u00eb m\u00ebtejsh\u00ebm p\u00ebr \u00e7\u00ebshtje t\u00eb diskutueshme, si mosmarr\u00ebveshjet e pronave dhe njohja e pensioneve shqiptare p\u00ebr grek\u00ebt. Analist\u00ebt v\u00ebrejn\u00eb se zgjedhjet e majit n\u00eb Shqip\u00ebri mund t\u00eb ndikojn\u00eb n\u00eb progres. Kryeministri Rama ka shfryt\u00ebzuar integrimin n\u00eb BE si nj\u00eb shtyll\u00eb ky\u00e7e t\u00eb fushat\u00ebs, duke theksuar bashk\u00ebpunimin me Greqin\u00eb si jetik p\u00ebr arritjen e standardeve evropiane.<\/span><\/p>\n<p><span style=\"color: #000000;\">Me p\u00ebrparimin e bisedimeve, Athina dhe Tirana parashikojn\u00eb adresimin e demarkacionit t\u00eb kufijve, ankesave historike dhe ruajtjen e varrezave t\u00eb ushtar\u00ebve grek\u00eb t\u00eb r\u00ebn\u00eb n\u00eb Shqip\u00ebri. K\u00ebto zhvillime nxjerrin n\u00eb pah nj\u00eb mund\u00ebsi p\u00ebr p\u00ebrmir\u00ebsime t\u00eb q\u00ebndrueshme dypal\u00ebshe, n\u00eb var\u00ebsi t\u00eb angazhimit t\u00eb q\u00ebndruesh\u00ebm diplomatik.<\/span><\/p>\n<p><span style=\"color: #000000;\"><span style=\"color: #ff0000;\"><strong>VINI RE<\/strong><\/span>: Ky material \u00ebsht\u00eb pron\u00ebsi intelektuale e <span style=\"color: #0000ff;\"><a style=\"color: #0000ff;\" href=\"https:\/\/www.ekathimerini.com\/politics\/foreign-policy\/1259734\/albania-amends-greek-identity-legislation\/\">Kathimerini<\/a><\/span><\/span><\/p>\n<p><span style=\"color: #000000;\">P\u00ebrgatiti p\u00ebr <span style=\"color: #0000ff;\">Hashtag.al,<\/span> Klodian Manjani<\/span><\/p>\n","protected":false,"gt_translate_keys":[{"key":"rendered","format":"html"}]},"excerpt":{"rendered":"<p>Media greke Kathimerini e quan l\u00ebvizje historike nga Shqip\u00ebria miratimin e fudit t\u00eb ligjeve q\u00eb institucionalizojn\u00eb t\u00eb drejtat e vet\u00ebidentifikimit p\u00ebr pakic\u00ebn greke. Ajo thekson se hapi i fundit ka \u00e7elur rrug\u00ebn p\u00ebr forcimin e lidhjeve t\u00eb Shqip\u00ebris\u00eb me Greqin\u00eb dhe zgjidhjen e mundshme t\u00eb mosmarr\u00ebveshjeve t\u00eb gjata, duke p\u00ebrfshir\u00eb pretendimet p\u00ebr pron\u00ebn. Miratimi i [&hellip;]<\/p>\n","protected":false,"gt_translate_keys":[{"key":"rendered","format":"html"}]},"author":51,"featured_media":721843,"comment_status":"closed","ping_status":"open","sticky":false,"template":"","format":"standard","meta":{"footnotes":""},"categories":[65],"tags":[],"class_list":["post-721841","post","type-post","status-publish","format-standard","has-post-thumbnail","hentry","category-lajme"],"gt_translate_keys":[{"key":"link","format":"url"}],"_links":{"self":[{"href":"https:\/\/www.hashtag.al\/index.php\/wp-json\/wp\/v2\/posts\/721841","targetHints":{"allow":["GET"]}}],"collection":[{"href":"https:\/\/www.hashtag.al\/index.php\/wp-json\/wp\/v2\/posts"}],"about":[{"href":"https:\/\/www.hashtag.al\/index.php\/wp-json\/wp\/v2\/types\/post"}],"author":[{"embeddable":true,"href":"https:\/\/www.hashtag.al\/index.php\/wp-json\/wp\/v2\/users\/51"}],"replies":[{"embeddable":true,"href":"https:\/\/www.hashtag.al\/index.php\/wp-json\/wp\/v2\/comments?post=721841"}],"version-history":[{"count":99999,"href":"https:\/\/www.hashtag.al\/index.php\/wp-json\/wp\/v2\/posts\/721841\/revisions"}],"predecessor-version":[{"id":721844,"href":"https:\/\/www.hashtag.al\/index.php\/wp-json\/wp\/v2\/posts\/721841\/revisions\/721844"}],"wp:featuredmedia":[{"embeddable":true,"href":"https:\/\/www.hashtag.al\/index.php\/wp-json\/wp\/v2\/media\/721843"}],"wp:attachment":[{"href":"https:\/\/www.hashtag.al\/index.php\/wp-json\/wp\/v2\/media?parent=721841"}],"wp:term":[{"taxonomy":"category","embeddable":true,"href":"https:\/\/www.hashtag.al\/index.php\/wp-json\/wp\/v2\/categories?post=721841"},{"taxonomy":"post_tag","embeddable":true,"href":"https:\/\/www.hashtag.al\/index.php\/wp-json\/wp\/v2\/tags?post=721841"}],"curies":[{"name":"wp","href":"https:\/\/api.w.org\/{rel}","templated":true}]}}