{"id":721768,"date":"2025-01-29T21:27:54","date_gmt":"2025-01-29T20:27:54","guid":{"rendered":"https:\/\/www.hashtag.al\/?p=721768"},"modified":"2025-01-29T21:27:54","modified_gmt":"2025-01-29T20:27:54","slug":"permbytje-ne-durres-evakuohen-disa-familje","status":"publish","type":"post","link":"https:\/\/www.hashtag.al\/index.php\/2025\/01\/29\/permbytje-ne-durres-evakuohen-disa-familje\/","title":{"rendered":"P\u00ebrmbytje n\u00eb Durr\u00ebs, evakuohen disa familje","gt_translate_keys":[{"key":"rendered","format":"text"}]},"content":{"rendered":"<p><span style=\"color: #000000;\"><img loading=\"lazy\" decoding=\"async\" class=\"aligncenter wp-image-721769 size-full\" src=\"https:\/\/www.hashtag.al\/wp-content\/uploads\/2025\/01\/permbytje-durres.jpg\" alt=\"\" width=\"893\" height=\"464\" srcset=\"https:\/\/www.hashtag.al\/wp-content\/uploads\/2025\/01\/permbytje-durres.jpg 893w, https:\/\/www.hashtag.al\/wp-content\/uploads\/2025\/01\/permbytje-durres-300x156.jpg 300w, https:\/\/www.hashtag.al\/wp-content\/uploads\/2025\/01\/permbytje-durres-768x399.jpg 768w\" sizes=\"auto, (max-width: 893px) 100vw, 893px\" \/><\/span><\/p>\n<p><span style=\"color: #000000;\">Situata n\u00eb qytetin e Durr\u00ebsit \u00ebsht\u00eb mjaft problematike p\u00ebr shkak t\u00eb p\u00ebrmbytjeve, ku mbi 200 sht\u00ebpi private ndodhen n\u00ebn prezenc\u00ebn e ujit. Zonat m\u00eb t\u00eb prekura p\u00ebrfshijn\u00eb ish-K\u00ebnet\u00ebn, Plazhin, Spitall\u00eb, dhe nj\u00ebsit\u00eb administrative t\u00eb Sukthit dhe Katundit t\u00eb Ri.<\/span><\/p>\n<p><span style=\"color: #000000;\">Deri tani, 10 familje jan\u00eb evakuuar nga sht\u00ebpit\u00eb e tyre, nd\u00ebrsa procesi i evakuimit vijon p\u00ebr familje t\u00eb tjera t\u00eb prekura. Autoritetet lokale jan\u00eb angazhuar n\u00eb terren p\u00ebr t\u00eb p\u00ebrmir\u00ebsuar situat\u00ebn dhe p\u00ebr t\u00eb larguar ujin nga banesat. Qendra sh\u00ebndet\u00ebsore n\u00eb Sukth \u00ebsht\u00eb gjithashtu p\u00ebrmbytur.<\/span><\/p>\n<p><span style=\"color: #000000;\">Zona m\u00eb e prekur mbetet ajo e ish-K\u00ebnet\u00ebs, ku p\u00ebrmbytjet jan\u00eb m\u00eb t\u00eb thella dhe nd\u00ebrhyrja e autoriteteve po has v\u00ebshtir\u00ebsi. P\u00ebr k\u00ebt\u00eb arsye, ka nisur evakuimi i banor\u00ebve nga sht\u00ebpit\u00eb e p\u00ebrmbytura n\u00eb k\u00ebt\u00eb zon\u00eb dhe n\u00eb zon\u00ebn e konvaleshenc\u00ebs.<\/span><\/p>\n<p><span style=\"color: #000000;\">Megjithat\u00eb, kjo situat\u00eb nuk \u00ebsht\u00eb as e papritur dhe as e panjohur p\u00ebr qytetar\u00ebt e Durr\u00ebsit dhe t\u00eb zonave t\u00eb tjera q\u00eb p\u00ebrmbyten \u00e7do vit. Prej m\u00eb shum\u00eb se 12 vitesh, qeveria nuk ka marr\u00eb asnj\u00eb mas\u00eb konkrete p\u00ebr t\u00eb zgjidhur problemin e p\u00ebrmbytjeve, duke l\u00ebn\u00eb rrjetin e kanalizimeve n\u00eb nj\u00eb gjendje t\u00eb mjerueshme. \u00c7do reshje e fuqishme e nxjerr zbuluar munges\u00ebn e investimeve dhe d\u00ebshtimin e plot\u00eb t\u00eb institucioneve p\u00ebr t\u00eb menaxhuar emergjencat natyrore.<\/span><\/p>\n<p><span style=\"color: #000000;\">Nd\u00ebrkoh\u00eb, fondet publike shpenzohen p\u00ebr projekte t\u00eb debatueshme, nd\u00ebrsa infrastrukturat jetike mbeten t\u00eb rr\u00ebnuara. Si pasoj\u00eb, mij\u00ebra familje e paguajn\u00eb k\u00ebt\u00eb neglizhenc\u00eb me sht\u00ebpit\u00eb dhe pasurit\u00eb e tyre sa her\u00eb q\u00eb bie shi.<\/span><\/p>\n<p><span style=\"color: #000000;\">Nd\u00ebrsa institucionet flasin p\u00ebr \u201cmasa emergjente\u201d, realiteti tregon se \u00e7do vit p\u00ebrmbytjet p\u00ebrkeq\u00ebsohen, duke d\u00ebshmuar se mungesa e p\u00ebrgjegj\u00ebsis\u00eb dhe keqmenaxhimi i situat\u00ebs jan\u00eb b\u00ebr\u00eb nj\u00eb norm\u00eb e pandryshueshme.<\/span><\/p>\n","protected":false,"gt_translate_keys":[{"key":"rendered","format":"html"}]},"excerpt":{"rendered":"<p>Situata n\u00eb qytetin e Durr\u00ebsit \u00ebsht\u00eb mjaft problematike p\u00ebr shkak t\u00eb p\u00ebrmbytjeve, ku mbi 200 sht\u00ebpi private ndodhen n\u00ebn prezenc\u00ebn e ujit. Zonat m\u00eb t\u00eb prekura p\u00ebrfshijn\u00eb ish-K\u00ebnet\u00ebn, Plazhin, Spitall\u00eb, dhe nj\u00ebsit\u00eb administrative t\u00eb Sukthit dhe Katundit t\u00eb Ri. Deri tani, 10 familje jan\u00eb evakuuar nga sht\u00ebpit\u00eb e tyre, nd\u00ebrsa procesi i evakuimit vijon p\u00ebr [&hellip;]<\/p>\n","protected":false,"gt_translate_keys":[{"key":"rendered","format":"html"}]},"author":32,"featured_media":721769,"comment_status":"closed","ping_status":"open","sticky":false,"template":"","format":"standard","meta":{"footnotes":""},"categories":[65,13],"tags":[],"class_list":["post-721768","post","type-post","status-publish","format-standard","has-post-thumbnail","hentry","category-lajme","category-te-fundit"],"gt_translate_keys":[{"key":"link","format":"url"}],"_links":{"self":[{"href":"https:\/\/www.hashtag.al\/index.php\/wp-json\/wp\/v2\/posts\/721768","targetHints":{"allow":["GET"]}}],"collection":[{"href":"https:\/\/www.hashtag.al\/index.php\/wp-json\/wp\/v2\/posts"}],"about":[{"href":"https:\/\/www.hashtag.al\/index.php\/wp-json\/wp\/v2\/types\/post"}],"author":[{"embeddable":true,"href":"https:\/\/www.hashtag.al\/index.php\/wp-json\/wp\/v2\/users\/32"}],"replies":[{"embeddable":true,"href":"https:\/\/www.hashtag.al\/index.php\/wp-json\/wp\/v2\/comments?post=721768"}],"version-history":[{"count":99999,"href":"https:\/\/www.hashtag.al\/index.php\/wp-json\/wp\/v2\/posts\/721768\/revisions"}],"predecessor-version":[{"id":721770,"href":"https:\/\/www.hashtag.al\/index.php\/wp-json\/wp\/v2\/posts\/721768\/revisions\/721770"}],"wp:featuredmedia":[{"embeddable":true,"href":"https:\/\/www.hashtag.al\/index.php\/wp-json\/wp\/v2\/media\/721769"}],"wp:attachment":[{"href":"https:\/\/www.hashtag.al\/index.php\/wp-json\/wp\/v2\/media?parent=721768"}],"wp:term":[{"taxonomy":"category","embeddable":true,"href":"https:\/\/www.hashtag.al\/index.php\/wp-json\/wp\/v2\/categories?post=721768"},{"taxonomy":"post_tag","embeddable":true,"href":"https:\/\/www.hashtag.al\/index.php\/wp-json\/wp\/v2\/tags?post=721768"}],"curies":[{"name":"wp","href":"https:\/\/api.w.org\/{rel}","templated":true}]}}