{"id":721720,"date":"2025-01-29T16:37:22","date_gmt":"2025-01-29T15:37:22","guid":{"rendered":"https:\/\/www.hashtag.al\/?p=721720"},"modified":"2025-01-29T16:37:22","modified_gmt":"2025-01-29T15:37:22","slug":"ligjvenesit-amerikane-te-shqetesuar-per-pranine-e-kines-tek-kanali-i-panamase","status":"publish","type":"post","link":"https:\/\/www.hashtag.al\/index.php\/2025\/01\/29\/ligjvenesit-amerikane-te-shqetesuar-per-pranine-e-kines-tek-kanali-i-panamase\/","title":{"rendered":"Ligjv\u00ebn\u00ebsit amerikan\u00eb t\u00eb shqet\u00ebsuar p\u00ebr pranin\u00eb e Kin\u00ebs tek Kanali i Panamas\u00eb","gt_translate_keys":[{"key":"rendered","format":"text"}]},"content":{"rendered":"<p><img loading=\"lazy\" decoding=\"async\" class=\"alignnone size-medium wp-image-721721\" src=\"https:\/\/www.hashtag.al\/wp-content\/uploads\/2025\/01\/Screenshot-2025-01-29-161805-300x159.png\" alt=\"\" width=\"300\" height=\"159\" srcset=\"https:\/\/www.hashtag.al\/wp-content\/uploads\/2025\/01\/Screenshot-2025-01-29-161805-300x159.png 300w, https:\/\/www.hashtag.al\/wp-content\/uploads\/2025\/01\/Screenshot-2025-01-29-161805-1024x544.png 1024w, https:\/\/www.hashtag.al\/wp-content\/uploads\/2025\/01\/Screenshot-2025-01-29-161805-768x408.png 768w, https:\/\/www.hashtag.al\/wp-content\/uploads\/2025\/01\/Screenshot-2025-01-29-161805.png 1161w\" sizes=\"auto, (max-width: 300px) 100vw, 300px\" \/><\/p>\n<p><span style=\"color: #000000;\">N\u00eb fjalimin e inaugurimit, Presidenti amerikan Donald Trump u zotua ta rikthej\u00eb Kanalin e Panamas\u00eb, nj\u00eb pik\u00eb e r\u00ebnd\u00ebsishme kalimi p\u00ebr tregtin\u00eb globale, n\u00ebn kontrollin e Shteteve t\u00eb Bashkuara, mes frik\u00ebs p\u00ebr rritjen e pranis\u00eb s\u00eb Kin\u00ebs.<\/span><\/p>\n<p><span style=\"color: #000000;\">Si\u00e7 njofton korrespondentja e Z\u00ebrit t\u00eb Amerik\u00ebs, Katherine Gypson, senator\u00ebt amerikan\u00eb shqyrtuan t\u00eb mart\u00ebn shqet\u00ebsimet e siguris\u00eb rreth Kanalit t\u00eb Panamas\u00eb dhe hapat e ardhsh\u00ebm.<\/span><\/p>\n<p><span style=\"color: #000000;\">Vet\u00ebm disa dit\u00eb pas marrjes s\u00eb detyr\u00ebs, Presidenti Donald Trump u tha ligjv\u00ebn\u00ebsve republikan\u00eb se ai d\u00ebshiron q\u00eb vendkalimi kryesor p\u00ebr transportin global &#8211; Kanali i Panamas\u00eb &#8211; t\u00eb rikthehet n\u00ebn kontrollin e Shteteve t\u00eb Bashkuara, duke th\u00ebn\u00eb se transporti amerikan nuk po trajtohet n\u00eb m\u00ebnyr\u00eb t\u00eb drejt\u00eb.<\/span><\/p>\n<p><span style=\"color: #000000;\"><em>\u201cKina n\u00eb thelb e ka marr\u00eb n\u00ebn kontroll dhe ne nuk do ta lejojm\u00eb k\u00ebt\u00eb t\u00eb ndodh\u00eb. Nuk do t\u00eb lejojm\u00eb q\u00eb kjo t\u00eb ndodh\u00eb. Ishte investimi m\u00eb i madh deri m\u00eb sot i b\u00ebr\u00eb ndonj\u00ebher\u00eb nga vendi\u201d,<\/em> tha Presidenti Trump.<\/span><\/p>\n<p><span style=\"color: #000000;\">Ligjv\u00ebn\u00ebsit republikan\u00eb than\u00eb t\u00eb mart\u00ebn se kanali p\u00ebrb\u00ebn rrezik p\u00ebr sigurin\u00eb komb\u00ebtare.<\/span><\/p>\n<p><span style=\"color: #000000;\"><em>\u201cKompanit\u00eb kineze po nd\u00ebrtojn\u00eb tani nj\u00eb ur\u00eb tek kanali me nj\u00eb rit\u00ebm t\u00eb ngadalt\u00eb, n\u00eb m\u00ebnyr\u00eb q\u00eb t\u00eb zgjas\u00eb gati nj\u00eb dekad\u00eb. Dhe kompanit\u00eb kineze kontrollojn\u00eb portet e kontenier\u00ebve n\u00eb t\u00eb dy skajet. Ura, q\u00eb \u00ebsht\u00eb pjes\u00ebrisht e p\u00ebrfunduar, i jep Kin\u00ebs mund\u00ebsin\u00eb p\u00ebr ta bllokuar kanalin pa paralajm\u00ebrim dhe portet i japin Kin\u00ebs pika v\u00ebzhgimi t\u00eb gatshme p\u00ebr t\u00eb gjetur momentin e duhur p\u00ebr k\u00ebt\u00eb veprim. Kjo situat\u00eb, besoj, paraqet rreziqe akute p\u00ebr sigurin\u00eb komb\u00ebtare t\u00eb Shteteve t\u00eb Bashkuara. Nd\u00ebrkoh\u00eb, tarifat e larta p\u00ebr kalimin n\u00eb kanal ndikojn\u00eb shum\u00eb m\u00eb tep\u00ebr tek amerikan\u00ebt<\/em>\u201d, tha senatori republikan Ted Cruz.<\/span><\/p>\n<p><span style=\"color: #000000;\">Shtetet e Bashkuara e nd\u00ebrtuan kanalin n\u00eb vitin 1914 dhe e kishin at\u00eb n\u00ebn kontroll deri n\u00eb vitin 1977, kur ia dor\u00ebzuan Panamas\u00eb.<\/span><\/p>\n<p><span style=\"color: #000000;\">N\u00eb fillim t\u00eb k\u00ebtij muaji, Presidenti panamez Jose Raul Mulino tha se kanali do t\u00eb vazhdoj\u00eb t&#8217;i p\u00ebrkas\u00eb vendit t\u00eb tij.<\/span><\/p>\n<p><span style=\"color: #000000;\">\u201c<em>Panamaja nuk shp\u00ebrqendrohet nga kjo lloj deklarate. Prej koh\u00ebsh, ne kemi qen\u00eb nj\u00eb vend aleat dhe mik i Shteteve t\u00eb Bashkuara<\/em>\u201d, tha presidenti panamez.<\/span><\/p>\n<p><span style=\"color: #000000;\">Rreth 72% e mallrave q\u00eb kalojn\u00eb tranzit nga kanali vijn\u00eb nga, ose shkojn\u00eb drejt tregjeve amerikane. Traktati i Kanalit t\u00eb Panamas\u00eb mbron neutralitetin nd\u00ebrkomb\u00ebtar t\u00eb k\u00ebsaj pike kalimi p\u00ebr transportin detar dhe u lejon Shteteve t\u00eb Bashkuara t\u00eb nd\u00ebrhyjn\u00eb n\u00ebse kjo rrezikohet.<\/span><\/p>\n<p><span style=\"color: #000000;\"><em>\u201cN\u00ebse Panamaja do t\u00eb n\u00ebnshkruante nj\u00eb traktat me Republik\u00ebn Popullore t\u00eb Kin\u00ebs, ku kjo e fundit do ta menaxhonte kanalin n\u00eb em\u00ebr t\u00eb Panamas\u00eb, kjo do t\u00eb ishte nj\u00eb shkelje e qart\u00eb. Po sikur Panamaja t\u00eb b\u00ebnte kontrat\u00eb p\u00ebr operacione portuale me nj\u00eb firm\u00eb shtet\u00ebrore kineze, apo edhe nj\u00eb firm\u00eb private t\u00eb ndikuar, ose t\u00eb kontrolluar pjes\u00ebrisht nga qeveria kineze? Me fjal\u00eb t\u00eb tjera, nj\u00eb kompani nuk duhet t\u00eb jet\u00eb n\u00eb pron\u00ebsi t\u00eb qeveris\u00eb p\u00ebr t\u00eb qen\u00eb pjes\u00ebrisht e kontrolluar nga qeveria\u201d,<\/em> thot\u00eb Eugene Kontorovich, profesor i juridikut n\u00eb Universitetin George Mason.<\/span><\/p>\n<p><span style=\"color: #000000;\">Senatorja Maria Cantwell, drejtuese e demokrat\u00ebve n\u00eb Komisionin e Tregtis\u00eb t\u00eb Senatit, b\u00ebri thirrje p\u00ebr marr\u00ebveshje m\u00eb t\u00eb forta tregtare dhe rritje t\u00eb siguris\u00eb kibernetike p\u00ebr ta trajtuar problemin.<\/span><\/p>\n<p><span style=\"color: #000000;\"><em>&#8220;\u00c7\u00ebshtja m\u00eb e madhe \u00ebsht\u00eb q\u00eb ne duhet t\u00eb kuptojm\u00eb se cilat jan\u00eb mang\u00ebsit\u00eb e marr\u00ebveshjes aktuale, shqet\u00ebsimet n\u00eb kushtet e teknologjis\u00eb s\u00eb p\u00ebrmir\u00ebsuar. Do t\u00eb shpresoja q\u00eb Panamaja t\u00eb ishte shum\u00eb bashk\u00ebpunuese n\u00eb diskutimin e k\u00ebtyre investimeve t\u00eb siguris\u00eb kibernetike dhe asaj q\u00eb duhet b\u00ebr\u00eb&#8221;,<\/em> tha senatorja Cantwell.<\/span><\/p>\n<p><span style=\"color: #000000;\">Nj\u00eb analiste i tha Z\u00ebrit t\u00eb Amerik\u00ebs se legjislacioni i propozuar, si Akti i Amerik\u00ebs, mund t\u00eb ndihmoj\u00eb n\u00eb trajtimin e k\u00ebtyre problemeve.<\/span><\/p>\n<p><span style=\"color: #000000;\">\u201c<em>N\u00eb fund t\u00eb dit\u00ebs, n\u00eb t\u00eb v\u00ebrtet\u00eb ka t\u00eb b\u00ebj\u00eb me investimet n\u00eb Amerik\u00eb. \u00cbsht\u00eb mjeti m\u00eb i fuqish\u00ebm p\u00ebr t\u00eb kund\u00ebrshtuar ndikimin n\u00eb rritje t\u00eb Kin\u00ebs n\u00eb rajon, sepse tregtia do t\u00eb thot\u00eb se vendet n\u00eb t\u00eb cilat do t\u00eb shkoj\u00eb ky investim do t\u00eb krijojn\u00eb m\u00eb shum\u00eb vende pune, do t\u00eb ket\u00eb m\u00eb shum\u00eb begati. Do t\u00eb shihni m\u00eb pak njer\u00ebz q\u00eb kan\u00eb nevoj\u00eb t\u00eb emigrojn\u00eb drejt Shteteve t\u00eb Bashkuara\u201d,<\/em> tha analistja Maria Bozmoski, nga K\u00ebshilli Atlantik.<\/span><\/p>\n<p><span style=\"color: #000000;\">N\u00eb udh\u00ebtimin e tij t\u00eb par\u00eb jasht\u00eb vendit si sekretar i shtetit, Marco Rubio do t\u00eb vizitoj\u00eb Panaman\u00eb n\u00eb fillim t\u00eb shkurtit.\/<span style=\"color: #0000ff;\"><a style=\"color: #0000ff;\" href=\"https:\/\/www.zeriamerikes.com\/a\/7955471.html\">VOA<\/a><\/span><\/span><\/p>\n","protected":false,"gt_translate_keys":[{"key":"rendered","format":"html"}]},"excerpt":{"rendered":"<p>N\u00eb fjalimin e inaugurimit, Presidenti amerikan Donald Trump u zotua ta rikthej\u00eb Kanalin e Panamas\u00eb, nj\u00eb pik\u00eb e r\u00ebnd\u00ebsishme kalimi p\u00ebr tregtin\u00eb globale, n\u00ebn kontrollin e Shteteve t\u00eb Bashkuara, mes frik\u00ebs p\u00ebr rritjen e pranis\u00eb s\u00eb Kin\u00ebs. Si\u00e7 njofton korrespondentja e Z\u00ebrit t\u00eb Amerik\u00ebs, Katherine Gypson, senator\u00ebt amerikan\u00eb shqyrtuan t\u00eb mart\u00ebn shqet\u00ebsimet e siguris\u00eb rreth [&hellip;]<\/p>\n","protected":false,"gt_translate_keys":[{"key":"rendered","format":"html"}]},"author":32,"featured_media":721721,"comment_status":"closed","ping_status":"open","sticky":false,"template":"","format":"standard","meta":{"footnotes":""},"categories":[6],"tags":[],"class_list":["post-721720","post","type-post","status-publish","format-standard","has-post-thumbnail","hentry","category-nderkombetare"],"gt_translate_keys":[{"key":"link","format":"url"}],"_links":{"self":[{"href":"https:\/\/www.hashtag.al\/index.php\/wp-json\/wp\/v2\/posts\/721720","targetHints":{"allow":["GET"]}}],"collection":[{"href":"https:\/\/www.hashtag.al\/index.php\/wp-json\/wp\/v2\/posts"}],"about":[{"href":"https:\/\/www.hashtag.al\/index.php\/wp-json\/wp\/v2\/types\/post"}],"author":[{"embeddable":true,"href":"https:\/\/www.hashtag.al\/index.php\/wp-json\/wp\/v2\/users\/32"}],"replies":[{"embeddable":true,"href":"https:\/\/www.hashtag.al\/index.php\/wp-json\/wp\/v2\/comments?post=721720"}],"version-history":[{"count":99999,"href":"https:\/\/www.hashtag.al\/index.php\/wp-json\/wp\/v2\/posts\/721720\/revisions"}],"predecessor-version":[{"id":721722,"href":"https:\/\/www.hashtag.al\/index.php\/wp-json\/wp\/v2\/posts\/721720\/revisions\/721722"}],"wp:featuredmedia":[{"embeddable":true,"href":"https:\/\/www.hashtag.al\/index.php\/wp-json\/wp\/v2\/media\/721721"}],"wp:attachment":[{"href":"https:\/\/www.hashtag.al\/index.php\/wp-json\/wp\/v2\/media?parent=721720"}],"wp:term":[{"taxonomy":"category","embeddable":true,"href":"https:\/\/www.hashtag.al\/index.php\/wp-json\/wp\/v2\/categories?post=721720"},{"taxonomy":"post_tag","embeddable":true,"href":"https:\/\/www.hashtag.al\/index.php\/wp-json\/wp\/v2\/tags?post=721720"}],"curies":[{"name":"wp","href":"https:\/\/api.w.org\/{rel}","templated":true}]}}