{"id":721710,"date":"2025-01-29T15:29:10","date_gmt":"2025-01-29T14:29:10","guid":{"rendered":"https:\/\/www.hashtag.al\/?p=721710"},"modified":"2025-01-29T15:29:10","modified_gmt":"2025-01-29T14:29:10","slug":"balla-takohet-me-raportuesin-e-pe-se-per-shqiperine-objektivi-yne-hapja-e-grupkapitujve-te-mbetur","status":"publish","type":"post","link":"https:\/\/www.hashtag.al\/index.php\/2025\/01\/29\/balla-takohet-me-raportuesin-e-pe-se-per-shqiperine-objektivi-yne-hapja-e-grupkapitujve-te-mbetur\/","title":{"rendered":"Balla takohet me Raportuesin e PE-s\u00eb p\u00ebr Shqip\u00ebrin\u00eb: Objektivi yn\u00eb, hapja e grupkapitujve t\u00eb mbetur","gt_translate_keys":[{"key":"rendered","format":"text"}]},"content":{"rendered":"<p><span style=\"color: #000000;\"><img loading=\"lazy\" decoding=\"async\" class=\"alignnone size-medium wp-image-721711\" src=\"https:\/\/www.hashtag.al\/wp-content\/uploads\/2025\/01\/1738159668_taulantballa-300x169.jpeg\" alt=\"\" width=\"300\" height=\"169\" srcset=\"https:\/\/www.hashtag.al\/wp-content\/uploads\/2025\/01\/1738159668_taulantballa-300x169.jpeg 300w, https:\/\/www.hashtag.al\/wp-content\/uploads\/2025\/01\/1738159668_taulantballa-768x433.jpeg 768w, https:\/\/www.hashtag.al\/wp-content\/uploads\/2025\/01\/1738159668_taulantballa.jpeg 780w\" sizes=\"auto, (max-width: 300px) 100vw, 300px\" \/><\/span><\/p>\n<p><span style=\"color: #000000;\">Ministri i Shtetit p\u00ebr Marr\u00ebdh\u00ebniet me Parlamentin, Taulant Balla, takoi sot Raportuesin e Parlamentit Europian p\u00ebr Shqip\u00ebrin\u00eb, Andreas Schieder.<\/span><\/p>\n<p><span style=\"color: #000000;\">Teksa e ka quajtur edhe \u2018mikun e tij t\u00eb vjet\u00ebr\u2019, Balla bisedoi mbi procesin e integrimit europian dhe sfidat q\u00eb e presin vendin ton\u00eb drejt &#8220;Shqip\u00ebria 2030&#8221;.<\/span><\/p>\n<p><span style=\"color: #000000;\">&#8220;<em>Shqip\u00ebria ka b\u00ebr\u00eb hapa t\u00eb r\u00ebnd\u00ebsish\u00ebm n\u00eb rrug\u00ebn drejt BE-s\u00eb, me hapjen e dy grupkapitujve dhe angazhimin e pal\u00ebkundur p\u00ebr reformat e nevojshme. Objektivi yn\u00eb ambicioz \u00ebsht\u00eb t\u00eb avancojm\u00eb m\u00eb tej deri n\u00eb fund t\u00eb vitit 2025, duke hapur grupkapitujt e mbetur dhe duke p\u00ebrmbushur kriteret e p\u00ebrcaktuara<\/em>&#8220;, u shpreh ministri Balla n\u00eb takim.<\/span><\/p>\n<p><span style=\"color: #000000;\">Raportuesi i Parlamentit Europian p\u00ebr Shqip\u00ebrin\u00eb, Andreas Schieder, ndodhet n\u00eb Tiran\u00eb n\u00eb vizit\u00ebn e tij t\u00eb par\u00eb. Eurodeputeti austriak nga Grupi i Aleanc\u00ebs Progresive t\u00eb Socialist\u00ebve dhe Demokrat\u00ebve n\u00eb Parlamentin Europian u caktua n\u00eb k\u00ebt\u00eb detyr\u00eb pak muaj m\u00eb par\u00eb dhe \u00ebsht\u00eb i ngarkuar me hartimin e raporteve vjetore t\u00eb vler\u00ebsimit t\u00eb zhvillimeve n\u00eb Shqip\u00ebri, duke monitoruar reformat q\u00eb kan\u00eb lidhje me integrimin e vendit ton\u00eb n\u00eb BE.<\/span><\/p>\n<p><span style=\"color: #000000;\"><em>\u201cAi \u00ebsht\u00eb nj\u00eb nd\u00ebr mb\u00ebshtet\u00ebsit m\u00eb t\u00eb m\u00ebdhenj t\u00eb integrimit t\u00eb Shqip\u00ebris\u00eb dhe e ka shprehur hapur q\u00ebndrimin e tij se politika e zgjerimit duhet t\u00eb jet\u00eb n\u00eb krye t\u00eb agjend\u00ebs s\u00eb Komisionit p\u00ebr pes\u00eb vitet e ardhshme\u201d,<\/em> shprehet Balla nd\u00ebr t\u00eb tjera n\u00eb reagimin e tij pas takimit.<\/span><\/p>\n<p><span style=\"color: #000000;\">Dit\u00ebn e djeshme, Schieder pati nj\u00eb takim edhe me kreun e grupit parlamentar t\u00eb Partis\u00eb Demokratike, Gazment Bardhi, i cili i k\u00ebrkoi monitorimin e situat\u00ebs para dhe pas zgjedhore n\u00eb Shqip\u00ebri.<\/span><\/p>\n","protected":false,"gt_translate_keys":[{"key":"rendered","format":"html"}]},"excerpt":{"rendered":"<p>Ministri i Shtetit p\u00ebr Marr\u00ebdh\u00ebniet me Parlamentin, Taulant Balla, takoi sot Raportuesin e Parlamentit Europian p\u00ebr Shqip\u00ebrin\u00eb, Andreas Schieder. Teksa e ka quajtur edhe \u2018mikun e tij t\u00eb vjet\u00ebr\u2019, Balla bisedoi mbi procesin e integrimit europian dhe sfidat q\u00eb e presin vendin ton\u00eb drejt &#8220;Shqip\u00ebria 2030&#8221;. &#8220;Shqip\u00ebria ka b\u00ebr\u00eb hapa t\u00eb r\u00ebnd\u00ebsish\u00ebm n\u00eb rrug\u00ebn drejt [&hellip;]<\/p>\n","protected":false,"gt_translate_keys":[{"key":"rendered","format":"html"}]},"author":32,"featured_media":721711,"comment_status":"closed","ping_status":"open","sticky":false,"template":"","format":"standard","meta":{"footnotes":""},"categories":[65],"tags":[],"class_list":["post-721710","post","type-post","status-publish","format-standard","has-post-thumbnail","hentry","category-lajme"],"gt_translate_keys":[{"key":"link","format":"url"}],"_links":{"self":[{"href":"https:\/\/www.hashtag.al\/index.php\/wp-json\/wp\/v2\/posts\/721710","targetHints":{"allow":["GET"]}}],"collection":[{"href":"https:\/\/www.hashtag.al\/index.php\/wp-json\/wp\/v2\/posts"}],"about":[{"href":"https:\/\/www.hashtag.al\/index.php\/wp-json\/wp\/v2\/types\/post"}],"author":[{"embeddable":true,"href":"https:\/\/www.hashtag.al\/index.php\/wp-json\/wp\/v2\/users\/32"}],"replies":[{"embeddable":true,"href":"https:\/\/www.hashtag.al\/index.php\/wp-json\/wp\/v2\/comments?post=721710"}],"version-history":[{"count":99999,"href":"https:\/\/www.hashtag.al\/index.php\/wp-json\/wp\/v2\/posts\/721710\/revisions"}],"predecessor-version":[{"id":721712,"href":"https:\/\/www.hashtag.al\/index.php\/wp-json\/wp\/v2\/posts\/721710\/revisions\/721712"}],"wp:featuredmedia":[{"embeddable":true,"href":"https:\/\/www.hashtag.al\/index.php\/wp-json\/wp\/v2\/media\/721711"}],"wp:attachment":[{"href":"https:\/\/www.hashtag.al\/index.php\/wp-json\/wp\/v2\/media?parent=721710"}],"wp:term":[{"taxonomy":"category","embeddable":true,"href":"https:\/\/www.hashtag.al\/index.php\/wp-json\/wp\/v2\/categories?post=721710"},{"taxonomy":"post_tag","embeddable":true,"href":"https:\/\/www.hashtag.al\/index.php\/wp-json\/wp\/v2\/tags?post=721710"}],"curies":[{"name":"wp","href":"https:\/\/api.w.org\/{rel}","templated":true}]}}