{"id":721707,"date":"2025-01-29T15:10:31","date_gmt":"2025-01-29T14:10:31","guid":{"rendered":"https:\/\/www.hashtag.al\/?p=721707"},"modified":"2025-01-29T15:10:31","modified_gmt":"2025-01-29T14:10:31","slug":"veliaj-pret-sekretarin-e-pergjithshem-te-posteurop-botond-szebeny","status":"publish","type":"post","link":"https:\/\/www.hashtag.al\/index.php\/2025\/01\/29\/veliaj-pret-sekretarin-e-pergjithshem-te-posteurop-botond-szebeny\/","title":{"rendered":"Veliaj pret sekretarin e P\u00ebrgjithsh\u00ebm t\u00eb PostEurop, Botond Szebeny","gt_translate_keys":[{"key":"rendered","format":"text"}]},"content":{"rendered":"<p><span style=\"color: #000000;\"><img loading=\"lazy\" decoding=\"async\" class=\"alignnone size-medium wp-image-721708\" src=\"https:\/\/www.hashtag.al\/wp-content\/uploads\/2025\/01\/veliaj-5-300x200.jpg\" alt=\"\" width=\"300\" height=\"200\" srcset=\"https:\/\/www.hashtag.al\/wp-content\/uploads\/2025\/01\/veliaj-5-300x200.jpg 300w, https:\/\/www.hashtag.al\/wp-content\/uploads\/2025\/01\/veliaj-5-1024x682.jpg 1024w, https:\/\/www.hashtag.al\/wp-content\/uploads\/2025\/01\/veliaj-5-768x512.jpg 768w, https:\/\/www.hashtag.al\/wp-content\/uploads\/2025\/01\/veliaj-5-1536x1023.jpg 1536w, https:\/\/www.hashtag.al\/wp-content\/uploads\/2025\/01\/veliaj-5.jpg 1600w\" sizes=\"auto, (max-width: 300px) 100vw, 300px\" \/><\/span><\/p>\n<p><span style=\"color: #000000;\">Kryetari i Bashkis\u00eb s\u00eb Tiran\u00ebs, Erion Veliaj, priti n\u00eb nj\u00eb takim Sekretarin e P\u00ebrgjithsh\u00ebm t\u00eb PostEurop, Botond Szebeny, me t\u00eb cilin diskutoi mbi zhvillimin e sh\u00ebrbimeve postare dhe p\u00ebrgatitjet p\u00ebr Asamblen\u00eb e P\u00ebrgjithshme t\u00eb PostEurop, e cila do t\u00eb mbahet n\u00eb tetor n\u00eb Tiran\u00eb.<\/span><\/p>\n<p><span style=\"color: #000000;\">Veliaj theksoi r\u00ebnd\u00ebsin\u00eb e rolit t\u00eb post\u00ebs n\u00eb epok\u00ebn moderne, duke p\u00ebrmendur p\u00ebrmir\u00ebsimet n\u00eb sh\u00ebrbime, si shp\u00ebrndarja e pensioneve dhe abonimeve p\u00ebr t\u00eb moshuarit.<\/span><\/p>\n<p><span style=\"color: #000000;\"><em>\u201cJemi v\u00ebrtet t\u00eb nderuar sepse asambleja juaj e p\u00ebrgjithshme do t\u00eb jet\u00eb k\u00ebt\u00eb tetor n\u00eb Tiran\u00eb dhe jam krenar q\u00eb keni zgjedhur qytetin ton\u00eb. Posta Shqiptare, gjithashtu edhe Posta Europiane, ka rishpikur veten me kolipost\u00ebn, me d\u00ebrgesat, po e shikojm\u00eb me procesin ton\u00eb zgjedhor, ku diaspora do t\u00eb votoj\u00eb me post\u00eb. Posta ka nj\u00eb pafund\u00ebsi sh\u00ebrbimesh q\u00eb mund t\u00eb ofroj\u00eb. Sot po shikojm\u00eb se si me post\u00ebn mund t\u00eb shp\u00ebrndajm\u00eb edhe abonen\u00eb e autobusit, q\u00eb t\u00eb jet\u00eb sa m\u00eb e thjesht\u00eb p\u00ebr t\u00eb moshuarit, gjysh\u00ebrit dhe gjyshet\u201d,<\/em> tha Veliaj.<\/span><\/p>\n<p><span style=\"color: #000000;\">M\u00eb tej, ai shtoi se Tirana \u00ebsht\u00eb gati t\u00eb pres\u00eb ngjarje t\u00eb r\u00ebnd\u00ebsishme, si Giro d\u2019Italia dhe K\u00ebshilli Politik Europian.<\/span><\/p>\n<p><span style=\"color: #000000;\"><em>\u00a0\u201cK\u00ebt\u00eb vit Tirana \u00ebsht\u00eb Kryeqyteti Mesdhetar i Kultur\u00ebs dhe Dialogut. Ne do t\u00eb presim Giro d\u2019Italia, e cila ka zgjedhur Shqip\u00ebrin\u00eb p\u00ebr t\u00eb filluar k\u00ebt\u00eb eksperienc\u00eb t\u00eb jasht\u00ebzakonshme. K\u00ebshilli Politik Europian, mbas Budapestit, transferohet gjithashtu n\u00eb Tiran\u00eb n\u00eb mes t\u00eb Majit. Ju jeni qershia mbi tort\u00eb n\u00eb fund, edhe mezi pres q\u00eb gjith\u00eb postat e Europ\u00ebs t\u00eb ken\u00eb nj\u00eb eksperienc\u00eb t\u00eb jasht\u00ebzakonshme n\u00eb Tiran\u00eb, t\u00eb jet\u00eb edhe nj\u00eb mund\u00ebsi p\u00ebr t\u00eb prezantuar qytetin q\u00eb ka ndryshuar m\u00eb shum\u00eb n\u00eb t\u00eb gjith\u00eb Europ\u00ebn n\u00eb k\u00ebto 10 vitet e fundit<\/em>\u201d, u shpreh Veliaj.<\/span><\/p>\n<p><span style=\"color: #000000;\">Nga ana e tij, Szebeny shprehu mir\u00ebnjohjen p\u00ebr mb\u00ebshtetjen e Post\u00ebs Shqiptare dhe Bashkis\u00eb s\u00eb Tiran\u00ebs, nd\u00ebrsa n\u00ebnvizoi se ky takim dhe asambleja do t\u00eb forcojn\u00eb bashk\u00ebpunimin mes PostEurop dhe autoriteteve shqiptare, duke kontribuar n\u00eb zhvillimin e m\u00ebtejsh\u00ebm t\u00eb sektorit postar.<\/span><\/p>\n<p><span style=\"color: #000000;\"><em>\u201cJemi mir\u00ebnjoh\u00ebs p\u00ebr mb\u00ebshtetjen e Post\u00ebs Shqiptare, por nj\u00ebkoh\u00ebsisht edhe p\u00ebr mb\u00ebshtetjen e madhe q\u00eb Bashkia e Tiran\u00ebs ka dh\u00ebn\u00eb p\u00ebr k\u00ebt\u00eb ngjarje. Komuniteti evropian do t\u00eb mblidhet k\u00ebtu n\u00eb Tiran\u00eb, dhe ne do t\u00eb d\u00ebshironim t\u00eb kontribonim n\u00eb atmosfer\u00ebn e shk\u00eblqyer t\u00eb Tiran\u00ebs, e cila sapo m\u00ebsova, \u00ebsht\u00eb e lidhur me t\u00eb gjitha ngjarjet q\u00eb keni organizuar n\u00eb t\u00eb kaluar\u00ebn dhe ato q\u00eb keni n\u00eb plan t\u00eb organizoni edhe n\u00eb vitin 2025 p\u00ebrmes nj\u00eb ngjarje t\u00eb suksesshme t\u00eb industris\u00eb postare. Kjo industri mbetet nj\u00eb faktor ky\u00e7 dhe n\u00eb nj\u00eb far\u00eb m\u00ebnyre nj\u00eb faktor i r\u00ebnd\u00ebsish\u00ebm n\u00eb bot\u00ebn e e-commerce-it, ku po b\u00ebhet gjithnj\u00eb e m\u00eb i r\u00ebnd\u00ebsish\u00ebm p\u00ebr ekonomit\u00eb dhe shoq\u00ebrit\u00eb Evropiane. Prandaj, mendoj se do t\u00eb kemi nj\u00eb bashk\u00ebpunim t\u00eb shk\u00eblqyer. Dhe nj\u00eb her\u00eb tjet\u00ebr, faleminderit shum\u00eb, zoti kryetar, p\u00ebr mb\u00ebshtetjen tuaj\u201d,<\/em> p\u00ebrfundoi Szebeny.<\/span><\/p>\n","protected":false,"gt_translate_keys":[{"key":"rendered","format":"html"}]},"excerpt":{"rendered":"<p>Kryetari i Bashkis\u00eb s\u00eb Tiran\u00ebs, Erion Veliaj, priti n\u00eb nj\u00eb takim Sekretarin e P\u00ebrgjithsh\u00ebm t\u00eb PostEurop, Botond Szebeny, me t\u00eb cilin diskutoi mbi zhvillimin e sh\u00ebrbimeve postare dhe p\u00ebrgatitjet p\u00ebr Asamblen\u00eb e P\u00ebrgjithshme t\u00eb PostEurop, e cila do t\u00eb mbahet n\u00eb tetor n\u00eb Tiran\u00eb. Veliaj theksoi r\u00ebnd\u00ebsin\u00eb e rolit t\u00eb post\u00ebs n\u00eb epok\u00ebn moderne, duke [&hellip;]<\/p>\n","protected":false,"gt_translate_keys":[{"key":"rendered","format":"html"}]},"author":32,"featured_media":721708,"comment_status":"closed","ping_status":"open","sticky":false,"template":"","format":"standard","meta":{"footnotes":""},"categories":[65],"tags":[],"class_list":["post-721707","post","type-post","status-publish","format-standard","has-post-thumbnail","hentry","category-lajme"],"gt_translate_keys":[{"key":"link","format":"url"}],"_links":{"self":[{"href":"https:\/\/www.hashtag.al\/index.php\/wp-json\/wp\/v2\/posts\/721707","targetHints":{"allow":["GET"]}}],"collection":[{"href":"https:\/\/www.hashtag.al\/index.php\/wp-json\/wp\/v2\/posts"}],"about":[{"href":"https:\/\/www.hashtag.al\/index.php\/wp-json\/wp\/v2\/types\/post"}],"author":[{"embeddable":true,"href":"https:\/\/www.hashtag.al\/index.php\/wp-json\/wp\/v2\/users\/32"}],"replies":[{"embeddable":true,"href":"https:\/\/www.hashtag.al\/index.php\/wp-json\/wp\/v2\/comments?post=721707"}],"version-history":[{"count":99999,"href":"https:\/\/www.hashtag.al\/index.php\/wp-json\/wp\/v2\/posts\/721707\/revisions"}],"predecessor-version":[{"id":721709,"href":"https:\/\/www.hashtag.al\/index.php\/wp-json\/wp\/v2\/posts\/721707\/revisions\/721709"}],"wp:featuredmedia":[{"embeddable":true,"href":"https:\/\/www.hashtag.al\/index.php\/wp-json\/wp\/v2\/media\/721708"}],"wp:attachment":[{"href":"https:\/\/www.hashtag.al\/index.php\/wp-json\/wp\/v2\/media?parent=721707"}],"wp:term":[{"taxonomy":"category","embeddable":true,"href":"https:\/\/www.hashtag.al\/index.php\/wp-json\/wp\/v2\/categories?post=721707"},{"taxonomy":"post_tag","embeddable":true,"href":"https:\/\/www.hashtag.al\/index.php\/wp-json\/wp\/v2\/tags?post=721707"}],"curies":[{"name":"wp","href":"https:\/\/api.w.org\/{rel}","templated":true}]}}