{"id":721669,"date":"2025-01-29T12:58:06","date_gmt":"2025-01-29T11:58:06","guid":{"rendered":"https:\/\/www.hashtag.al\/?p=721669"},"modified":"2025-01-29T13:03:44","modified_gmt":"2025-01-29T12:03:44","slug":"akuzat-per-paligjshemeri-komisioni-i-medias-do-kerkoje-nderprerjen-e-gares-per-kreun-e-rtsh-se-nese-sreflektojne-shkarkojme-keshillin-drejtues","status":"publish","type":"post","link":"https:\/\/www.hashtag.al\/index.php\/2025\/01\/29\/akuzat-per-paligjshemeri-komisioni-i-medias-do-kerkoje-nderprerjen-e-gares-per-kreun-e-rtsh-se-nese-sreflektojne-shkarkojme-keshillin-drejtues\/","title":{"rendered":"Komisioni i Medias do k\u00ebrkoj\u00eb nd\u00ebrprerjen e gar\u00ebs p\u00ebr kreun e RTSH-s\u00eb: N\u00ebse s&#8217;reflektojn\u00eb, shkarkojm\u00eb K\u00ebshillin Drejtues","gt_translate_keys":[{"key":"rendered","format":"text"}]},"content":{"rendered":"<p><span style=\"color: #000000;\"><img loading=\"lazy\" decoding=\"async\" class=\"aligncenter size-full wp-image-721671\" src=\"https:\/\/www.hashtag.al\/wp-content\/uploads\/2025\/01\/ipiccy_image-5.jpg\" alt=\"\" width=\"2000\" height=\"1000\" srcset=\"https:\/\/www.hashtag.al\/wp-content\/uploads\/2025\/01\/ipiccy_image-5.jpg 2000w, https:\/\/www.hashtag.al\/wp-content\/uploads\/2025\/01\/ipiccy_image-5-300x150.jpg 300w, https:\/\/www.hashtag.al\/wp-content\/uploads\/2025\/01\/ipiccy_image-5-1024x512.jpg 1024w, https:\/\/www.hashtag.al\/wp-content\/uploads\/2025\/01\/ipiccy_image-5-768x384.jpg 768w, https:\/\/www.hashtag.al\/wp-content\/uploads\/2025\/01\/ipiccy_image-5-1536x768.jpg 1536w\" sizes=\"auto, (max-width: 2000px) 100vw, 2000px\" \/><\/span><\/p>\n<p><span style=\"color: #000000;\">Komisioni i Medias do i k\u00ebrkoj\u00eb K\u00ebshillit Drejtues t\u00eb RTSH nd\u00ebrprerjen e gar\u00ebs p\u00ebr zgjedhjen e kreut t\u00eb ri t\u00eb RTSH-s\u00eb.<\/span><\/p>\n<p><span style=\"color: #000000;\">L\u00ebvizja e Kuvendit vjen pas denoncimeve p\u00ebr paligjshm\u00ebri t\u00eb procesit zgjedhor pas skualifikimit nga K\u00ebshilli Drejtues t\u00eb tre kandidat\u00ebve dhe l\u00ebnien n\u00eb gar\u00eb vet\u00ebm t\u00eb drejtores s\u00eb komanduar Aurora Polo dhe Jetmir Shpuz\u00ebs.<\/span><\/p>\n<p><span style=\"color: #000000;\">Dit\u00ebn e djeshme deutetet e PD-s\u00eb e PS-s\u00eb Zhupa e Kushi denoncuan procesin dhe i k\u00ebrkuan K\u00ebshillit Drejtues t\u00eb RTSH-s\u00eb t\u00eb hapin gar\u00ebn ndryshe oaralajm\u00ebruan masa drastike nga ana e Kuvendit.<\/span><\/p>\n<p><span style=\"color: #000000;\"><em>Nuk kemi lidhje me emrat, kemi lidhjet me hapat, duhet t\u00eb jet\u00eb gar\u00eb e hapur, transparente meritokratike, do i d\u00ebrgojm\u00eb nj\u00eb shkres\u00eb si\u00e7 e k\u00ebrkuat q\u00eb t\u00eb nd\u00ebrpresin procesin dhe t\u00eb na informojn\u00eb \u00e7far\u00eb po ndodh, se kan\u00eb t\u00eb drejt\u00ebn t\u00eb mbrojn\u00eb pun\u00ebn e tyre n\u00ebse po b\u00ebjn\u00eb pun\u00eb t\u00eb drejt\u00eb si\u00e7 pretendojn\u00eb ata, sot ose nes\u00ebr, sepse kan\u00eb njoftuar t\u00eb premten seanca d\u00ebgjimore t\u00eb 2 kandidat\u00ebve q\u00eb kan\u00eb zgjedhur&#8221;, u shpreh Kushi. <\/em><\/span><\/p>\n<p><span style=\"color: #000000;\">Nd\u00ebrkoh\u00eb kryetarja e komisionit, demokratja Zhupa n\u00ebnvizoi se n\u00ebse K\u00ebshilli Drejtues nuk zbatonk\u00ebrkes\u00ebn, at\u00ebher\u00eb do vijohen hapat parlametare t\u00eb shkarkimit t\u00eb an\u00ebtar\u00ebve.<\/span><\/p>\n<p><span style=\"color: #000000;\"><em>&#8220;Jemi dakord, t\u00eb p\u00ebrfshijm\u00eb n\u00eb shkres\u00eb edhe faktin q\u00eb k\u00ebt\u00eb detyrim q\u00eb i japim p\u00ebr t\u00eb nd\u00ebrprer\u00eb procesin, n\u00ebse nuk e zbatojn\u00eb, ne pala e opozit\u00ebs do t\u00eb k\u00ebrkojm\u00eb shkarkimin e tyre nga k\u00ebshilli drejtues. T\u2019ia vendosim q\u00eb n\u00ebse nuk zbatojn\u00eb k\u00ebt\u00eb k\u00ebrkes\u00eb t\u00eb komisionit ne do t\u00eb jemi t\u00eb detyruar t\u00eb vazhdojm\u00eb me procedur\u00ebn parlamentare t\u00eb an\u00ebtar\u00ebve t\u00eb k\u00ebshillit t\u00eb drejtimit. T\u00eb 5 q\u00eb p\u00ebrfaq\u00ebsojn\u00eb pakic\u00ebn parlamentare n\u00eb K\u00ebshillin Drejtues, jemi t\u00eb gatsh\u00ebm ti shkarkojm\u00eb, dhe ti k\u00ebrkojm\u00eb Kuvendit em\u00ebrimin e t\u00eb tjer\u00ebve n\u00eb p\u00ebrputhje me ligjin, se \u00ebsht\u00eb krijuar ideja n\u00eb K\u00ebshillin Drejtues q\u00eb ata s\u2019kan\u00eb \u00e7far\u00eb b\u00ebjn\u00eb se na kan\u00eb zgjedhur se s\u2019do bien dakord me nj\u00ebri tjetrin PS-PD dhe mendojn\u00eb se jan\u00eb pronar\u00eb t\u00eb fakto t\u00eb RTSH. Un\u00eb shpreh vullnetin tim n\u00eb em\u00ebr t\u00eb grupit t\u00eb PD q\u00eb n\u00ebse nuk nd\u00ebrpresin procesin, q\u00eb t\u00eb h\u00ebn\u00ebn fillojm\u00eb procedurat p\u00ebr procedurat e shkarkimit&#8221;,<\/em> theksoi Zhupa.<\/span><\/p>\n<p><span style=\"color: #000000;\">Ajo shtoi m\u00eb tej se l\u00ebvizja e Kuvendit nuk \u00ebsht\u00eb k\u00ebrc\u00ebnim po parralajm\u00ebrim nd\u00ebrsa propozoi hetim p\u00ebr konflikt interesi p\u00ebr an\u00ebtar\u00ebt e K\u00ebshillit Drejtues t\u00eb RTSH, n\u00ebse ng\u00ebr\u00e7i zgjidhet dhe ata q\u00ebndrojn\u00eb n\u00eb detyr\u00eb.<\/span><\/p>\n<p><span style=\"color: #000000;\"><em>\u201cKy nuk \u00ebsht\u00eb k\u00ebrc\u00ebnim, \u00ebsht\u00eb paralajm\u00ebrim si\u00e7 b\u00ebn \u00e7do njeri q\u00eb ka n\u00eb mbik\u00ebqyrje nj\u00eb institucion tjet\u00ebr, p\u00ebr ta paralajm\u00ebruar si\u00e7 e k\u00ebrkon ligji q\u00eb mos t\u00eb jet\u00eb n\u00eb m\u00ebnyr\u00eb t\u00eb rrufeshme pse na shkarkuan. \u00c7do shkelje e ligjit ka nj\u00eb pasoj\u00eb mbrapa. Pasi t\u00eb zgjidhim ng\u00ebr\u00e7in e k\u00ebtij procesi, n\u00ebse ata q\u00ebndrojn\u00eb ende n\u00eb detyr\u00eb, p\u00ebr secilin t\u00eb b\u00ebhet pjes\u00eb skanimi p\u00ebr konfliktin e interesit. S\u2019mund ta kthejm\u00eb K\u00ebshillin Drejtues nj\u00ebr\u00ebn dor\u00eb n\u00eb bakllava, tjetr\u00ebn n\u00eb revani\u201d,<\/em> theksoi Zhupa.<\/span><\/p>\n<p><span style=\"color: #000000;\">Sipas K\u00ebshillit Drejtues t\u00eb RTSH-s\u00eb tre kandidat\u00ebt e skualifikuar, Eni Vasili, Kliton Rama dhe Ermal Hoxha kishin pasur mang\u00ebsi n\u00eb dosjet e aplikimit.<\/span><\/p>\n","protected":false,"gt_translate_keys":[{"key":"rendered","format":"html"}]},"excerpt":{"rendered":"<p>Komisioni i Medias do i k\u00ebrkoj\u00eb K\u00ebshillit Drejtues t\u00eb RTSH nd\u00ebrprerjen e gar\u00ebs p\u00ebr zgjedhjen e kreut t\u00eb ri t\u00eb RTSH-s\u00eb. L\u00ebvizja e Kuvendit vjen pas denoncimeve p\u00ebr paligjshm\u00ebri t\u00eb procesit zgjedhor pas skualifikimit nga K\u00ebshilli Drejtues t\u00eb tre kandidat\u00ebve dhe l\u00ebnien n\u00eb gar\u00eb vet\u00ebm t\u00eb drejtores s\u00eb komanduar Aurora Polo dhe Jetmir Shpuz\u00ebs. Dit\u00ebn [&hellip;]<\/p>\n","protected":false,"gt_translate_keys":[{"key":"rendered","format":"html"}]},"author":51,"featured_media":721671,"comment_status":"closed","ping_status":"open","sticky":false,"template":"","format":"standard","meta":{"footnotes":""},"categories":[65],"tags":[],"class_list":["post-721669","post","type-post","status-publish","format-standard","has-post-thumbnail","hentry","category-lajme"],"gt_translate_keys":[{"key":"link","format":"url"}],"_links":{"self":[{"href":"https:\/\/www.hashtag.al\/index.php\/wp-json\/wp\/v2\/posts\/721669","targetHints":{"allow":["GET"]}}],"collection":[{"href":"https:\/\/www.hashtag.al\/index.php\/wp-json\/wp\/v2\/posts"}],"about":[{"href":"https:\/\/www.hashtag.al\/index.php\/wp-json\/wp\/v2\/types\/post"}],"author":[{"embeddable":true,"href":"https:\/\/www.hashtag.al\/index.php\/wp-json\/wp\/v2\/users\/51"}],"replies":[{"embeddable":true,"href":"https:\/\/www.hashtag.al\/index.php\/wp-json\/wp\/v2\/comments?post=721669"}],"version-history":[{"count":99999,"href":"https:\/\/www.hashtag.al\/index.php\/wp-json\/wp\/v2\/posts\/721669\/revisions"}],"predecessor-version":[{"id":721678,"href":"https:\/\/www.hashtag.al\/index.php\/wp-json\/wp\/v2\/posts\/721669\/revisions\/721678"}],"wp:featuredmedia":[{"embeddable":true,"href":"https:\/\/www.hashtag.al\/index.php\/wp-json\/wp\/v2\/media\/721671"}],"wp:attachment":[{"href":"https:\/\/www.hashtag.al\/index.php\/wp-json\/wp\/v2\/media?parent=721669"}],"wp:term":[{"taxonomy":"category","embeddable":true,"href":"https:\/\/www.hashtag.al\/index.php\/wp-json\/wp\/v2\/categories?post=721669"},{"taxonomy":"post_tag","embeddable":true,"href":"https:\/\/www.hashtag.al\/index.php\/wp-json\/wp\/v2\/tags?post=721669"}],"curies":[{"name":"wp","href":"https:\/\/api.w.org\/{rel}","templated":true}]}}