{"id":721667,"date":"2025-01-29T12:56:32","date_gmt":"2025-01-29T11:56:32","guid":{"rendered":"https:\/\/www.hashtag.al\/?p=721667"},"modified":"2025-01-29T12:56:32","modified_gmt":"2025-01-29T11:56:32","slug":"baba-mondi-homazhe-per-kryepeshkopin-janullatos-ngriti-kishen-ortodokse-shqiptare-nga-varri","status":"publish","type":"post","link":"https:\/\/www.hashtag.al\/index.php\/2025\/01\/29\/baba-mondi-homazhe-per-kryepeshkopin-janullatos-ngriti-kishen-ortodokse-shqiptare-nga-varri\/","title":{"rendered":"Baba Mondi homazhe p\u00ebr kryepeshkopin Janullatos: Ngriti Kish\u00ebn Ortodokse Shqiptare nga varri","gt_translate_keys":[{"key":"rendered","format":"text"}]},"content":{"rendered":"<p><span style=\"color: #000000;\"><img loading=\"lazy\" decoding=\"async\" class=\"aligncenter wp-image-721668 size-full\" src=\"https:\/\/www.hashtag.al\/wp-content\/uploads\/2025\/01\/1738149567_babamondi-e1738151701244.jpg\" alt=\"\" width=\"696\" height=\"439\" srcset=\"https:\/\/www.hashtag.al\/wp-content\/uploads\/2025\/01\/1738149567_babamondi-e1738151701244.jpg 696w, https:\/\/www.hashtag.al\/wp-content\/uploads\/2025\/01\/1738149567_babamondi-e1738151701244-300x189.jpg 300w\" sizes=\"auto, (max-width: 696px) 100vw, 696px\" \/><\/span><\/p>\n<p><span style=\"color: #000000;\">N\u00eb Katedralen \u2018Ngjallja e Krishtit\u2019 n\u00eb Tiran\u00eb vazhdojn\u00eb homazhet p\u00ebr kryepeshkopin Anastas Janullatos, q\u00eb u nda nga jeta m\u00ebngjesin e s\u00eb shtun\u00ebs n\u00eb Athin\u00eb. Qindra besimtar\u00eb i japin lamtumir\u00ebn e fundit gjat\u00eb nat\u00ebs dhe dit\u00ebs s\u00eb sotme, nd\u00ebrsa ceremonia mortore do t\u00eb mbahet nes\u00ebr n\u00eb or\u00ebn 11:00 pas mbarimit t\u00eb Liturgjis\u00eb Hyjnore.<\/span><\/p>\n<p><span style=\"color: #000000;\">Kreu i Komunitetit Bektashi, Baba Mondi, i ka b\u00ebr\u00eb homazhe kryepeshkopit t\u00eb ndjer\u00eb, duke vler\u00ebsuar vepr\u00ebn e tij t\u00eb jasht\u00ebzakonshme p\u00ebr Kish\u00ebn Ortodokse Autoqefale Shqiptare. <\/span><\/p>\n<p><span style=\"color: #000000;\">Ai theksoi se Janullatosi ka bashk\u00ebpunuar me t\u00eb gjitha komunitetet fetare, duke l\u00ebn\u00eb nj\u00eb trash\u00ebgimi t\u00eb madhe p\u00ebr kish\u00ebn dhe shqiptar\u00ebt.<\/span><\/p>\n<p><span style=\"color: #000000;\"><strong>Fjala e Baba Mondit pas homazheve:<\/strong><\/span><\/p>\n<p><span style=\"color: #000000;\"><em>\u201cFortlumturia \u00ebsht\u00eb personalitet i Kish\u00ebs Ortodokse Shqiptare, i cili ka punuar me vet\u00ebmohim p\u00ebr ta ngritur k\u00ebt\u00eb kish\u00eb nga varri. Ka qen\u00eb njeri q\u00eb ka bashk\u00ebpunuar me t\u00eb gjitha komunitetet fetare dhe sidomos me mua personalisht dhe m\u00eb vjen keq p\u00ebr \u00e7do njeri q\u00eb largohet nga kjo bot\u00eb, por ai po largohet me nj\u00eb vep\u00ebr q\u00eb i ka l\u00ebn\u00eb pas Kish\u00ebs Ortodokse Shqiptare, por edhe shqiptar\u00ebve. Ngush\u00ebllime Kish\u00ebs Ortodokse, Zoti e pst\u00eb n\u00eb parajsat e veta. Qofshi drit\u00eb dhe Zoti na bekoft\u00eb t\u00eb gjith\u00ebve, amin!\u201d.<\/em><\/span><\/p>\n","protected":false,"gt_translate_keys":[{"key":"rendered","format":"html"}]},"excerpt":{"rendered":"<p>N\u00eb Katedralen \u2018Ngjallja e Krishtit\u2019 n\u00eb Tiran\u00eb vazhdojn\u00eb homazhet p\u00ebr kryepeshkopin Anastas Janullatos, q\u00eb u nda nga jeta m\u00ebngjesin e s\u00eb shtun\u00ebs n\u00eb Athin\u00eb. Qindra besimtar\u00eb i japin lamtumir\u00ebn e fundit gjat\u00eb nat\u00ebs dhe dit\u00ebs s\u00eb sotme, nd\u00ebrsa ceremonia mortore do t\u00eb mbahet nes\u00ebr n\u00eb or\u00ebn 11:00 pas mbarimit t\u00eb Liturgjis\u00eb Hyjnore. Kreu i Komunitetit [&hellip;]<\/p>\n","protected":false,"gt_translate_keys":[{"key":"rendered","format":"html"}]},"author":49,"featured_media":721668,"comment_status":"closed","ping_status":"open","sticky":false,"template":"","format":"standard","meta":{"footnotes":""},"categories":[65],"tags":[],"class_list":["post-721667","post","type-post","status-publish","format-standard","has-post-thumbnail","hentry","category-lajme"],"gt_translate_keys":[{"key":"link","format":"url"}],"_links":{"self":[{"href":"https:\/\/www.hashtag.al\/index.php\/wp-json\/wp\/v2\/posts\/721667","targetHints":{"allow":["GET"]}}],"collection":[{"href":"https:\/\/www.hashtag.al\/index.php\/wp-json\/wp\/v2\/posts"}],"about":[{"href":"https:\/\/www.hashtag.al\/index.php\/wp-json\/wp\/v2\/types\/post"}],"author":[{"embeddable":true,"href":"https:\/\/www.hashtag.al\/index.php\/wp-json\/wp\/v2\/users\/49"}],"replies":[{"embeddable":true,"href":"https:\/\/www.hashtag.al\/index.php\/wp-json\/wp\/v2\/comments?post=721667"}],"version-history":[{"count":99999,"href":"https:\/\/www.hashtag.al\/index.php\/wp-json\/wp\/v2\/posts\/721667\/revisions"}],"predecessor-version":[{"id":721670,"href":"https:\/\/www.hashtag.al\/index.php\/wp-json\/wp\/v2\/posts\/721667\/revisions\/721670"}],"wp:featuredmedia":[{"embeddable":true,"href":"https:\/\/www.hashtag.al\/index.php\/wp-json\/wp\/v2\/media\/721668"}],"wp:attachment":[{"href":"https:\/\/www.hashtag.al\/index.php\/wp-json\/wp\/v2\/media?parent=721667"}],"wp:term":[{"taxonomy":"category","embeddable":true,"href":"https:\/\/www.hashtag.al\/index.php\/wp-json\/wp\/v2\/categories?post=721667"},{"taxonomy":"post_tag","embeddable":true,"href":"https:\/\/www.hashtag.al\/index.php\/wp-json\/wp\/v2\/tags?post=721667"}],"curies":[{"name":"wp","href":"https:\/\/api.w.org\/{rel}","templated":true}]}}