{"id":721386,"date":"2025-01-28T08:33:40","date_gmt":"2025-01-28T07:33:40","guid":{"rendered":"https:\/\/www.hashtag.al\/?p=721386"},"modified":"2025-01-28T08:35:02","modified_gmt":"2025-01-28T07:35:02","slug":"hajdutet-hedhin-ne-ere-dere-e-muzeut-holandez-grabisin-helmeten-e-arte-2400-vjecare","status":"publish","type":"post","link":"https:\/\/www.hashtag.al\/index.php\/2025\/01\/28\/hajdutet-hedhin-ne-ere-dere-e-muzeut-holandez-grabisin-helmeten-e-arte-2400-vjecare\/","title":{"rendered":"Hajdut\u00ebt hedhin n\u00eb er\u00eb der\u00ebn e muzeut holandez, grabisin helmet\u00ebn e art\u00eb 2400-vje\u00e7are","gt_translate_keys":[{"key":"rendered","format":"text"}]},"content":{"rendered":"<p><img loading=\"lazy\" decoding=\"async\" class=\"aligncenter size-full wp-image-721387\" src=\"https:\/\/www.hashtag.al\/wp-content\/uploads\/2025\/01\/politie2018imageset-genericlandscape-scaled.webp\" alt=\"\" width=\"1884\" height=\"2560\" srcset=\"https:\/\/www.hashtag.al\/wp-content\/uploads\/2025\/01\/politie2018imageset-genericlandscape-scaled.webp 1884w, https:\/\/www.hashtag.al\/wp-content\/uploads\/2025\/01\/politie2018imageset-genericlandscape-221x300.webp 221w, https:\/\/www.hashtag.al\/wp-content\/uploads\/2025\/01\/politie2018imageset-genericlandscape-753x1024.webp 753w, https:\/\/www.hashtag.al\/wp-content\/uploads\/2025\/01\/politie2018imageset-genericlandscape-768x1044.webp 768w, https:\/\/www.hashtag.al\/wp-content\/uploads\/2025\/01\/politie2018imageset-genericlandscape-1130x1536.webp 1130w, https:\/\/www.hashtag.al\/wp-content\/uploads\/2025\/01\/politie2018imageset-genericlandscape-1507x2048.webp 1507w\" sizes=\"auto, (max-width: 1884px) 100vw, 1884px\" \/><\/p>\n<p><span style=\"color: #000000;\">Policia n\u00eb Holand\u00eb \u00ebsht\u00eb n\u00eb k\u00ebrkim t\u00eb t\u00eb dyshuarve pasi grabit\u00ebsit hap\u00ebn der\u00ebn e nj\u00eb muzeu historik her\u00ebt n\u00eb fundjav\u00eb duke vjedhur nj\u00eb p\u00ebrkrenare t\u00eb art\u00eb 2,450-vje\u00e7are si dhe byzylyk\u00eb t\u00eb art\u00eb q\u00eb i p\u00ebrkasin familjes mbret\u00ebrore t\u00eb lasht\u00eb t\u00eb Dacis\u00eb.<\/span><\/p>\n<p><span style=\"color: #000000;\">Policia mori nj\u00eb raport p\u00ebr nj\u00eb shp\u00ebrthim n\u00eb Muzeun Drents n\u00eb Assen, nj\u00eb qytet i vog\u00ebl verilindor i njohur p\u00ebr sportet motorike dhe nd\u00ebrtesat piktoreske, rreth or\u00ebs 3:45 t\u00eb m\u00ebngjesit t\u00eb s\u00eb shtun\u00ebs, ku zbuloi se t\u00eb pakt\u00ebn kat\u00ebr artefakte t\u00eb lashta t\u00eb huazuara nga Muzeu Historik Komb\u00ebtar i Rumanis\u00eb, ishin grabitur.<\/span><\/p>\n<p><span style=\"color: #000000;\">Artefaktet e vjedhura &#8211; t\u00eb p\u00ebrshkruara nga muzeu si \u201ckryevepra arkeologjike\u201d &#8211; p\u00ebrfshijn\u00eb p\u00ebrkrenaren e art\u00eb t\u00eb Cotofenesti, nj\u00eb relike e famshme q\u00eb daton af\u00ebrsisht n\u00eb vitin 450 p.e.s.<\/span><\/p>\n<p><span style=\"color: #000000;\">P\u00ebrkrenarja princ\u00ebrore u zbulua p\u00ebr her\u00eb t\u00eb par\u00eb nga nj\u00eb f\u00ebmij\u00eb n\u00eb nj\u00eb fshat t\u00eb vog\u00ebl rumun n\u00eb vitin 1927 dhe p\u00ebsoi d\u00ebmtime p\u00ebrgjat\u00eb viteve pasi u p\u00ebrdor si lod\u00ebr dhe m\u00eb von\u00eb si nj\u00eb en\u00eb uji p\u00ebr pulat, sipas Muzeut Drents. \u00cbsht\u00eb zbukuruar n\u00eb m\u00ebnyr\u00eb t\u00eb nd\u00ebrlikuar me dy sy t\u00eb m\u00ebdhenj n\u00eb pjes\u00ebn e p\u00ebrparme t\u00eb helmet\u00ebs, mbi kock\u00ebn e vetull\u00ebs s\u00eb p\u00ebrdoruesit, dhe ka disa krijesa mitologjike t\u00eb gdhendura n\u00eb t\u00eb, si dhe nj\u00eb personazh mashkull q\u00eb mban nj\u00eb kam\u00eb dhe duket se sakrifikon nj\u00eb dash.<\/span><\/p>\n<p><img loading=\"lazy\" decoding=\"async\" class=\"aligncenter size-full wp-image-721388\" src=\"https:\/\/www.hashtag.al\/wp-content\/uploads\/2025\/01\/politie2018imageset-genericlandscape-1.webp\" alt=\"\" width=\"1110\" height=\"740\" srcset=\"https:\/\/www.hashtag.al\/wp-content\/uploads\/2025\/01\/politie2018imageset-genericlandscape-1.webp 1110w, https:\/\/www.hashtag.al\/wp-content\/uploads\/2025\/01\/politie2018imageset-genericlandscape-1-300x200.webp 300w, https:\/\/www.hashtag.al\/wp-content\/uploads\/2025\/01\/politie2018imageset-genericlandscape-1-1024x683.webp 1024w, https:\/\/www.hashtag.al\/wp-content\/uploads\/2025\/01\/politie2018imageset-genericlandscape-1-768x512.webp 768w\" sizes=\"auto, (max-width: 1110px) 100vw, 1110px\" \/><\/p>\n<p><span style=\"color: #000000;\">Helmeta \u00ebsht\u00eb sh\u00ebnuar n\u00eb disa libra historie dhe katalog\u00eb arkeologjik\u00eb dhe dikur u rikrijua p\u00ebr nj\u00eb film rumun t\u00eb viteve 1960 t\u00eb quajtur &#8220;The Dacians&#8221;.<\/span><\/p>\n<p><span style=\"color: #000000;\">Nd\u00ebrkoh\u00eb, byzylyk\u00ebt e vjedhur &#8211; byzylyk\u00eb dredha-dredha ari me shenja t\u00eb nd\u00ebrlikuara t\u00eb gdhendura &#8211; jan\u00eb t\u00eb lidhura me figurat mbret\u00ebrore daciane dhe datojn\u00eb rreth vitit 50 p.e.s.<\/span><\/p>\n<p><span style=\"color: #000000;\">Drejtori i p\u00ebrgjithsh\u00ebm i muzeut, Harry Tupan, tha se institucioni nuk kishte par\u00eb kurr\u00eb &#8220;nj\u00eb incident kaq t\u00eb r\u00ebnd\u00eb&#8221; n\u00eb historin\u00eb e tij 170-vje\u00e7are.<\/span><\/p>\n<p><span style=\"color: #000000;\"><em>\u201cKjo \u00ebsht\u00eb nj\u00eb dit\u00eb e zez\u00eb p\u00ebr Muzeun Drents n\u00eb Assen dhe Muzeun Historik Komb\u00ebtar t\u00eb Rumanis\u00eb n\u00eb Bukuresht. Jemi shum\u00eb t\u00eb tronditur\u201d<\/em>, tha ai.<\/span><\/p>\n<p><span style=\"color: #000000;\">Policia tha se po shqyrton pamjet e kamerave t\u00eb siguris\u00eb, po kontrollon lagjen p\u00ebrreth muzeut dhe po kryen nj\u00eb ekspertiz\u00eb mjeko-ligjore t\u00eb vendit t\u00eb ngjarjes. Autoritetet kan\u00eb p\u00ebrfshir\u00eb gjithashtu Interpolin.<\/span><\/p>\n<p><img loading=\"lazy\" decoding=\"async\" class=\"aligncenter size-full wp-image-721389\" src=\"https:\/\/www.hashtag.al\/wp-content\/uploads\/2025\/01\/023b391c99d9a22f4321f2211a8e994fa7df8cb0.jpg\" alt=\"\" width=\"540\" height=\"360\" srcset=\"https:\/\/www.hashtag.al\/wp-content\/uploads\/2025\/01\/023b391c99d9a22f4321f2211a8e994fa7df8cb0.jpg 540w, https:\/\/www.hashtag.al\/wp-content\/uploads\/2025\/01\/023b391c99d9a22f4321f2211a8e994fa7df8cb0-300x200.jpg 300w\" sizes=\"auto, (max-width: 540px) 100vw, 540px\" \/><\/p>\n","protected":false,"gt_translate_keys":[{"key":"rendered","format":"html"}]},"excerpt":{"rendered":"<p>Policia n\u00eb Holand\u00eb \u00ebsht\u00eb n\u00eb k\u00ebrkim t\u00eb t\u00eb dyshuarve pasi grabit\u00ebsit hap\u00ebn der\u00ebn e nj\u00eb muzeu historik her\u00ebt n\u00eb fundjav\u00eb duke vjedhur nj\u00eb p\u00ebrkrenare t\u00eb art\u00eb 2,450-vje\u00e7are si dhe byzylyk\u00eb t\u00eb art\u00eb q\u00eb i p\u00ebrkasin familjes mbret\u00ebrore t\u00eb lasht\u00eb t\u00eb Dacis\u00eb. Policia mori nj\u00eb raport p\u00ebr nj\u00eb shp\u00ebrthim n\u00eb Muzeun Drents n\u00eb Assen, nj\u00eb qytet [&hellip;]<\/p>\n","protected":false,"gt_translate_keys":[{"key":"rendered","format":"html"}]},"author":51,"featured_media":721387,"comment_status":"closed","ping_status":"open","sticky":false,"template":"","format":"standard","meta":{"footnotes":""},"categories":[53],"tags":[],"class_list":["post-721386","post","type-post","status-publish","format-standard","has-post-thumbnail","hentry","category-fast-foodi"],"gt_translate_keys":[{"key":"link","format":"url"}],"_links":{"self":[{"href":"https:\/\/www.hashtag.al\/index.php\/wp-json\/wp\/v2\/posts\/721386","targetHints":{"allow":["GET"]}}],"collection":[{"href":"https:\/\/www.hashtag.al\/index.php\/wp-json\/wp\/v2\/posts"}],"about":[{"href":"https:\/\/www.hashtag.al\/index.php\/wp-json\/wp\/v2\/types\/post"}],"author":[{"embeddable":true,"href":"https:\/\/www.hashtag.al\/index.php\/wp-json\/wp\/v2\/users\/51"}],"replies":[{"embeddable":true,"href":"https:\/\/www.hashtag.al\/index.php\/wp-json\/wp\/v2\/comments?post=721386"}],"version-history":[{"count":99999,"href":"https:\/\/www.hashtag.al\/index.php\/wp-json\/wp\/v2\/posts\/721386\/revisions"}],"predecessor-version":[{"id":721391,"href":"https:\/\/www.hashtag.al\/index.php\/wp-json\/wp\/v2\/posts\/721386\/revisions\/721391"}],"wp:featuredmedia":[{"embeddable":true,"href":"https:\/\/www.hashtag.al\/index.php\/wp-json\/wp\/v2\/media\/721387"}],"wp:attachment":[{"href":"https:\/\/www.hashtag.al\/index.php\/wp-json\/wp\/v2\/media?parent=721386"}],"wp:term":[{"taxonomy":"category","embeddable":true,"href":"https:\/\/www.hashtag.al\/index.php\/wp-json\/wp\/v2\/categories?post=721386"},{"taxonomy":"post_tag","embeddable":true,"href":"https:\/\/www.hashtag.al\/index.php\/wp-json\/wp\/v2\/tags?post=721386"}],"curies":[{"name":"wp","href":"https:\/\/api.w.org\/{rel}","templated":true}]}}