{"id":721356,"date":"2025-01-27T21:19:49","date_gmt":"2025-01-27T20:19:49","guid":{"rendered":"https:\/\/www.hashtag.al\/?p=721356"},"modified":"2025-01-27T21:19:49","modified_gmt":"2025-01-27T20:19:49","slug":"ahmetaj-rama-e-shkarkoi-ervin-hoxhen-si-te-korruptuar-tani-e-ka-minister-te-brendshem","status":"publish","type":"post","link":"https:\/\/www.hashtag.al\/index.php\/2025\/01\/27\/ahmetaj-rama-e-shkarkoi-ervin-hoxhen-si-te-korruptuar-tani-e-ka-minister-te-brendshem\/","title":{"rendered":"Ahmetaj: Rama e shkarkoi Ervin Hoxh\u00ebn si t\u00eb korruptuar tani e ka Minist\u00ebr t\u00eb Brendsh\u00ebm","gt_translate_keys":[{"key":"rendered","format":"text"}]},"content":{"rendered":"<p><span style=\"color: #000000;\"><img loading=\"lazy\" decoding=\"async\" class=\"aligncenter wp-image-721357 size-full\" src=\"https:\/\/www.hashtag.al\/wp-content\/uploads\/2025\/01\/ahmetaj1.png\" alt=\"\" width=\"771\" height=\"385\" srcset=\"https:\/\/www.hashtag.al\/wp-content\/uploads\/2025\/01\/ahmetaj1.png 771w, https:\/\/www.hashtag.al\/wp-content\/uploads\/2025\/01\/ahmetaj1-300x150.png 300w, https:\/\/www.hashtag.al\/wp-content\/uploads\/2025\/01\/ahmetaj1-768x384.png 768w\" sizes=\"auto, (max-width: 771px) 100vw, 771px\" \/><\/span><\/p>\n<p><span style=\"color: #000000;\">Arben Ahmetaj duke komentuar vendimet e kryeministrit Rama zbuloi se Ministri aktual i Brendsh\u00ebm \u00ebsht\u00eb shkarkuar nga vet\u00eb Rama si i korruptuar kur ka qen\u00eb n\u00eb strukturat e Ministris\u00eb s\u00eb Financave.<\/span><\/p>\n<p><span style=\"color: #000000;\">Ahmetaj tha se n\u00eb momentin q\u00eb \u00ebsht\u00eb propozuar shkarkimi i tij me k\u00ebrkes\u00eb t\u00eb kryeministrit Edi Rama e ka pyetur se \u00e7far\u00eb ka b\u00ebr\u00eb, ai i \u00ebsht\u00eb p\u00ebrgjigjur se \u00ebsht\u00eb njeri i korruptuar.<\/span><\/p>\n<p><span style=\"color: #000000;\">Por sot Rama e ka minist\u00ebr t\u00eb Brendsh\u00ebm.<\/span><\/p>\n<p><span style=\"color: #000000;\">Ahmetaj tha se Ervin Hoxha u em\u00ebrua minist\u00ebr nga krimi i organizuar dhe Belinda Balluku.<\/span><\/p>\n<p><span style=\"color: #000000;\">\u201c<em>Ministri i Brendsh\u00ebm \u00ebsht\u00eb histori m\u00eb vete, kapitull m\u00eb vete q\u00eb, &#8216;for the record&#8217;. Kreu i organizat\u00ebs, dikur, kur punonte si drejtor i hetimit tatimor e shkarkoi nga puna p\u00ebr korrupsion<\/em>\u201d-tha Ahmetaj.<\/span><\/p>\n","protected":false,"gt_translate_keys":[{"key":"rendered","format":"html"}]},"excerpt":{"rendered":"<p>Arben Ahmetaj duke komentuar vendimet e kryeministrit Rama zbuloi se Ministri aktual i Brendsh\u00ebm \u00ebsht\u00eb shkarkuar nga vet\u00eb Rama si i korruptuar kur ka qen\u00eb n\u00eb strukturat e Ministris\u00eb s\u00eb Financave. Ahmetaj tha se n\u00eb momentin q\u00eb \u00ebsht\u00eb propozuar shkarkimi i tij me k\u00ebrkes\u00eb t\u00eb kryeministrit Edi Rama e ka pyetur se \u00e7far\u00eb ka b\u00ebr\u00eb, [&hellip;]<\/p>\n","protected":false,"gt_translate_keys":[{"key":"rendered","format":"html"}]},"author":32,"featured_media":721357,"comment_status":"closed","ping_status":"open","sticky":false,"template":"","format":"standard","meta":{"footnotes":""},"categories":[65,13],"tags":[],"class_list":["post-721356","post","type-post","status-publish","format-standard","has-post-thumbnail","hentry","category-lajme","category-te-fundit"],"gt_translate_keys":[{"key":"link","format":"url"}],"_links":{"self":[{"href":"https:\/\/www.hashtag.al\/index.php\/wp-json\/wp\/v2\/posts\/721356","targetHints":{"allow":["GET"]}}],"collection":[{"href":"https:\/\/www.hashtag.al\/index.php\/wp-json\/wp\/v2\/posts"}],"about":[{"href":"https:\/\/www.hashtag.al\/index.php\/wp-json\/wp\/v2\/types\/post"}],"author":[{"embeddable":true,"href":"https:\/\/www.hashtag.al\/index.php\/wp-json\/wp\/v2\/users\/32"}],"replies":[{"embeddable":true,"href":"https:\/\/www.hashtag.al\/index.php\/wp-json\/wp\/v2\/comments?post=721356"}],"version-history":[{"count":99999,"href":"https:\/\/www.hashtag.al\/index.php\/wp-json\/wp\/v2\/posts\/721356\/revisions"}],"predecessor-version":[{"id":721358,"href":"https:\/\/www.hashtag.al\/index.php\/wp-json\/wp\/v2\/posts\/721356\/revisions\/721358"}],"wp:featuredmedia":[{"embeddable":true,"href":"https:\/\/www.hashtag.al\/index.php\/wp-json\/wp\/v2\/media\/721357"}],"wp:attachment":[{"href":"https:\/\/www.hashtag.al\/index.php\/wp-json\/wp\/v2\/media?parent=721356"}],"wp:term":[{"taxonomy":"category","embeddable":true,"href":"https:\/\/www.hashtag.al\/index.php\/wp-json\/wp\/v2\/categories?post=721356"},{"taxonomy":"post_tag","embeddable":true,"href":"https:\/\/www.hashtag.al\/index.php\/wp-json\/wp\/v2\/tags?post=721356"}],"curies":[{"name":"wp","href":"https:\/\/api.w.org\/{rel}","templated":true}]}}