{"id":721353,"date":"2025-01-27T21:01:34","date_gmt":"2025-01-27T20:01:34","guid":{"rendered":"https:\/\/www.hashtag.al\/?p=721353"},"modified":"2025-01-27T21:01:34","modified_gmt":"2025-01-27T20:01:34","slug":"rama-eshte-kreu-i-organizates-dhe-belinda-balluku-eshte-plackitesja-me-e-madhe-e-buxhetit-te-shtetit","status":"publish","type":"post","link":"https:\/\/www.hashtag.al\/index.php\/2025\/01\/27\/rama-eshte-kreu-i-organizates-dhe-belinda-balluku-eshte-plackitesja-me-e-madhe-e-buxhetit-te-shtetit\/","title":{"rendered":"Rama \u00ebsht\u00eb kreu i organizat\u00ebs dhe Belinda Balluku \u00ebsht\u00eb pla\u00e7kit\u00ebsja m\u00eb e madhe e buxhetit t\u00eb shtetit","gt_translate_keys":[{"key":"rendered","format":"text"}]},"content":{"rendered":"<p><span style=\"color: #000000;\"><img loading=\"lazy\" decoding=\"async\" class=\"aligncenter wp-image-721354 size-full\" src=\"https:\/\/www.hashtag.al\/wp-content\/uploads\/2025\/01\/Ahmetaj.png\" alt=\"\" width=\"802\" height=\"385\" srcset=\"https:\/\/www.hashtag.al\/wp-content\/uploads\/2025\/01\/Ahmetaj.png 802w, https:\/\/www.hashtag.al\/wp-content\/uploads\/2025\/01\/Ahmetaj-300x144.png 300w, https:\/\/www.hashtag.al\/wp-content\/uploads\/2025\/01\/Ahmetaj-768x369.png 768w\" sizes=\"auto, (max-width: 802px) 100vw, 802px\" \/><\/span><\/p>\n<p><span style=\"color: #000000;\">Ish-z\u00ebvend\u00ebskryeministri Arben Ahmetaj n\u00eb intervist\u00ebn e tret\u00eb nga arratia p\u00ebr Syri TV e cil\u00ebsoi Edi Ram\u00ebn kreun e organizat\u00ebs dhe ministren e Infrastruktur\u00ebs dhe Energjis\u00eb si pla\u00e7kit\u00ebsen m\u00eb t\u00eb madhe t\u00eb buxhetit t\u00eb shtetit.<\/span><\/p>\n<p><span style=\"color: #000000;\">Ahmetaj tha se Rama u tall n\u00eb p\u00ebrpjekje p\u00ebr ta denigruar me arrestimin e tij.<\/span><\/p>\n<p><span style=\"color: #000000;\">\u201c<em>M\u00eb besoni duke marr\u00eb referenca t\u00eb v\u00ebrteta nga bizneset sot. Sot d\u00ebmi q\u00eb ka shkaktuar Belinda Ballukut n\u00eb buxhet shkon dyfishi i t\u00ebrmetit t\u00eb vitit 2019. Vazhdon t\u00eb mbaj\u00eb rekord e ka \u00e7uar n\u00eb 11 miliard\u00eb dollar\u00eb nivelin e tenderave. Vet\u00ebm me tunelin e Llogaras\u00eb ka g\u00eblltitur me dy incenerator\u00eb t\u00eb Fierit dhe Elbasanit dhe baras me 15 shkolla t\u00eb m\u00ebdha<\/em>\u201d-deklaroi Ahmetaj.<\/span><\/p>\n","protected":false,"gt_translate_keys":[{"key":"rendered","format":"html"}]},"excerpt":{"rendered":"<p>Ish-z\u00ebvend\u00ebskryeministri Arben Ahmetaj n\u00eb intervist\u00ebn e tret\u00eb nga arratia p\u00ebr Syri TV e cil\u00ebsoi Edi Ram\u00ebn kreun e organizat\u00ebs dhe ministren e Infrastruktur\u00ebs dhe Energjis\u00eb si pla\u00e7kit\u00ebsen m\u00eb t\u00eb madhe t\u00eb buxhetit t\u00eb shtetit. Ahmetaj tha se Rama u tall n\u00eb p\u00ebrpjekje p\u00ebr ta denigruar me arrestimin e tij. \u201cM\u00eb besoni duke marr\u00eb referenca t\u00eb [&hellip;]<\/p>\n","protected":false,"gt_translate_keys":[{"key":"rendered","format":"html"}]},"author":32,"featured_media":721354,"comment_status":"closed","ping_status":"open","sticky":false,"template":"","format":"standard","meta":{"footnotes":""},"categories":[65,13],"tags":[],"class_list":["post-721353","post","type-post","status-publish","format-standard","has-post-thumbnail","hentry","category-lajme","category-te-fundit"],"gt_translate_keys":[{"key":"link","format":"url"}],"_links":{"self":[{"href":"https:\/\/www.hashtag.al\/index.php\/wp-json\/wp\/v2\/posts\/721353","targetHints":{"allow":["GET"]}}],"collection":[{"href":"https:\/\/www.hashtag.al\/index.php\/wp-json\/wp\/v2\/posts"}],"about":[{"href":"https:\/\/www.hashtag.al\/index.php\/wp-json\/wp\/v2\/types\/post"}],"author":[{"embeddable":true,"href":"https:\/\/www.hashtag.al\/index.php\/wp-json\/wp\/v2\/users\/32"}],"replies":[{"embeddable":true,"href":"https:\/\/www.hashtag.al\/index.php\/wp-json\/wp\/v2\/comments?post=721353"}],"version-history":[{"count":99999,"href":"https:\/\/www.hashtag.al\/index.php\/wp-json\/wp\/v2\/posts\/721353\/revisions"}],"predecessor-version":[{"id":721355,"href":"https:\/\/www.hashtag.al\/index.php\/wp-json\/wp\/v2\/posts\/721353\/revisions\/721355"}],"wp:featuredmedia":[{"embeddable":true,"href":"https:\/\/www.hashtag.al\/index.php\/wp-json\/wp\/v2\/media\/721354"}],"wp:attachment":[{"href":"https:\/\/www.hashtag.al\/index.php\/wp-json\/wp\/v2\/media?parent=721353"}],"wp:term":[{"taxonomy":"category","embeddable":true,"href":"https:\/\/www.hashtag.al\/index.php\/wp-json\/wp\/v2\/categories?post=721353"},{"taxonomy":"post_tag","embeddable":true,"href":"https:\/\/www.hashtag.al\/index.php\/wp-json\/wp\/v2\/tags?post=721353"}],"curies":[{"name":"wp","href":"https:\/\/api.w.org\/{rel}","templated":true}]}}