{"id":721183,"date":"2025-01-26T18:15:26","date_gmt":"2025-01-26T17:15:26","guid":{"rendered":"https:\/\/www.hashtag.al\/?p=721183"},"modified":"2025-01-26T18:15:26","modified_gmt":"2025-01-26T17:15:26","slug":"dyshohet-se-plagosi-me-thike-53-vjecarin-policia-ne-kerkim-te-te-riut","status":"publish","type":"post","link":"https:\/\/www.hashtag.al\/index.php\/2025\/01\/26\/dyshohet-se-plagosi-me-thike-53-vjecarin-policia-ne-kerkim-te-te-riut\/","title":{"rendered":"Dyshohet se plagosi me thik\u00eb 53-vje\u00e7arin, policia n\u00eb k\u00ebrkim t\u00eb t\u00eb riut","gt_translate_keys":[{"key":"rendered","format":"text"}]},"content":{"rendered":"<p><span style=\"color: #000000;\"><img loading=\"lazy\" decoding=\"async\" class=\"aligncenter wp-image-721184 size-full\" src=\"https:\/\/www.hashtag.al\/wp-content\/uploads\/2025\/01\/tirane-plagosje.jpg\" alt=\"\" width=\"1087\" height=\"623\" srcset=\"https:\/\/www.hashtag.al\/wp-content\/uploads\/2025\/01\/tirane-plagosje.jpg 1087w, https:\/\/www.hashtag.al\/wp-content\/uploads\/2025\/01\/tirane-plagosje-300x172.jpg 300w, https:\/\/www.hashtag.al\/wp-content\/uploads\/2025\/01\/tirane-plagosje-1024x587.jpg 1024w, https:\/\/www.hashtag.al\/wp-content\/uploads\/2025\/01\/tirane-plagosje-768x440.jpg 768w\" sizes=\"auto, (max-width: 1087px) 100vw, 1087px\" \/><\/span><\/p>\n<p><span style=\"color: #000000;\">Nj\u00eb plagosje me thik\u00eb ka ndodhur pasditen e sotme n\u00eb zon\u00ebn e Yzberishtit n\u00eb Tiran\u00eb.<\/span><\/p>\n<p><span style=\"color: #000000;\">Nj\u00eb 24-vje\u00e7ar dyshohet se plagosi me mjet prer\u00ebs shtetasin E.Rr 53-vje\u00e7 i cili ndodhet jasht\u00eb rrezikut p\u00ebr jet\u00ebn.<\/span><\/p>\n<p><span style=\"color: #000000;\">\u201c<em>Plagosi me mjet prer\u00ebs nj\u00eb\u00a0 53-vje\u00e7ar pas nj\u00eb konflikti p\u00ebr motive t\u00eb dob\u00ebta, identifikohet autori dhe vijon puna p\u00ebr kapjen e tij.<\/em><\/span><\/p>\n<p><span style=\"color: #000000;\"><em>Sh\u00ebrbimet e Komisariatit t\u00eb Policis\u00eb Nr. 6 n\u00eb bashk\u00ebpunim me Strukturat e DVP Tiran\u00eb, pas marrjes s\u00eb njoftimit se n\u00eb Yzberisht, \u00ebsht\u00eb d\u00ebmtuar nj\u00eb shtetas me mjet prer\u00ebs gjat\u00eb nj\u00eb konflikti p\u00ebr motive t\u00eb dobta menj\u00ebher\u00eb kan\u00eb organizuar pun\u00ebn me q\u00ebllim identifikimin dhe kapjen e autorit si \u00a0dhe dokumentimin e plot\u00eb ligjor\u00a0 t\u00eb ngjarjes.<\/em><\/span><\/p>\n<p><span style=\"color: #000000;\"><em>Si rezultat i reagimit n\u00eb koh\u00eb dhe veprimeve t\u00eb shpejta hetimore u b\u00eb\u00a0 identifikimi i autorit, shtetasit A. P., 24 vje\u00e7, banues n\u00eb Tiran\u00eb dhe vijon puna p\u00ebr kapjen e tij.<\/em><\/span><\/p>\n<p><span style=\"color: #000000;\"><em>Ky shtetas, gjat\u00eb nj\u00eb konflikti p\u00ebr motive t\u00eb dob\u00ebta ka plagosur me nj\u00eb mjet prer\u00ebs shtetasin E. Rr., 53 vje\u00e7, i cili ndodhet jasht\u00eb rrezikut p\u00ebr jet\u00ebn.<\/em><\/span><\/p>\n<p><span style=\"color: #000000;\"><em>Materialet procedurale i kaluan Prokuroris\u00eb, p\u00ebr veprime t\u00eb m\u00ebtejshme<\/em>\u201d-njofton policia.<\/span><\/p>\n","protected":false,"gt_translate_keys":[{"key":"rendered","format":"html"}]},"excerpt":{"rendered":"<p>Nj\u00eb plagosje me thik\u00eb ka ndodhur pasditen e sotme n\u00eb zon\u00ebn e Yzberishtit n\u00eb Tiran\u00eb. Nj\u00eb 24-vje\u00e7ar dyshohet se plagosi me mjet prer\u00ebs shtetasin E.Rr 53-vje\u00e7 i cili ndodhet jasht\u00eb rrezikut p\u00ebr jet\u00ebn. \u201cPlagosi me mjet prer\u00ebs nj\u00eb\u00a0 53-vje\u00e7ar pas nj\u00eb konflikti p\u00ebr motive t\u00eb dob\u00ebta, identifikohet autori dhe vijon puna p\u00ebr kapjen e tij. [&hellip;]<\/p>\n","protected":false,"gt_translate_keys":[{"key":"rendered","format":"html"}]},"author":32,"featured_media":721184,"comment_status":"closed","ping_status":"open","sticky":false,"template":"","format":"standard","meta":{"footnotes":""},"categories":[65,13],"tags":[],"class_list":["post-721183","post","type-post","status-publish","format-standard","has-post-thumbnail","hentry","category-lajme","category-te-fundit"],"gt_translate_keys":[{"key":"link","format":"url"}],"_links":{"self":[{"href":"https:\/\/www.hashtag.al\/index.php\/wp-json\/wp\/v2\/posts\/721183","targetHints":{"allow":["GET"]}}],"collection":[{"href":"https:\/\/www.hashtag.al\/index.php\/wp-json\/wp\/v2\/posts"}],"about":[{"href":"https:\/\/www.hashtag.al\/index.php\/wp-json\/wp\/v2\/types\/post"}],"author":[{"embeddable":true,"href":"https:\/\/www.hashtag.al\/index.php\/wp-json\/wp\/v2\/users\/32"}],"replies":[{"embeddable":true,"href":"https:\/\/www.hashtag.al\/index.php\/wp-json\/wp\/v2\/comments?post=721183"}],"version-history":[{"count":99999,"href":"https:\/\/www.hashtag.al\/index.php\/wp-json\/wp\/v2\/posts\/721183\/revisions"}],"predecessor-version":[{"id":721185,"href":"https:\/\/www.hashtag.al\/index.php\/wp-json\/wp\/v2\/posts\/721183\/revisions\/721185"}],"wp:featuredmedia":[{"embeddable":true,"href":"https:\/\/www.hashtag.al\/index.php\/wp-json\/wp\/v2\/media\/721184"}],"wp:attachment":[{"href":"https:\/\/www.hashtag.al\/index.php\/wp-json\/wp\/v2\/media?parent=721183"}],"wp:term":[{"taxonomy":"category","embeddable":true,"href":"https:\/\/www.hashtag.al\/index.php\/wp-json\/wp\/v2\/categories?post=721183"},{"taxonomy":"post_tag","embeddable":true,"href":"https:\/\/www.hashtag.al\/index.php\/wp-json\/wp\/v2\/tags?post=721183"}],"curies":[{"name":"wp","href":"https:\/\/api.w.org\/{rel}","templated":true}]}}