{"id":720774,"date":"2025-01-23T19:58:44","date_gmt":"2025-01-23T18:58:44","guid":{"rendered":"https:\/\/www.hashtag.al\/?p=720774"},"modified":"2025-01-23T19:58:44","modified_gmt":"2025-01-23T18:58:44","slug":"kryeministri-sllovak-paralajmeron-per-perpjekje-per-grusht-shteti-nga-grupet-qe-veprojne-ne-ukraine-dhe-gjeorgji","status":"publish","type":"post","link":"https:\/\/www.hashtag.al\/index.php\/2025\/01\/23\/kryeministri-sllovak-paralajmeron-per-perpjekje-per-grusht-shteti-nga-grupet-qe-veprojne-ne-ukraine-dhe-gjeorgji\/","title":{"rendered":"Kryeministri sllovak paralajm\u00ebron p\u00ebr p\u00ebrpjekje p\u00ebr grusht shteti nga grupet q\u00eb veprojn\u00eb n\u00eb Ukrain\u00eb dhe Gjeorgji","gt_translate_keys":[{"key":"rendered","format":"text"}]},"content":{"rendered":"<p><span style=\"color: #000000;\"><img loading=\"lazy\" decoding=\"async\" class=\"aligncenter wp-image-720775 size-full\" src=\"https:\/\/www.hashtag.al\/wp-content\/uploads\/2025\/01\/thumbs_b_c_b74751b47de97992d3fccc7329ed4848.jpg\" alt=\"\" width=\"864\" height=\"486\" srcset=\"https:\/\/www.hashtag.al\/wp-content\/uploads\/2025\/01\/thumbs_b_c_b74751b47de97992d3fccc7329ed4848.jpg 864w, https:\/\/www.hashtag.al\/wp-content\/uploads\/2025\/01\/thumbs_b_c_b74751b47de97992d3fccc7329ed4848-300x169.jpg 300w, https:\/\/www.hashtag.al\/wp-content\/uploads\/2025\/01\/thumbs_b_c_b74751b47de97992d3fccc7329ed4848-768x432.jpg 768w\" sizes=\"auto, (max-width: 864px) 100vw, 864px\" \/><\/span><\/p>\n<p><span style=\"color: #000000;\">Kryeministri sllovak, Robert Fico, ka pretenduar se nj\u00eb grup ekspert\u00ebsh q\u00eb mor\u00ebn pjes\u00eb n\u00eb protestat n\u00eb Ukrain\u00eb n\u00eb vitin 2014 dhe n\u00eb Gjeorgji vitin e kaluar po vepron n\u00eb vendin e tij, transmeton <span style=\"color: #0000ff;\"><a style=\"color: #0000ff;\" href=\"https:\/\/www.aa.com.tr\/sq\/bota\/kryeministri-sllovak-paralajm%C3%ABron-p%C3%ABr-p%C3%ABrpjekje-p%C3%ABr-grusht-shtet-nga-grupet-q%C3%AB-veprojn%C3%AB-n%C3%AB-ukrain%C3%AB-dhe-gjeorgji\/3460575\">Anadolu.<\/a><\/span><\/span><\/p>\n<p><span style=\"color: #000000;\"><em>\u201cMund t\u00eb konfirmoj se ekziston nj\u00eb grup ekspert\u00ebsh n\u00eb Sllovaki q\u00eb mor\u00ebn pjes\u00eb n\u00eb ngjarjet n\u00eb Gjeorgji dhe mor\u00ebn pjes\u00eb aktive n\u00eb procesin Maidan n\u00eb Ukrain\u00eb. Ky grup financohet nga burime t\u00eb ndryshme<\/em>\u201d, paralajm\u00ebroi Fico.<\/span><\/p>\n<p><span style=\"color: #000000;\">Ai shprehu bindje se grupi synon t\u00eb shfryt\u00ebzoj\u00eb protestat paq\u00ebsore duke pushtuar nd\u00ebrtesat qeveritare, Parlamentin dhe Pallatin Presidencial. Ai shtoi se qeveria nuk do t\u00eb marr\u00eb asnj\u00eb mas\u00eb n\u00eb lidhje me t\u00eb drejt\u00ebn kushtetuese p\u00ebr tubim dhe organizim protestash.<\/span><\/p>\n<p><span style=\"color: #000000;\">Fico akuzoi kund\u00ebrshtar\u00ebt politik p\u00ebr planifikimin e nj\u00eb grusht shteti dhe mblodhi K\u00ebshillin e Siguris\u00eb Komb\u00ebtare.<\/span><\/p>\n<p><span style=\"color: #000000;\">Pas K\u00ebshillit t\u00eb Siguris\u00eb Komb\u00ebtare, presidenti Peter Pellegrini ka paralajm\u00ebruar gjithashtu se situata n\u00eb Sllovaki \u00ebsht\u00eb e r\u00ebnd\u00eb dhe se ka shenja t\u00eb nj\u00eb p\u00ebrshkall\u00ebzimi t\u00eb planifikuar t\u00eb tensioneve. Megjithat\u00eb, ai p\u00ebr momentin nuk pret q\u00eb n\u00eb vend t\u00eb shpallet gjendje e jasht\u00ebzakonshme.<\/span><\/p>\n<p><span style=\"color: #000000;\">T\u00eb mart\u00ebn, kryeministri sllovak paraqiti raportin e sh\u00ebrbimit t\u00eb inteligjenc\u00ebs sllovake SIS n\u00eb nj\u00eb seanc\u00eb parlamentare me dyer t\u00eb mbyllura.<\/span><\/p>\n<p><span style=\"color: #000000;\">Sipas nj\u00eb z\u00ebdh\u00ebn\u00ebses s\u00eb sh\u00ebrbimit t\u00eb inteligjenc\u00ebs, raporti p\u00ebrmbante \u201c<em>informacione n\u00eb lidhje me operacionet e ndikimit afatgjat\u00eb dhe t\u00eb organizuar q\u00eb synojn\u00eb destabilizimin e Sllovakis\u00eb\u201d.<\/em><\/span><\/p>\n<p><span style=\"color: #000000;\">Grupet qytetare q\u00eb organizojn\u00eb protesta dhe opozita d\u00ebnuan deklaratat e kryeministrit Fico. Partia m\u00eb e madhe opozitare, Sllovakia Progresive (PS), \u00ebsht\u00eb e bindur se deklaratat synojn\u00eb t\u00eb heshtin dhe t\u00eb mbulojn\u00eb ndarjet e koalicionit dhe d\u00ebshtimet e tij n\u00eb zgjidhjen e problemeve ekonomike dhe sociale.<\/span><\/p>\n","protected":false,"gt_translate_keys":[{"key":"rendered","format":"html"}]},"excerpt":{"rendered":"<p>Kryeministri sllovak, Robert Fico, ka pretenduar se nj\u00eb grup ekspert\u00ebsh q\u00eb mor\u00ebn pjes\u00eb n\u00eb protestat n\u00eb Ukrain\u00eb n\u00eb vitin 2014 dhe n\u00eb Gjeorgji vitin e kaluar po vepron n\u00eb vendin e tij, transmeton Anadolu. \u201cMund t\u00eb konfirmoj se ekziston nj\u00eb grup ekspert\u00ebsh n\u00eb Sllovaki q\u00eb mor\u00ebn pjes\u00eb n\u00eb ngjarjet n\u00eb Gjeorgji dhe mor\u00ebn pjes\u00eb aktive [&hellip;]<\/p>\n","protected":false,"gt_translate_keys":[{"key":"rendered","format":"html"}]},"author":32,"featured_media":720775,"comment_status":"closed","ping_status":"open","sticky":false,"template":"","format":"standard","meta":{"footnotes":""},"categories":[6],"tags":[],"class_list":["post-720774","post","type-post","status-publish","format-standard","has-post-thumbnail","hentry","category-nderkombetare"],"gt_translate_keys":[{"key":"link","format":"url"}],"_links":{"self":[{"href":"https:\/\/www.hashtag.al\/index.php\/wp-json\/wp\/v2\/posts\/720774","targetHints":{"allow":["GET"]}}],"collection":[{"href":"https:\/\/www.hashtag.al\/index.php\/wp-json\/wp\/v2\/posts"}],"about":[{"href":"https:\/\/www.hashtag.al\/index.php\/wp-json\/wp\/v2\/types\/post"}],"author":[{"embeddable":true,"href":"https:\/\/www.hashtag.al\/index.php\/wp-json\/wp\/v2\/users\/32"}],"replies":[{"embeddable":true,"href":"https:\/\/www.hashtag.al\/index.php\/wp-json\/wp\/v2\/comments?post=720774"}],"version-history":[{"count":99999,"href":"https:\/\/www.hashtag.al\/index.php\/wp-json\/wp\/v2\/posts\/720774\/revisions"}],"predecessor-version":[{"id":720796,"href":"https:\/\/www.hashtag.al\/index.php\/wp-json\/wp\/v2\/posts\/720774\/revisions\/720796"}],"wp:featuredmedia":[{"embeddable":true,"href":"https:\/\/www.hashtag.al\/index.php\/wp-json\/wp\/v2\/media\/720775"}],"wp:attachment":[{"href":"https:\/\/www.hashtag.al\/index.php\/wp-json\/wp\/v2\/media?parent=720774"}],"wp:term":[{"taxonomy":"category","embeddable":true,"href":"https:\/\/www.hashtag.al\/index.php\/wp-json\/wp\/v2\/categories?post=720774"},{"taxonomy":"post_tag","embeddable":true,"href":"https:\/\/www.hashtag.al\/index.php\/wp-json\/wp\/v2\/tags?post=720774"}],"curies":[{"name":"wp","href":"https:\/\/api.w.org\/{rel}","templated":true}]}}