{"id":720462,"date":"2025-01-21T16:55:11","date_gmt":"2025-01-21T15:55:11","guid":{"rendered":"https:\/\/www.hashtag.al\/?p=720462"},"modified":"2025-01-21T16:55:11","modified_gmt":"2025-01-21T15:55:11","slug":"shefi-i-ushtrise-izraelite-jep-doreheqje-per-shkak-te-sulmit-te-7-tetorit","status":"publish","type":"post","link":"https:\/\/www.hashtag.al\/index.php\/2025\/01\/21\/shefi-i-ushtrise-izraelite-jep-doreheqje-per-shkak-te-sulmit-te-7-tetorit\/","title":{"rendered":"Shefi i ushtris\u00eb izraelite jep dor\u00ebheqje p\u00ebr shkak t\u00eb sulmit t\u00eb 7 tetorit","gt_translate_keys":[{"key":"rendered","format":"text"}]},"content":{"rendered":"<p><span style=\"color: #000000;\"><img loading=\"lazy\" decoding=\"async\" class=\"alignnone size-medium wp-image-720463\" src=\"https:\/\/www.hashtag.al\/wp-content\/uploads\/2025\/01\/Screenshot-2025-01-21-165333-300x188.png\" alt=\"\" width=\"300\" height=\"188\" srcset=\"https:\/\/www.hashtag.al\/wp-content\/uploads\/2025\/01\/Screenshot-2025-01-21-165333-300x188.png 300w, https:\/\/www.hashtag.al\/wp-content\/uploads\/2025\/01\/Screenshot-2025-01-21-165333-1024x640.png 1024w, https:\/\/www.hashtag.al\/wp-content\/uploads\/2025\/01\/Screenshot-2025-01-21-165333-768x482.png 768w, https:\/\/www.hashtag.al\/wp-content\/uploads\/2025\/01\/Screenshot-2025-01-21-165333.png 1061w\" sizes=\"auto, (max-width: 300px) 100vw, 300px\" \/><\/span><\/p>\n<p><span style=\"color: #000000;\">Shefi i Shtabit t\u00eb P\u00ebrgjithsh\u00ebm t\u00eb Ushtris\u00eb s\u00eb Izraelit, Herzi Halevi, njoftoi t\u00eb mart\u00ebn se ka dor\u00ebzuar dor\u00ebheqjen nga detyra, duke e marr\u00eb p\u00ebrgjegj\u00ebsin\u00eb p\u00ebr sulmin vdekjeprur\u00ebs t\u00eb Hamasit m\u00eb 7 tetor 2023 n\u00eb Izrael.<\/span><\/p>\n<p><span style=\"color: #000000;\">Nd\u00ebrkoh\u00eb, ushtria izraelite e kreu nj\u00eb operacion t\u00eb madh ushtarak n\u00eb Bregun e okupuar Per\u00ebndimor t\u00eb mart\u00ebn, duke i vrar\u00eb gjasht\u00eb njer\u00ebz dhe duke i plagosur 35 t\u00eb tjer\u00eb, sipas Ministris\u00eb palestineze s\u00eb Sh\u00ebndet\u00ebsis\u00eb.<\/span><\/p>\n<p><span style=\"color: #000000;\">Halevi, i cili e mori detyr\u00ebn n\u00eb janar 2023, tha se dor\u00ebheqja e tij do t\u00eb hyj\u00eb n fuqi m\u00eb 6 mars.<\/span><\/p>\n<p><span style=\"color: #000000;\">Gjenerallejt\u00ebnant Halevi \u00ebsht\u00eb zyrtari m\u00eb i lart\u00eb izraelit q\u00eb jep dor\u00ebheqje p\u00ebr shkak t\u00eb d\u00ebshtimit t\u00eb siguris\u00eb m\u00eb 7 tetor 2023, kur mij\u00ebra militant\u00eb t\u00eb udh\u00ebhequr nga Hamasi \u2013 grupi palestinez i shpallur terrorist nga SHBA dhe BE \u2013 u fut\u00ebn n\u00eb jug t\u00eb Izraelit dhe sulmuan komunitetet pran\u00eb kufirit dhe bazat ushtarake.<\/span><\/p>\n<p><span style=\"color: #000000;\">N\u00eb at\u00eb sulm u vran\u00eb 1.200 njer\u00ebz \u2013 kryesisht civil\u00eb \u2013 dhe u rr\u00ebmbyen 250 t\u00eb tjer\u00eb. M\u00eb shum\u00eb se 90 pengje jan\u00eb duke u mbajtur ende n\u00eb Gaz\u00eb, dhe besohet se rreth nj\u00eb e treta e tyre kan\u00eb vdekur tashm\u00eb.<\/span><\/p>\n<p><span style=\"color: #000000;\">N\u00eb letr\u00ebn e tij t\u00eb dor\u00ebheqjes, Halevi tha se ushtria, n\u00ebn udh\u00ebheqjen e tij, \u201cd\u00ebshtoi n\u00eb detyr\u00ebn e saj p\u00ebr ta mbrojtur shtetin e Izraelit\u201d.<\/span><\/p>\n<p>&nbsp;<\/p>\n<p><span style=\"color: #000000;\">Operacioni izraelit n\u00eb Xhenin<\/span><\/p>\n<p><span style=\"color: #000000;\">M\u00eb her\u00ebt, Izraeli njoftoi se po kryente \u201coperacion t\u00eb madh dhe t\u00eb gjer\u00eb ushtarak\u201d kund\u00ebr militant\u00ebve palestinez\u00eb n\u00eb Xhenin.<\/span><\/p>\n<p><span style=\"color: #000000;\">N\u00eb k\u00ebt\u00eb qytet kan\u00eb ndodhur shpesh luftime mes ushtris\u00eb izraelite dhe militant\u00ebve n\u00eb vitet e fundit, madje edhe para sulmit t\u00eb Hamasit m\u00eb 7 tetor, q\u00eb e nxiti luft\u00ebn n\u00eb Gaz\u00eb.<\/span><\/p>\n<p><span style=\"color: #000000;\">Lufta n\u00eb Gaz\u00eb ka shkaktuar viktima t\u00eb shumta dhe d\u00ebme t\u00eb m\u00ebdha materiale. Si pasoj\u00eb e ofensiv\u00ebs izraelite jan\u00eb vrar\u00eb m\u00eb shum\u00eb se 46.000 palestinez\u00eb.<\/span><\/p>\n<p><span style=\"color: #000000;\">Operacioni i s\u00eb mart\u00ebs ndodhi pak dit\u00eb pasi nj\u00eb arm\u00ebpushim i brisht\u00eb mes Hamasit dhe Izraelit n\u00eb Gaz\u00eb hyri n\u00eb fuqi n\u00eb fundjav\u00eb.<\/span><\/p>\n<p><span style=\"color: #000000;\">Izraeli i pushtoi Bregun Per\u00ebndimor, s\u00eb bashku me Gaz\u00ebn dhe Jerusalemin Lindor gjat\u00eb Luft\u00ebs t\u00eb Lindjes s\u00eb Mesme m\u00eb 1967.<\/span><\/p>\n<p><span style=\"color: #000000;\">Palestinez\u00ebt duan q\u00eb k\u00ebto tri territore t\u00eb jen\u00eb pjes\u00eb e shtetit t\u00eb tyre n\u00eb t\u00eb ardhmen.<\/span><\/p>\n<p><span style=\"color: #000000;\">Arm\u00ebpushimi nuk vlen p\u00ebr Bregun Per\u00ebndimor, ku dhuna \u00ebsht\u00eb rritur shum\u00eb q\u00eb nga fillimi i luft\u00ebs. Ushtria izraelite ka kryer operacione n\u00eb Bregun Per\u00ebndimor pothuajse \u00e7do dit\u00eb, t\u00eb cilat shpesh kan\u00eb nxitur luftime.<\/span><\/p>\n<p><span style=\"color: #000000;\">Ka pasur edhe rritje t\u00eb sulmeve t\u00eb ekstremist\u00ebve hebraik\u00eb ndaj palestinez\u00ebve gjat\u00eb k\u00ebsaj kohe, si dhe sulme t\u00eb palestinez\u00ebve ndaj izraelit\u00ebve.\/<span style=\"color: #0000ff;\"><a style=\"color: #0000ff;\" href=\"https:\/\/www.evropaelire.org\/a\/shefi-ushtrise-izraelite-jep-doreheqje\/33283700.html\">REL<\/a><\/span><\/span><\/p>\n","protected":false,"gt_translate_keys":[{"key":"rendered","format":"html"}]},"excerpt":{"rendered":"<p>Shefi i Shtabit t\u00eb P\u00ebrgjithsh\u00ebm t\u00eb Ushtris\u00eb s\u00eb Izraelit, Herzi Halevi, njoftoi t\u00eb mart\u00ebn se ka dor\u00ebzuar dor\u00ebheqjen nga detyra, duke e marr\u00eb p\u00ebrgjegj\u00ebsin\u00eb p\u00ebr sulmin vdekjeprur\u00ebs t\u00eb Hamasit m\u00eb 7 tetor 2023 n\u00eb Izrael. Nd\u00ebrkoh\u00eb, ushtria izraelite e kreu nj\u00eb operacion t\u00eb madh ushtarak n\u00eb Bregun e okupuar Per\u00ebndimor t\u00eb mart\u00ebn, duke i vrar\u00eb [&hellip;]<\/p>\n","protected":false,"gt_translate_keys":[{"key":"rendered","format":"html"}]},"author":32,"featured_media":720463,"comment_status":"closed","ping_status":"open","sticky":false,"template":"","format":"standard","meta":{"footnotes":""},"categories":[6],"tags":[],"class_list":["post-720462","post","type-post","status-publish","format-standard","has-post-thumbnail","hentry","category-nderkombetare"],"gt_translate_keys":[{"key":"link","format":"url"}],"_links":{"self":[{"href":"https:\/\/www.hashtag.al\/index.php\/wp-json\/wp\/v2\/posts\/720462","targetHints":{"allow":["GET"]}}],"collection":[{"href":"https:\/\/www.hashtag.al\/index.php\/wp-json\/wp\/v2\/posts"}],"about":[{"href":"https:\/\/www.hashtag.al\/index.php\/wp-json\/wp\/v2\/types\/post"}],"author":[{"embeddable":true,"href":"https:\/\/www.hashtag.al\/index.php\/wp-json\/wp\/v2\/users\/32"}],"replies":[{"embeddable":true,"href":"https:\/\/www.hashtag.al\/index.php\/wp-json\/wp\/v2\/comments?post=720462"}],"version-history":[{"count":99999,"href":"https:\/\/www.hashtag.al\/index.php\/wp-json\/wp\/v2\/posts\/720462\/revisions"}],"predecessor-version":[{"id":720464,"href":"https:\/\/www.hashtag.al\/index.php\/wp-json\/wp\/v2\/posts\/720462\/revisions\/720464"}],"wp:featuredmedia":[{"embeddable":true,"href":"https:\/\/www.hashtag.al\/index.php\/wp-json\/wp\/v2\/media\/720463"}],"wp:attachment":[{"href":"https:\/\/www.hashtag.al\/index.php\/wp-json\/wp\/v2\/media?parent=720462"}],"wp:term":[{"taxonomy":"category","embeddable":true,"href":"https:\/\/www.hashtag.al\/index.php\/wp-json\/wp\/v2\/categories?post=720462"},{"taxonomy":"post_tag","embeddable":true,"href":"https:\/\/www.hashtag.al\/index.php\/wp-json\/wp\/v2\/tags?post=720462"}],"curies":[{"name":"wp","href":"https:\/\/api.w.org\/{rel}","templated":true}]}}