{"id":720267,"date":"2025-01-20T15:17:21","date_gmt":"2025-01-20T14:17:21","guid":{"rendered":"https:\/\/www.hashtag.al\/?p=720267"},"modified":"2025-01-20T15:17:21","modified_gmt":"2025-01-20T14:17:21","slug":"blushi-pensionistet-me-te-varfer-se-ne-2013-en-vendimi-i-pare-i-pl-se-do-jete-dyfishimi-i-pensioneve","status":"publish","type":"post","link":"https:\/\/www.hashtag.al\/index.php\/2025\/01\/20\/blushi-pensionistet-me-te-varfer-se-ne-2013-en-vendimi-i-pare-i-pl-se-do-jete-dyfishimi-i-pensioneve\/","title":{"rendered":"Blushi: Pensionist\u00ebt m\u00eb t\u00eb varf\u00ebr se n\u00eb 2013-\u00ebn, vendimi i par\u00eb i PL-s\u00eb do jet\u00eb dyfishimi i pensioneve","gt_translate_keys":[{"key":"rendered","format":"text"}]},"content":{"rendered":"<p><span style=\"color: #000000;\"><img loading=\"lazy\" decoding=\"async\" class=\"alignnone size-medium wp-image-675551\" src=\"https:\/\/www.hashtag.al\/wp-content\/uploads\/2024\/05\/tedi-blushi-2-763x450-1-300x177.jpg\" alt=\"\" width=\"300\" height=\"177\" srcset=\"https:\/\/www.hashtag.al\/wp-content\/uploads\/2024\/05\/tedi-blushi-2-763x450-1-300x177.jpg 300w, https:\/\/www.hashtag.al\/wp-content\/uploads\/2024\/05\/tedi-blushi-2-763x450-1-760x450.jpg 760w, https:\/\/www.hashtag.al\/wp-content\/uploads\/2024\/05\/tedi-blushi-2-763x450-1.jpg 763w\" sizes=\"auto, (max-width: 300px) 100vw, 300px\" \/><\/span><\/p>\n<p><span style=\"color: #000000;\">Sekretari i P\u00ebrgjithsh\u00ebm i PL, Tedi Blushi akuzon qeverin\u00eb se ka varf\u00ebruar pensionist\u00ebt. Gjat\u00eb nj\u00eb konference p\u00ebr shtyp, Blushi tha se kryeministri Edi Rama u ka borxh pensionist\u00ebve 1248 euro n\u00eb vit.<\/span><\/p>\n<p><span style=\"color: #000000;\">Sipas tij, pensionist\u00ebt sot jan\u00eb m\u00eb t\u00eb varf\u00ebr se n\u00eb vitin 2013.<\/span><\/p>\n<p><span style=\"color: #000000;\"><em>\u00a0\u201cVendimi i par\u00eb i PL n\u00eb Qeveri do t\u00eb jet\u00eb dyfishimi i pensioneve\u201d,<\/em> tha ai.<\/span><\/p>\n<p>&nbsp;<\/p>\n<p><span style=\"color: #000000;\">Deklarata<\/span><\/p>\n<p><span style=\"color: #000000;\"><em>Varf\u00ebrimi progresiv i pensionist\u00ebve shqiptar\u00eb nga politikat antisociale t\u00eb Qeveris\u00eb grabitqare t\u00eb Edi Ram\u00ebs pritet t\u00eb thellohet ndjesh\u00ebm k\u00ebt\u00eb vit.<\/em><\/span><\/p>\n<p><span style=\"color: #000000;\"><em>T\u00eb dh\u00ebnat e sondazhit m\u00eb t\u00eb fundit nga K\u00ebshilli i Bashk\u00ebpunimit Rajonal, organizat\u00eb e mb\u00ebshtetur nga Bashkimi Europian, konfirmojn\u00eb shqet\u00ebsimet e drejta t\u00eb Partis\u00eb s\u00eb Liris\u00eb duke treguar se 93% e shqiptar\u00ebve mendojn\u00eb se pensionet n\u00eb Shqip\u00ebri jan\u00eb t\u00eb pamjaftueshme nd\u00ebrkoh\u00eb 74% e qytetar\u00ebve jan\u00eb t\u00eb pak\u00ebnaqur me kujdesin ndaj t\u00eb moshuarve.<\/em><\/span><\/p>\n<p><span style=\"color: #000000;\"><em>Pas 12 vitesh n\u00eb pushtet t\u00eb Edi Ram\u00ebs, kur i pati t\u00eb gjitha mund\u00ebsit\u00eb t\u00eb rriste pensionet, niveli i varf\u00ebris\u00eb i pensionist\u00ebve shqiptar\u00eb sipas kategorive fillon nga 6.3 Euro\/dit\u00eb q\u00eb \u00ebsht\u00eb niveli i varf\u00ebris\u00eb absolute dhe deri n\u00eb 1 Euro\/dita n\u00eb nivelin e varf\u00ebris\u00eb ekstreme.<\/em><\/span><\/p>\n<p><span style=\"color: #000000;\"><em>Nd\u00ebrkoh\u00eb q\u00eb pensionist\u00ebt mezi shtyjn\u00eb dit\u00ebt, n\u00eb pamund\u00ebsi p\u00ebr t\u2019u ushqyer dhe p\u00ebr t\u00eb mbuluar kostot e energjis\u00eb elektrike, t\u00eb ujit t\u00eb pijsh\u00ebm dhe t\u00eb ila\u00e7eve, Edi Rama p\u00ebr nj\u00eb tek\u00eb personale, me fondet publike shpenzoi 4 milion euro p\u00ebr nd\u00ebrtimin e nj\u00eb kopshti brenda godin\u00ebs s\u00eb K\u00ebshillit t\u00eb Ministrave, t\u00eb barabart\u00eb me 50 mij\u00eb pensione minimale apo me 23,500 pensione mesatare.<\/em><\/span><\/p>\n<p><span style=\"color: #000000;\"><em>Nuk ka tallje dhe posht\u00ebrim m\u00eb t\u00eb madh p\u00ebr pensionist\u00ebt shqiptar\u00eb se sa fakti q\u00eb Kosova me buxhet vjetor 2,3 her\u00eb m\u00eb t\u00eb vog\u00ebl se sa Shqip\u00ebria ndau s\u00eb fundmi vet\u00ebm p\u00ebr qytetar\u00ebt e Kosov\u00ebs n\u00eb pension jasht\u00eb vendit 50 milion\u00eb euro, nd\u00ebrsa Edi Rama p\u00ebr mbi 791 mij\u00eb pensionist\u00eb n\u00eb Shqip\u00ebri, akordoi me buxhetin e k\u00ebtij viti vet\u00ebm 16 milion\u00eb euro.<\/em><\/span><\/p>\n<p><span style=\"color: #000000;\"><em>Pensionist\u00ebt shqiptar\u00eb sot jan\u00eb m\u00eb t\u00eb varf\u00ebr edhe se n\u00eb vitin 2013 kur \u201cRilindja\u201d erdhi n\u00eb pushtet. 12 vite m\u00eb par\u00eb masa e pensionit mesatar t\u00eb pleq\u00ebris\u00eb n\u00eb qytet ishte 68 % e pag\u00ebs minimale, nd\u00ebrsa aktualisht masa e pensionit mesatar t\u00eb pleq\u00ebris\u00eb n\u00eb qytet \u00ebsht\u00eb 47% e pag\u00ebs minimale.<\/em><\/span><\/p>\n<p><span style=\"color: #000000;\"><em>N\u00eb vitin 2013 masa e pensionit mesatar t\u00eb pleq\u00ebris\u00eb n\u00eb zonat rurale ishte 38 % e pag\u00ebs minimale, nd\u00ebrsa aktualisht masa e pensionit \u00ebsht\u00eb 28% e pag\u00ebs minimale.<\/em><\/span><\/p>\n<p><span style=\"color: #000000;\"><em>\u00a0<\/em><\/span><\/p>\n<p><span style=\"color: #000000;\"><em>Sot n\u00eb Shqip\u00ebri:<\/em><\/span><\/p>\n<p><span style=\"color: #000000;\"><em>Mbi 504 000 pensionist\u00eb n\u00eb qytet jetojn\u00eb mesatarisht me 6.3 Euro ne dit\u00eb.<\/em><\/span><\/p>\n<p><span style=\"color: #000000;\"><em>Mbi 87 000 pensionist\u00eb n\u00eb zonat rurale jetojn\u00eb mesatarisht me 3.8 Euro ne dite<\/em><\/span><\/p>\n<p><span style=\"color: #000000;\"><em>Mbi 61 000 invalid\u00eb t\u00eb pun\u00ebs n\u00eb qytet jetojn\u00eb mesatarisht me 5.9 Euro n\u00eb dite<\/em><\/span><\/p>\n<p><span style=\"color: #000000;\"><em>Mbi 73 000 invalide me aft\u00ebsi te kufizuar jetojn\u00eb mesatarisht me 4.4 Euro ne dite<\/em><\/span><\/p>\n<p><span style=\"color: #000000;\"><em>Mbi 44 000 pensioniste familjar\u00eb n\u00eb qytet jetojn\u00eb mesatarisht me 3 Euro ne dite<\/em><\/span><\/p>\n<p><span style=\"color: #000000;\"><em>\u00a0<\/em><\/span><\/p>\n<p><span style=\"color: #000000;\"><em>Mbi 4 000 pensioniste familiar n\u00eb zonat rurale jetojn\u00eb mesatarisht me pak se 1 Euro ne dite.<\/em><\/span><\/p>\n<p><span style=\"color: #000000;\"><em>Si mund te p\u00ebrballohet nga pensionistet kosto e larte e jeteses me vet\u00ebm mesatarisht ne 6.3 Euro ne dite dhe rastet me ekstreme, si mund te p\u00ebrballohen nevojat me bazike ushqimore te jetes\u00ebs ne rastet me ekstreme te nivelit te varf\u00ebris\u00eb ne 1 Euro ne dite?<\/em><\/span><\/p>\n<p><span style=\"color: #000000;\"><em>Si mund t\u00eb mbijetojn\u00eb pensionist\u00ebt shqiptar\u00eb, m\u00eb t\u00eb varf\u00ebr t\u00eb kontinentit, me te ardhurat minimale ne 6 here me te ulta se mesatarja europiane por qe perballen me \u00e7mime sa 91% te \u00e7mimeve te mesatares europiane?<\/em><\/span><\/p>\n<p><span style=\"color: #000000;\"><em>Per te rritur mireqenien e pensionisteve do te duhet te rriteshin pensionet se pari per indeksimin e plote te \u00e7mimeve te artikujve ushqimore ne mas\u00ebn 68% per periudh\u00ebn 2013-2024, si dhe mbi kete rritje edhe rritjen e tyre ne nivelin 39.7% si rezultat i rritjes reale ekonomike si per pensionin e qytetit dhe te fshatit<\/em><\/span><\/p>\n<p><span style=\"color: #000000;\"><em>Aktualisht nje pension mesatar i qytetit i indeksuar plotesisht per shporten ushqimore dhe i rritur nga rritja ekonomike do te duhej te ishte 29 400 leke ne muaj, nd\u00ebrsa nj\u00eb pension mesatar i fshatit do te duhej te ishte 15 600 leke ne muaj<\/em><\/span><\/p>\n<p><span style=\"color: #000000;\"><em>Aktualisht Qeveria i ka borxh ne muaj secilit pensionist n\u00eb qytet mesatarisht 104 Euro ne muaj, ose 1248 Euro ne vit, nd\u00ebrsa secilit pensionist ne fshat mesatarisht 42 Euro, ose 504 Euro ne vit te munguara p\u00ebr shkak t\u00eb mos indeksimit t\u00eb plot\u00eb mbi baz\u00ebn e inflacionit t\u00eb artikujve ushqimor\u00eb dhe rritjes s\u00eb munguar t\u00eb pensionit nga rritja ekonomike<\/em><\/span><\/p>\n<p><span style=\"color: #000000;\"><em>Partia e Lirise ka nje program te qarte, te detajuar, t\u00eb realizuesh\u00ebm dhe plot\u00ebsisht t\u00eb financuesh\u00ebm per te dyfishuar mas\u00ebn e pensioneve dhe te barazoje ate me mesataren e vendeve te rajonit.<\/em><\/span><\/p>\n<p><span style=\"color: #000000;\"><em>Ne i jemi p\u00ebrul\u00ebsisht mir\u00ebnjoh\u00ebs brezit, q\u00eb ka b\u00ebr\u00eb kaq shum\u00eb p\u00ebr Shqip\u00ebrin\u00eb ndaj dhe dyfishimi i pensioneve \u00ebsht\u00eb jo vet\u00ebm nj\u00eb nga 5 Prioritetet tona madhore, por nj\u00eb domosdoshm\u00ebri.<\/em><\/span><\/p>\n<p><span style=\"color: #000000;\"><em>\u00a0<\/em><\/span><\/p>\n<p><span style=\"color: #000000;\"><em>Partia e Liris\u00eb n\u00eb qeverisje do t\u00eb b\u00ebj\u00eb t\u00eb mundur:<\/em><\/span><\/p>\n<ol>\n<li><span style=\"color: #000000;\"><em> Indeksimin e plot\u00eb t\u00eb mas\u00ebs s\u00eb pensioneve duke e llogaritur indeksimin mbi baz\u00ebn e inflacionit t\u00eb artikujve ushqimor\u00eb.<\/em><\/span><\/li>\n<li><span style=\"color: #000000;\"><em> Indeksimin e shpesht\u00eb brenda vitit t\u00eb mas\u00ebs s\u00eb pensioneve n\u00eb rastet e krizave apo pandemive p\u00ebr shkak t\u00eb rritjes s\u00eb shpejt\u00eb t\u00eb \u00e7mimeve.<\/em><\/span><\/li>\n<li><span style=\"color: #000000;\"><em> Dyfishimin e pensioneve me nivelin e rritjes reale ekonomike p\u00ebr ta b\u00ebr\u00eb rritjen ekonomike gjith\u00ebp\u00ebrfshir\u00ebse.<\/em><\/span><\/li>\n<\/ol>\n<p><span style=\"color: #000000;\"><em>\u00a0<\/em><\/span><\/p>\n<p><span style=\"color: #000000;\"><em>Ne angazhohemi p\u00ebr:<\/em><\/span><\/p>\n<p><span style=\"color: #000000;\"><em>Mbulimin e plot\u00eb financiar t\u00eb t\u00eb gjith\u00eb barnave, q\u00eb p\u00ebrdoren nga pensionistet dhe t\u00eb p\u00ebrshkruara me recet\u00eb mjek\u00ebsore.<\/em><\/span><\/p>\n<p><span style=\"color: #000000;\"><em>Mbulimin e t\u00eb gjitha sh\u00ebrbimeve mjek\u00ebsore dhe t\u00eb infermieris\u00eb n\u00eb banes\u00eb p\u00ebr t\u00eb pensionist\u00ebt me probleme sh\u00ebndet\u00ebsore.<\/em><\/span><\/p>\n<p><span style=\"color: #000000;\"><em>\u00a0<\/em><\/span><\/p>\n<p><span style=\"color: #000000;\"><em>Dh\u00ebnien e sh\u00ebrbimit mjek\u00ebsor me prioritet p\u00ebr pensionist\u00ebt p\u00ebr evitimin e pritjeve t\u00eb gjata n\u00eb qendra sh\u00ebndet\u00ebsore apo spitale.<\/em><\/span><\/p>\n<p><span style=\"color: #000000;\"><em>Sigurimin e sh\u00ebrbimeve mjek\u00ebsore pa pages\u00eb p\u00ebr rehabilitimin dhe fizioterapin\u00eb p\u00ebr pensionist\u00ebt me s\u00ebmundje invalidizuese.<\/em><\/span><\/p>\n<p><span style=\"color: #000000;\"><em>Sigurimin pa pages\u00eb t\u00eb materialeve mjek\u00ebsore t\u00eb trajtimit t\u00eb pacienteve pensionist\u00eb n\u00eb banes\u00eb si dhe artikujve mjek\u00ebsore, q\u00eb mund\u00ebsojn\u00eb l\u00ebvizjen dhe pavar\u00ebsimin jet\u00ebsor t\u00eb pensionist\u00ebve.<\/em><\/span><\/p>\n","protected":false,"gt_translate_keys":[{"key":"rendered","format":"html"}]},"excerpt":{"rendered":"<p>Sekretari i P\u00ebrgjithsh\u00ebm i PL, Tedi Blushi akuzon qeverin\u00eb se ka varf\u00ebruar pensionist\u00ebt. Gjat\u00eb nj\u00eb konference p\u00ebr shtyp, Blushi tha se kryeministri Edi Rama u ka borxh pensionist\u00ebve 1248 euro n\u00eb vit. Sipas tij, pensionist\u00ebt sot jan\u00eb m\u00eb t\u00eb varf\u00ebr se n\u00eb vitin 2013. \u00a0\u201cVendimi i par\u00eb i PL n\u00eb Qeveri do t\u00eb jet\u00eb dyfishimi [&hellip;]<\/p>\n","protected":false,"gt_translate_keys":[{"key":"rendered","format":"html"}]},"author":32,"featured_media":691233,"comment_status":"closed","ping_status":"open","sticky":false,"template":"","format":"standard","meta":{"footnotes":""},"categories":[65],"tags":[],"class_list":["post-720267","post","type-post","status-publish","format-standard","has-post-thumbnail","hentry","category-lajme"],"gt_translate_keys":[{"key":"link","format":"url"}],"_links":{"self":[{"href":"https:\/\/www.hashtag.al\/index.php\/wp-json\/wp\/v2\/posts\/720267","targetHints":{"allow":["GET"]}}],"collection":[{"href":"https:\/\/www.hashtag.al\/index.php\/wp-json\/wp\/v2\/posts"}],"about":[{"href":"https:\/\/www.hashtag.al\/index.php\/wp-json\/wp\/v2\/types\/post"}],"author":[{"embeddable":true,"href":"https:\/\/www.hashtag.al\/index.php\/wp-json\/wp\/v2\/users\/32"}],"replies":[{"embeddable":true,"href":"https:\/\/www.hashtag.al\/index.php\/wp-json\/wp\/v2\/comments?post=720267"}],"version-history":[{"count":99999,"href":"https:\/\/www.hashtag.al\/index.php\/wp-json\/wp\/v2\/posts\/720267\/revisions"}],"predecessor-version":[{"id":720268,"href":"https:\/\/www.hashtag.al\/index.php\/wp-json\/wp\/v2\/posts\/720267\/revisions\/720268"}],"wp:featuredmedia":[{"embeddable":true,"href":"https:\/\/www.hashtag.al\/index.php\/wp-json\/wp\/v2\/media\/691233"}],"wp:attachment":[{"href":"https:\/\/www.hashtag.al\/index.php\/wp-json\/wp\/v2\/media?parent=720267"}],"wp:term":[{"taxonomy":"category","embeddable":true,"href":"https:\/\/www.hashtag.al\/index.php\/wp-json\/wp\/v2\/categories?post=720267"},{"taxonomy":"post_tag","embeddable":true,"href":"https:\/\/www.hashtag.al\/index.php\/wp-json\/wp\/v2\/tags?post=720267"}],"curies":[{"name":"wp","href":"https:\/\/api.w.org\/{rel}","templated":true}]}}