{"id":720190,"date":"2025-01-20T09:28:08","date_gmt":"2025-01-20T08:28:08","guid":{"rendered":"https:\/\/www.hashtag.al\/?p=720190"},"modified":"2025-01-20T12:26:12","modified_gmt":"2025-01-20T11:26:12","slug":"soros-e-demokratet-pjese-e-nje-rrjeti-te-madh-koha-ta-zhdukim-ndikimin-e-tij-ne-bruksel-orban-video","status":"publish","type":"post","link":"https:\/\/www.hashtag.al\/index.php\/2025\/01\/20\/soros-e-demokratet-pjese-e-nje-rrjeti-te-madh-koha-ta-zhdukim-ndikimin-e-tij-ne-bruksel-orban-video\/","title":{"rendered":"\u201cSoros e demokrat\u00ebt n\u00eb SHBA pjes\u00eb e nj\u00eb rrjeti t\u00eb madh, koha ta zhdukim ndikimin e tij n\u00eb Bruksel\u201d &#8211; Orban (Video)","gt_translate_keys":[{"key":"rendered","format":"text"}]},"content":{"rendered":"<p><img loading=\"lazy\" decoding=\"async\" class=\"aligncenter size-full wp-image-720223\" src=\"https:\/\/www.hashtag.al\/wp-content\/uploads\/2025\/01\/orban.jpg\" alt=\"\" width=\"2024\" height=\"1440\" srcset=\"https:\/\/www.hashtag.al\/wp-content\/uploads\/2025\/01\/orban.jpg 2024w, https:\/\/www.hashtag.al\/wp-content\/uploads\/2025\/01\/orban-300x213.jpg 300w, https:\/\/www.hashtag.al\/wp-content\/uploads\/2025\/01\/orban-1024x729.jpg 1024w, https:\/\/www.hashtag.al\/wp-content\/uploads\/2025\/01\/orban-768x546.jpg 768w, https:\/\/www.hashtag.al\/wp-content\/uploads\/2025\/01\/orban-1536x1093.jpg 1536w\" sizes=\"auto, (max-width: 2024px) 100vw, 2024px\" \/><\/p>\n<p><span style=\"color: #000000;\">Kryeministri i Hungaris Viktor Orban deklaroi se \u201cfitorja e Donald Trump n\u00eb SHBA \u00ebsht\u00eb nj\u00eb goditje e r\u00ebnd\u00eb p\u00ebr rrjetin e Xhorxh Sorosit, q\u00eb ka p\u00ebrmbytur bot\u00ebn me emigrant\u00eb dhe me \u00e7mendurin\u00eb e gjinive seksuale\u201d. <\/span><\/p>\n<p><span style=\"color: #000000;\">I ftuar n\u00eb nj\u00eb <span style=\"color: #0000ff;\"><a style=\"color: #0000ff;\" href=\"https:\/\/miniszterelnok.hu\/orban-viktor-interjuja-a-kossuth-radio-jo-reggelt-magyarorszag-cimu-musoraban-2025-01-17\/\">podcact<\/a> <\/span>n\u00eb Hungari, ai tha se viti 2025 do jet\u00eb nj\u00eb vit shum\u00eb i r\u00ebnd\u00ebsish\u00ebm p\u00ebr \u00e7montimin e ndikimit t\u00eb rrjetit Soros nga Brukseli dhe Evropa. <\/span><\/p>\n<p><span style=\"color: #000000;\">Kryeministri hungarez tha se Soros dhe demokrat\u00ebt jan\u00eb pjes\u00eb e nj\u00eb rrjeti t\u00eb madh me interesa t\u00eb p\u00ebrbashk\u00ebta ekonomike q\u00eb luftojn\u00eb famljet tradicionale e vlerat njer\u00ebzore dhe se jan\u00eb t\u00eb gatsh\u00ebm t\u00eb p\u00ebrdorin\u00a0 luft\u00ebn p\u00ebr t\u00eb detyruar vendet e tjera t\u00eb pranojn\u00eb agjend\u00ebn e tyre.<\/span><\/p>\n<p><span style=\"color: #000000;\"><em>\u201cSoros dhe demokrat\u00ebt jan\u00eb n\u00eb fakt pjes\u00eb e nj\u00eb rrjeti t\u00eb madh. Ata kan\u00eb interesa ekonomike thelb\u00ebsore dhe politika vart\u00ebsie n\u00eb k\u00ebto interesa ekonomike. Ata besojn\u00eb se \u00ebsht\u00eb e drejta, detyra dhe misioni i tyre p\u00ebr t\u00eb reformuar njer\u00ebzimin, gj\u00eb q\u00eb n\u00ebnkupton detyrimin e vendeve t\u00eb miratojn\u00eb e adoptojn\u00eb at\u00eb q\u00eb ata n\u00eb Uashington e konsiderojn\u00eb t\u00eb drejt\u00eb. Kjo \u00e7on n\u00eb p\u00ebrmbytjen e bot\u00ebs nga emigrant\u00ebt dhe kaosin q\u00eb sjell emigracioni dhe \u00e7lirimin e \u00e7menduris\u00eb s\u00eb gjinive seksuale. Familjet tradicionale m\u00eb mir\u00eb t\u00eb t\u00ebrhiqen kur demokrat\u00ebt vijn\u00eb n\u00eb pushtet pasi do ket\u00eb parade LGBTQ+ flamujt e LGBTQ+, l\u00ebvizje transgjinore, nd\u00ebrhyrje kirurgjikale p\u00ebr rip\u00ebrcaktimin e gjinis\u00eb dhe nj\u00eb bot\u00eb q\u00eb nuk p\u00ebrb\u00ebhet m\u00eb nga burra dhe gra por nga nj\u00eb num\u00ebr i pacaktuardhe lloj i pacaktuar qeniesh. Kjo \u00ebsjht\u00eb pasoja e dyt\u00eb dhe ata nuk ngurrojhn\u00eb q\u00eb t\u00eb p\u00ebrdorin \u00a0luft\u00ebn p\u00ebr t\u00eb arritur q\u00ebllimet e tyrer ashtu si\u00e7 kan\u00eb b\u00ebr\u00eb n\u00eb fakt me luft\u00ebn mes Rusis\u00eb e Ukrain\u00ebs. <\/em><\/span><em>Kur Donald Trump fitoi p\u00ebr her\u00eb t\u00eb par\u00eb n\u00eb vitin 2016, ndodhi di\u00e7ka p\u00ebr t\u00eb cil\u00ebn nuk kemi folur shum\u00eb. M\u00eb pas demokrat\u00ebt hyn\u00eb n\u00eb Bruksel. E nj\u00ebjta gj\u00eb po ndodh tani. Tani Soros e humbi betej\u00ebn n\u00eb Amerik\u00eb dhe ajo u \u00e7lirua pas fitores s\u00eb Donakld Trump dhe trupat e tij tani jan\u00eb t\u00ebrhequr n\u00eb Bruksel. Ne evropian\u00ebt tani po p\u00ebrballemi me nj\u00eb koh\u00eb shum\u00eb t\u00eb v\u00ebshtir\u00eb pasi ata jan\u00eb zhytur thell\u00eb n\u00eb Bruksel. Dhe ne mund t\u00eb kemi vet\u00ebm nj\u00eb q\u00ebllim n\u00ebse v\u00ebrtet duam t\u00eb jetojm\u00eb sipas vullnetit dhe q\u00ebllimit t\u00eb hungarez\u00ebve, q\u00eb \u00ebsht\u00eb t&#8217;i largojm\u00eb ata nga Brukseli. K\u00ebshtu q\u00eb ata duhet t\u00eb futen n\u00eb nj\u00eb anije dhe t\u00eb d\u00ebrgohen n\u00eb sht\u00ebpi n\u00eb Amerik\u00eb. N\u00ebse nuk e b\u00ebjm\u00eb k\u00ebt\u00eb, Brukseli do b\u00ebhet Uashingtoni i ri.<\/em><span style=\"color: #000000;\"><em>\u201d<\/em> &#8211; tha Orban.<\/span><\/p>\n<div style=\"width: 1170px;\" class=\"wp-video\"><video class=\"wp-video-shortcode\" id=\"video-720190-1\" width=\"1170\" height=\"658\" preload=\"metadata\" controls=\"controls\"><source type=\"video\/mp4\" src=\"https:\/\/www.hashtag.al\/wp-content\/uploads\/2025\/01\/twittervid.com_PM_ViktorOrban_317ba5.mp4?_=1\" \/><a href=\"https:\/\/www.hashtag.al\/wp-content\/uploads\/2025\/01\/twittervid.com_PM_ViktorOrban_317ba5.mp4\">https:\/\/www.hashtag.al\/wp-content\/uploads\/2025\/01\/twittervid.com_PM_ViktorOrban_317ba5.mp4<\/a><\/video><\/div>\n","protected":false,"gt_translate_keys":[{"key":"rendered","format":"html"}]},"excerpt":{"rendered":"<p>Kryeministri i Hungaris Viktor Orban deklaroi se \u201cfitorja e Donald Trump n\u00eb SHBA \u00ebsht\u00eb nj\u00eb goditje e r\u00ebnd\u00eb p\u00ebr rrjetin e Xhorxh Sorosit, q\u00eb ka p\u00ebrmbytur bot\u00ebn me emigrant\u00eb dhe me \u00e7mendurin\u00eb e gjinive seksuale\u201d. I ftuar n\u00eb nj\u00eb podcact n\u00eb Hungari, ai tha se viti 2025 do jet\u00eb nj\u00eb vit shum\u00eb i r\u00ebnd\u00ebsish\u00ebm p\u00ebr [&hellip;]<\/p>\n","protected":false,"gt_translate_keys":[{"key":"rendered","format":"html"}]},"author":51,"featured_media":720223,"comment_status":"closed","ping_status":"open","sticky":false,"template":"","format":"standard","meta":{"footnotes":""},"categories":[22],"tags":[],"class_list":["post-720190","post","type-post","status-publish","format-standard","has-post-thumbnail","hentry","category-ballina"],"gt_translate_keys":[{"key":"link","format":"url"}],"_links":{"self":[{"href":"https:\/\/www.hashtag.al\/index.php\/wp-json\/wp\/v2\/posts\/720190","targetHints":{"allow":["GET"]}}],"collection":[{"href":"https:\/\/www.hashtag.al\/index.php\/wp-json\/wp\/v2\/posts"}],"about":[{"href":"https:\/\/www.hashtag.al\/index.php\/wp-json\/wp\/v2\/types\/post"}],"author":[{"embeddable":true,"href":"https:\/\/www.hashtag.al\/index.php\/wp-json\/wp\/v2\/users\/51"}],"replies":[{"embeddable":true,"href":"https:\/\/www.hashtag.al\/index.php\/wp-json\/wp\/v2\/comments?post=720190"}],"version-history":[{"count":99999,"href":"https:\/\/www.hashtag.al\/index.php\/wp-json\/wp\/v2\/posts\/720190\/revisions"}],"predecessor-version":[{"id":720225,"href":"https:\/\/www.hashtag.al\/index.php\/wp-json\/wp\/v2\/posts\/720190\/revisions\/720225"}],"wp:featuredmedia":[{"embeddable":true,"href":"https:\/\/www.hashtag.al\/index.php\/wp-json\/wp\/v2\/media\/720223"}],"wp:attachment":[{"href":"https:\/\/www.hashtag.al\/index.php\/wp-json\/wp\/v2\/media?parent=720190"}],"wp:term":[{"taxonomy":"category","embeddable":true,"href":"https:\/\/www.hashtag.al\/index.php\/wp-json\/wp\/v2\/categories?post=720190"},{"taxonomy":"post_tag","embeddable":true,"href":"https:\/\/www.hashtag.al\/index.php\/wp-json\/wp\/v2\/tags?post=720190"}],"curies":[{"name":"wp","href":"https:\/\/api.w.org\/{rel}","templated":true}]}}