{"id":720174,"date":"2025-01-20T07:41:17","date_gmt":"2025-01-20T06:41:17","guid":{"rendered":"https:\/\/www.hashtag.al\/?p=720174"},"modified":"2025-01-20T07:41:17","modified_gmt":"2025-01-20T06:41:17","slug":"trump-do-publikoje-dosjet-e-vrasjeve-te-presidentit-kennedy-te-vellait-robert-dhe-martin-luther-king","status":"publish","type":"post","link":"https:\/\/www.hashtag.al\/index.php\/2025\/01\/20\/trump-do-publikoje-dosjet-e-vrasjeve-te-presidentit-kennedy-te-vellait-robert-dhe-martin-luther-king\/","title":{"rendered":"Trump do publikoj\u00eb dosjet e vrasjeve t\u00eb presidentit Kennedy, t\u00eb v\u00ebllait Robert dhe Martin Luther King","gt_translate_keys":[{"key":"rendered","format":"text"}]},"content":{"rendered":"<p><img loading=\"lazy\" decoding=\"async\" class=\"aligncenter size-full wp-image-720175\" src=\"https:\/\/www.hashtag.al\/wp-content\/uploads\/2025\/01\/7GRNHR2UUFJ7TLOQO7BKC3GUI4.jpg\" alt=\"\" width=\"960\" height=\"745\" srcset=\"https:\/\/www.hashtag.al\/wp-content\/uploads\/2025\/01\/7GRNHR2UUFJ7TLOQO7BKC3GUI4.jpg 960w, https:\/\/www.hashtag.al\/wp-content\/uploads\/2025\/01\/7GRNHR2UUFJ7TLOQO7BKC3GUI4-300x233.jpg 300w, https:\/\/www.hashtag.al\/wp-content\/uploads\/2025\/01\/7GRNHR2UUFJ7TLOQO7BKC3GUI4-768x596.jpg 768w\" sizes=\"auto, (max-width: 960px) 100vw, 960px\" \/><\/p>\n<p><span style=\"color: #000000;\">Presidenti amerikan Trump tha t\u00eb diel\u00ebn se do publikoj\u00eb dokumentet e klasifikuara n\u00eb dit\u00ebt e ardhshme n\u00eb lidhje me vrasjet e presidentit John F. Kennedy, senatorit Robert Kennedy dhe kreut t\u00eb t\u00eb drejtave civile Martin Luther King Jr.<\/span><\/p>\n<p><span style=\"color: #000000;\">Trump, i cili betohet sot, premtoi gjat\u00eb fushat\u00ebs se do publikoj\u00eb dosjet e fshehta t\u00eb inteligjenc\u00ebs dhe t\u00eb zbatimit t\u00eb ligjit p\u00ebr vrasjen e JFK-s\u00eb n\u00eb vitin 1963, si\u00e7 njihet gjer\u00ebsisht presidenti i 35-t\u00eb i Amerik\u00ebs.<\/span><\/p>\n<p><span style=\"color: #000000;\">Ai kishte b\u00ebr\u00eb nj\u00eb premtim t\u00eb ngjash\u00ebm gjat\u00eb mandatit t\u00eb tij 2017-2021 dhe n\u00eb fakt publikoi disa dokumente n\u00eb lidhje me vrasjen e JFK-s\u00eb n\u00eb vitin 1963. Por n\u00eb fund ai u p\u00ebrkul para presionit t\u00eb Agjencis\u00eb Qendrore t\u00eb Inteligjenc\u00ebs dhe Byros\u00eb Federale t\u00eb Hetimit dhe mbajti t\u00eb fshehura nj\u00eb pjes\u00eb t\u00eb konsiderueshme t\u00eb dokumenteve, duke p\u00ebrmendur shqet\u00ebsimet e siguris\u00eb komb\u00ebtare.<\/span><\/p>\n<p><span style=\"color: #000000;\"><em>&#8220;N\u00eb dit\u00ebt n\u00eb vijim, ne do b\u00ebjm\u00eb publike t\u00eb dh\u00ebnat e mbetura n\u00eb lidhje me vrasjet e Presidentit John F. Kennedy, v\u00ebllait t\u00eb tij Robert Kennedy, si dhe Dr. Martin Luther King Jr. dhe tema t\u00eb tjera me interes t\u00eb madh publik,&#8221;<\/em> tha Trump tha n\u00eb nj\u00eb tubim n\u00eb qend\u00ebr t\u00eb Uashingtonit.<\/span><\/p>\n<p><span style=\"color: #000000;\">Trump nuk qart\u00ebsoi se cilat dokumente do publikoheshin dhe nuk premtoi nj\u00eb deklasifikim t\u00eb plot\u00eb. King dhe Robert Kennedy u vran\u00eb t\u00eb dy n\u00eb vitin 1968.<\/span><\/p>\n<p><span style=\"color: #000000;\">Vrasja e JFK, n\u00eb ve\u00e7anti, \u00ebsht\u00eb nj\u00eb \u00e7\u00ebshtje me shum\u00eb hij\u00eb t\u00eb err\u00ebta. Vrasja i \u00ebsht\u00eb atribuar nj\u00eb personi t\u00eb vet\u00ebm, Lee Harvey Os\u00ebald dhe Departamenti i Drejt\u00ebsis\u00eb dhe organet e tjera t\u00eb qeveris\u00eb federale e kan\u00eb riafirmuar k\u00ebt\u00eb p\u00ebrfundim n\u00eb dekadat q\u00eb kan\u00eb kaluar. Por sondazhet tregojn\u00eb se shum\u00eb amerikan\u00eb besojn\u00eb se vdekja e tij ishte rezultat i nj\u00eb komploti m\u00eb t\u00eb gjer\u00eb.<\/span><\/p>\n","protected":false,"gt_translate_keys":[{"key":"rendered","format":"html"}]},"excerpt":{"rendered":"<p>Presidenti amerikan Trump tha t\u00eb diel\u00ebn se do publikoj\u00eb dokumentet e klasifikuara n\u00eb dit\u00ebt e ardhshme n\u00eb lidhje me vrasjet e presidentit John F. Kennedy, senatorit Robert Kennedy dhe kreut t\u00eb t\u00eb drejtave civile Martin Luther King Jr. Trump, i cili betohet sot, premtoi gjat\u00eb fushat\u00ebs se do publikoj\u00eb dosjet e fshehta t\u00eb inteligjenc\u00ebs dhe [&hellip;]<\/p>\n","protected":false,"gt_translate_keys":[{"key":"rendered","format":"html"}]},"author":51,"featured_media":720175,"comment_status":"closed","ping_status":"open","sticky":false,"template":"","format":"standard","meta":{"footnotes":""},"categories":[53],"tags":[],"class_list":["post-720174","post","type-post","status-publish","format-standard","has-post-thumbnail","hentry","category-fast-foodi"],"gt_translate_keys":[{"key":"link","format":"url"}],"_links":{"self":[{"href":"https:\/\/www.hashtag.al\/index.php\/wp-json\/wp\/v2\/posts\/720174","targetHints":{"allow":["GET"]}}],"collection":[{"href":"https:\/\/www.hashtag.al\/index.php\/wp-json\/wp\/v2\/posts"}],"about":[{"href":"https:\/\/www.hashtag.al\/index.php\/wp-json\/wp\/v2\/types\/post"}],"author":[{"embeddable":true,"href":"https:\/\/www.hashtag.al\/index.php\/wp-json\/wp\/v2\/users\/51"}],"replies":[{"embeddable":true,"href":"https:\/\/www.hashtag.al\/index.php\/wp-json\/wp\/v2\/comments?post=720174"}],"version-history":[{"count":99999,"href":"https:\/\/www.hashtag.al\/index.php\/wp-json\/wp\/v2\/posts\/720174\/revisions"}],"predecessor-version":[{"id":720176,"href":"https:\/\/www.hashtag.al\/index.php\/wp-json\/wp\/v2\/posts\/720174\/revisions\/720176"}],"wp:featuredmedia":[{"embeddable":true,"href":"https:\/\/www.hashtag.al\/index.php\/wp-json\/wp\/v2\/media\/720175"}],"wp:attachment":[{"href":"https:\/\/www.hashtag.al\/index.php\/wp-json\/wp\/v2\/media?parent=720174"}],"wp:term":[{"taxonomy":"category","embeddable":true,"href":"https:\/\/www.hashtag.al\/index.php\/wp-json\/wp\/v2\/categories?post=720174"},{"taxonomy":"post_tag","embeddable":true,"href":"https:\/\/www.hashtag.al\/index.php\/wp-json\/wp\/v2\/tags?post=720174"}],"curies":[{"name":"wp","href":"https:\/\/api.w.org\/{rel}","templated":true}]}}