{"id":719969,"date":"2025-01-18T11:46:50","date_gmt":"2025-01-18T10:46:50","guid":{"rendered":"https:\/\/www.hashtag.al\/?p=719969"},"modified":"2025-01-18T11:48:46","modified_gmt":"2025-01-18T10:48:46","slug":"2-muaj-nga-vrasja-e-14-vjecarit-ne-afersi-te-shkolles-i-ati-institucionet-sna-pergjigjen","status":"publish","type":"post","link":"https:\/\/www.hashtag.al\/index.php\/2025\/01\/18\/2-muaj-nga-vrasja-e-14-vjecarit-ne-afersi-te-shkolles-i-ati-institucionet-sna-pergjigjen\/","title":{"rendered":"2 muaj nga vrasja e 14-vje\u00e7arit, i ati: Institucionet s\u2019na p\u00ebrgjigjen","gt_translate_keys":[{"key":"rendered","format":"text"}]},"content":{"rendered":"<p><span style=\"color: #000000;\"><img loading=\"lazy\" decoding=\"async\" class=\"aligncenter wp-image-719970 size-full\" src=\"https:\/\/www.hashtag.al\/wp-content\/uploads\/2025\/01\/Screenshot-2025-01-18-114523-e1737197179773.png\" alt=\"\" width=\"1016\" height=\"577\" srcset=\"https:\/\/www.hashtag.al\/wp-content\/uploads\/2025\/01\/Screenshot-2025-01-18-114523-e1737197179773.png 1016w, https:\/\/www.hashtag.al\/wp-content\/uploads\/2025\/01\/Screenshot-2025-01-18-114523-e1737197179773-300x170.png 300w, https:\/\/www.hashtag.al\/wp-content\/uploads\/2025\/01\/Screenshot-2025-01-18-114523-e1737197179773-768x436.png 768w\" sizes=\"auto, (max-width: 1016px) 100vw, 1016px\" \/><\/span><\/p>\n<p><span style=\"color: #000000;\">Prind\u00ebrit e Martin Canit, 14-vje\u00e7arit q\u00eb humbi jet\u00ebn tragjikisht jasht\u00eb shkoll\u00ebs \u201cFan Noli\u201d n\u00eb Tiran\u00eb, kan\u00eb protestuar s\u00ebrish p\u00ebr vrasjen e t\u00eb birit. Ata k\u00ebrkojn\u00eb drejt\u00ebsi dhe akuzojn\u00eb institucionet p\u00ebr munges\u00eb p\u00ebrgjigje n\u00eb lidhje me hetimet p\u00ebr ngjarjen e r\u00ebnd\u00eb.<\/span><\/p>\n<p><span style=\"color: #000000;\">Babai i Martin Canit shprehu dhimbjen dhe shqet\u00ebsimin e tij, duke th\u00ebn\u00eb se familja ka kaluar dy muaj pa mundur t\u00eb gjej\u00eb paqe, pasi po p\u00ebrjetojn\u00eb nj\u00eb traum\u00eb t\u00eb madhe.\u00a0<\/span><\/p>\n<p><span style=\"color: #000000;\">Nga ana tjet\u00ebr, n\u00ebna e tij k\u00ebrkoi vet\u00ebm drejt\u00ebsi p\u00ebr f\u00ebmij\u00ebn e saj dhe shprehu zhg\u00ebnjimin q\u00eb asnj\u00eb institucion nuk e ka kontaktuar.\u00a0<\/span><\/p>\n<p><span style=\"color: #000000;\"><strong>Babai i Martin Canit:<\/strong><em>\u00a0Kemi dy muaj q\u00eb p\u00ebrjetojm\u00eb k\u00ebt\u00eb dram\u00eb t\u00eb madhe e nuk kemi asnj\u00eb reagim nga institucionet. Iu b\u00ebj thirrje t\u00eb gjith\u00eb prind\u00ebrve q\u00eb t\u00eb bashkohemi, pasi f\u00ebmij\u00ebt jan\u00eb mbi gjith\u00e7ka. Nuk flem\u00eb gjum\u00eb, po p\u00ebrjetoj nj\u00eb ngjarje tragjike, kemi nj\u00eb traum\u00eb tep\u00ebr t\u00eb madhe. Na ka kapur frika, iu b\u00ebj thirrjeve institucioneve q\u00eb t\u00eb na d\u00ebgjojn\u00eb. Prokurorja m\u00eb tha se do t\u00eb kemi nj\u00eb p\u00ebrgjigje e ka vet\u00ebm heshtje. Heshtja vret.<\/em><\/span><\/p>\n<p><span style=\"color: #000000;\"><strong>N\u00ebna e Martinit:<\/strong>\u00a0K\u00ebrkoj vet\u00ebm drejt\u00ebsi. Askush nuk m\u00eb ka kontaktuar. Mesazhet e mia i kam b\u00ebr\u00eb publike dhe dua vet\u00ebm drejt\u00ebsi.<\/span><\/p>\n","protected":false,"gt_translate_keys":[{"key":"rendered","format":"html"}]},"excerpt":{"rendered":"<p>Prind\u00ebrit e Martin Canit, 14-vje\u00e7arit q\u00eb humbi jet\u00ebn tragjikisht jasht\u00eb shkoll\u00ebs \u201cFan Noli\u201d n\u00eb Tiran\u00eb, kan\u00eb protestuar s\u00ebrish p\u00ebr vrasjen e t\u00eb birit. Ata k\u00ebrkojn\u00eb drejt\u00ebsi dhe akuzojn\u00eb institucionet p\u00ebr munges\u00eb p\u00ebrgjigje n\u00eb lidhje me hetimet p\u00ebr ngjarjen e r\u00ebnd\u00eb. Babai i Martin Canit shprehu dhimbjen dhe shqet\u00ebsimin e tij, duke th\u00ebn\u00eb se familja ka [&hellip;]<\/p>\n","protected":false,"gt_translate_keys":[{"key":"rendered","format":"html"}]},"author":49,"featured_media":719970,"comment_status":"closed","ping_status":"open","sticky":false,"template":"","format":"standard","meta":{"footnotes":""},"categories":[65],"tags":[],"class_list":["post-719969","post","type-post","status-publish","format-standard","has-post-thumbnail","hentry","category-lajme"],"gt_translate_keys":[{"key":"link","format":"url"}],"_links":{"self":[{"href":"https:\/\/www.hashtag.al\/index.php\/wp-json\/wp\/v2\/posts\/719969","targetHints":{"allow":["GET"]}}],"collection":[{"href":"https:\/\/www.hashtag.al\/index.php\/wp-json\/wp\/v2\/posts"}],"about":[{"href":"https:\/\/www.hashtag.al\/index.php\/wp-json\/wp\/v2\/types\/post"}],"author":[{"embeddable":true,"href":"https:\/\/www.hashtag.al\/index.php\/wp-json\/wp\/v2\/users\/49"}],"replies":[{"embeddable":true,"href":"https:\/\/www.hashtag.al\/index.php\/wp-json\/wp\/v2\/comments?post=719969"}],"version-history":[{"count":99999,"href":"https:\/\/www.hashtag.al\/index.php\/wp-json\/wp\/v2\/posts\/719969\/revisions"}],"predecessor-version":[{"id":719973,"href":"https:\/\/www.hashtag.al\/index.php\/wp-json\/wp\/v2\/posts\/719969\/revisions\/719973"}],"wp:featuredmedia":[{"embeddable":true,"href":"https:\/\/www.hashtag.al\/index.php\/wp-json\/wp\/v2\/media\/719970"}],"wp:attachment":[{"href":"https:\/\/www.hashtag.al\/index.php\/wp-json\/wp\/v2\/media?parent=719969"}],"wp:term":[{"taxonomy":"category","embeddable":true,"href":"https:\/\/www.hashtag.al\/index.php\/wp-json\/wp\/v2\/categories?post=719969"},{"taxonomy":"post_tag","embeddable":true,"href":"https:\/\/www.hashtag.al\/index.php\/wp-json\/wp\/v2\/tags?post=719969"}],"curies":[{"name":"wp","href":"https:\/\/api.w.org\/{rel}","templated":true}]}}