{"id":719845,"date":"2025-01-17T13:53:59","date_gmt":"2025-01-17T12:53:59","guid":{"rendered":"https:\/\/www.hashtag.al\/?p=719845"},"modified":"2025-01-17T13:53:59","modified_gmt":"2025-01-17T12:53:59","slug":"arrestohet-27-vjecari-ne-kamez-qelloi-me-arme-zjarri-gjate-nje-konflikti","status":"publish","type":"post","link":"https:\/\/www.hashtag.al\/index.php\/2025\/01\/17\/arrestohet-27-vjecari-ne-kamez-qelloi-me-arme-zjarri-gjate-nje-konflikti\/","title":{"rendered":"Arrestohet 27-vje\u00e7ari n\u00eb Kam\u00ebz, q\u00eblloi me arm\u00eb zjarri gjat\u00eb nj\u00eb konflikti","gt_translate_keys":[{"key":"rendered","format":"text"}]},"content":{"rendered":"<p><span style=\"color: #000000;\"><img loading=\"lazy\" decoding=\"async\" class=\"aligncenter size-full wp-image-719846\" src=\"https:\/\/www.hashtag.al\/wp-content\/uploads\/2025\/01\/kamez-768x414-1.jpg\" alt=\"\" width=\"768\" height=\"414\" srcset=\"https:\/\/www.hashtag.al\/wp-content\/uploads\/2025\/01\/kamez-768x414-1.jpg 768w, https:\/\/www.hashtag.al\/wp-content\/uploads\/2025\/01\/kamez-768x414-1-300x162.jpg 300w\" sizes=\"auto, (max-width: 768px) 100vw, 768px\" \/><\/span><\/p>\n<p><span style=\"color: #000000;\">Nj\u00eb 27-vje\u00e7ar \u00ebsht\u00eb v\u00ebn\u00eb n\u00eb pranga nga Policia e Kamz\u00ebs pasi dyshohet se pas nj\u00eb konflikti p\u00ebr motive t\u00eb dob\u00ebta me shtetasin A. H., ka q\u00eblluar me arm\u00eb zjarri pistolet\u00eb, n\u00eb aj\u00ebr, dhe m\u00eb pas \u00ebsht\u00eb larguar nga vendi i ngjarjes.<\/span><\/p>\n<p><span style=\"color: #000000;\"><strong>Njoftimi:<\/strong><\/span><\/p>\n<p><span style=\"color: #000000;\">Finalizohet nga Komisariati i Policis\u00eb Nr. 5, operacioni policor i koduar \u201cMoment\u201d.<\/span><br \/>\n<span style=\"color: #000000;\">Sh\u00ebrbimet e Komisariatit t\u00eb Policis\u00eb Nr. 5, menj\u00ebher\u00eb pas marrjes s\u00eb njoftimit se n\u00eb rrug\u00ebn \u201cBes\u00eblidhja\u201d, nj\u00eb shtetas kishte q\u00eblluar me arm\u00eb zjarri, n\u00eb aj\u00ebr, kan\u00eb organizuar dhe finalizuar operacionin policor t\u00eb koduar \u201cMoment\u201d, p\u00ebr kapjen e tij.<\/span><\/p>\n<p><span style=\"color: #000000;\">Si rezultat i veprimeve t\u00eb shpejta, u kap dhe u arrestua shtetasi F. H., 27 vje\u00e7, banues n\u00eb Domje, me precedent t\u00eb m\u00ebparsh\u00ebm penal n\u00eb fush\u00ebn e mashtrimit.<\/span><\/p>\n<p><span style=\"color: #000000;\">Ky shtetas dyshohet se pas nj\u00eb konflikti p\u00ebr motive t\u00eb dob\u00ebta me shtetasin A. H., ka q\u00eblluar me arm\u00eb zjarri pistolet\u00eb, n\u00eb aj\u00ebr, dhe m\u00eb pas \u00ebsht\u00eb larguar nga vendi i ngjarjes.<\/span><\/p>\n<p><span style=\"color: #000000;\">Materialet procedurale i kaluan Prokuroris\u00eb, p\u00ebr veprime t\u00eb m\u00ebtejshme.<\/span><\/p>\n","protected":false,"gt_translate_keys":[{"key":"rendered","format":"html"}]},"excerpt":{"rendered":"<p>Nj\u00eb 27-vje\u00e7ar \u00ebsht\u00eb v\u00ebn\u00eb n\u00eb pranga nga Policia e Kamz\u00ebs pasi dyshohet se pas nj\u00eb konflikti p\u00ebr motive t\u00eb dob\u00ebta me shtetasin A. H., ka q\u00eblluar me arm\u00eb zjarri pistolet\u00eb, n\u00eb aj\u00ebr, dhe m\u00eb pas \u00ebsht\u00eb larguar nga vendi i ngjarjes. Njoftimi: Finalizohet nga Komisariati i Policis\u00eb Nr. 5, operacioni policor i koduar \u201cMoment\u201d. Sh\u00ebrbimet [&hellip;]<\/p>\n","protected":false,"gt_translate_keys":[{"key":"rendered","format":"html"}]},"author":49,"featured_media":719846,"comment_status":"closed","ping_status":"open","sticky":false,"template":"","format":"standard","meta":{"footnotes":""},"categories":[65],"tags":[],"class_list":["post-719845","post","type-post","status-publish","format-standard","has-post-thumbnail","hentry","category-lajme"],"gt_translate_keys":[{"key":"link","format":"url"}],"_links":{"self":[{"href":"https:\/\/www.hashtag.al\/index.php\/wp-json\/wp\/v2\/posts\/719845","targetHints":{"allow":["GET"]}}],"collection":[{"href":"https:\/\/www.hashtag.al\/index.php\/wp-json\/wp\/v2\/posts"}],"about":[{"href":"https:\/\/www.hashtag.al\/index.php\/wp-json\/wp\/v2\/types\/post"}],"author":[{"embeddable":true,"href":"https:\/\/www.hashtag.al\/index.php\/wp-json\/wp\/v2\/users\/49"}],"replies":[{"embeddable":true,"href":"https:\/\/www.hashtag.al\/index.php\/wp-json\/wp\/v2\/comments?post=719845"}],"version-history":[{"count":99999,"href":"https:\/\/www.hashtag.al\/index.php\/wp-json\/wp\/v2\/posts\/719845\/revisions"}],"predecessor-version":[{"id":719847,"href":"https:\/\/www.hashtag.al\/index.php\/wp-json\/wp\/v2\/posts\/719845\/revisions\/719847"}],"wp:featuredmedia":[{"embeddable":true,"href":"https:\/\/www.hashtag.al\/index.php\/wp-json\/wp\/v2\/media\/719846"}],"wp:attachment":[{"href":"https:\/\/www.hashtag.al\/index.php\/wp-json\/wp\/v2\/media?parent=719845"}],"wp:term":[{"taxonomy":"category","embeddable":true,"href":"https:\/\/www.hashtag.al\/index.php\/wp-json\/wp\/v2\/categories?post=719845"},{"taxonomy":"post_tag","embeddable":true,"href":"https:\/\/www.hashtag.al\/index.php\/wp-json\/wp\/v2\/tags?post=719845"}],"curies":[{"name":"wp","href":"https:\/\/api.w.org\/{rel}","templated":true}]}}