{"id":719781,"date":"2025-01-17T09:46:16","date_gmt":"2025-01-17T08:46:16","guid":{"rendered":"https:\/\/www.hashtag.al\/?p=719781"},"modified":"2025-01-17T09:58:48","modified_gmt":"2025-01-17T08:58:48","slug":"ishim-miq-prej-50-vitesh-jill-biden-e-zhgenjyer-qe-pelosi-braktisi-presidentin-si-kandidat-presidencial","status":"publish","type":"post","link":"https:\/\/www.hashtag.al\/index.php\/2025\/01\/17\/ishim-miq-prej-50-vitesh-jill-biden-e-zhgenjyer-qe-pelosi-braktisi-presidentin-si-kandidat-presidencial\/","title":{"rendered":"\u201cIshim miq prej 50 vitesh\u201d &#8211; Jill Biden \u201ce zhg\u00ebnjyer\u201d me Pelosin pas braktisjes s\u00eb Biden","gt_translate_keys":[{"key":"rendered","format":"text"}]},"content":{"rendered":"<p><img loading=\"lazy\" decoding=\"async\" class=\"aligncenter size-full wp-image-719791\" src=\"https:\/\/www.hashtag.al\/wp-content\/uploads\/2025\/01\/bidenpelosi.jpg\" alt=\"\" width=\"1280\" height=\"719\" srcset=\"https:\/\/www.hashtag.al\/wp-content\/uploads\/2025\/01\/bidenpelosi.jpg 1280w, https:\/\/www.hashtag.al\/wp-content\/uploads\/2025\/01\/bidenpelosi-300x169.jpg 300w, https:\/\/www.hashtag.al\/wp-content\/uploads\/2025\/01\/bidenpelosi-1024x575.jpg 1024w, https:\/\/www.hashtag.al\/wp-content\/uploads\/2025\/01\/bidenpelosi-768x431.jpg 768w\" sizes=\"auto, (max-width: 1280px) 100vw, 1280px\" \/><\/p>\n<p><span style=\"color: #000000;\">&#8220;Zhg\u00ebnjyese&#8221; \u00ebsht\u00eb fjala q\u00eb Zonja e Par\u00eb Dr. Jill Biden p\u00ebrdori p\u00ebr t\u00eb p\u00ebrshkruar se si ndihet p\u00ebr m\u00ebnyr\u00ebn se si bashk\u00ebshorti i saj, presidenti Joe Biden, u trajtua nga drejtuesit e Partis\u00eb Demokratike gjat\u00eb fushat\u00ebs presidenciale t\u00eb vitit 2024.<\/span><\/p>\n<p><span style=\"color: #000000;\">Duke reflektuar mbi zgjedhjet, Jill Biden tha se ajo nuk ishte e k\u00ebnaqur me aleat\u00ebt e vjet\u00ebr, si ish-kryetarja e Kongresit Nancy Pelosi, e cila besohet gjer\u00ebsisht se braktisi fushat\u00ebn e Biden pas paraqitjes s\u00eb tij katastrofike n\u00eb debatin kund\u00ebr Donald Trump.<\/span><\/p>\n<p><span style=\"color: #000000;\"><em>&#8220;Ne ishim miq p\u00ebr 50 vjet,&#8221;<\/em> tha Jill Biden p\u00ebr The Washington Post n\u00eb at\u00eb q\u00eb ka t\u00eb ngjar\u00eb t\u00eb jet\u00eb intervista e saj e fundit p\u00ebrpara se t\u00eb largohet nga Sht\u00ebpia e Bardh\u00eb jav\u00ebn e ardhshme.<\/span><\/p>\n<p><span style=\"color: #000000;\"><em>&#8220;Ishte zhg\u00ebnjyese.&#8221;<\/em><\/span><\/p>\n<p><span style=\"color: #000000;\">Pelosi dhe Biden u rrit\u00ebn n\u00eb r\u00ebnd\u00ebsi brenda partis\u00eb n\u00eb periudha t\u00eb ngjashme me Biden q\u00eb u b\u00eb Senator i Delaware n\u00eb 1973 dhe Pelosi q\u00eb u b\u00eb P\u00ebrfaq\u00ebsuese e Kalifornis\u00eb n\u00eb 1987.<\/span><\/p>\n<p><span style=\"color: #000000;\">Marr\u00ebdh\u00ebnia e \u00e7iftit u vu n\u00eb prov\u00eb ver\u00ebn e kaluar, kur demokrat\u00ebt u detyruan t\u00eb luftonin p\u00ebr t\u00eb mb\u00ebshtetur Biden, pasi ai humbi besimin e publikut mbi aft\u00ebsin\u00eb e tij p\u00ebr t\u00eb sh\u00ebrbyer si kandidat dhe president demokrat, p\u00ebr shkak t\u00eb paraqitjes s\u00eb tij jo mbres\u00ebl\u00ebn\u00ebse n\u00eb debat me Trump.<\/span><\/p>\n<p><span style=\"color: #000000;\">Pelosi, n\u00eb m\u00ebnyr\u00eb t\u00eb famshme, refuzoi t\u00eb thoshte n\u00ebse ajo mendonte se Biden duhet t\u00eb q\u00ebndronte n\u00eb krye t\u00eb gar\u00ebs p\u00ebr president mes Demokrat\u00ebve gjat\u00eb nj\u00eb interviste me MSNBC n\u00eb korrik.<\/span><\/p>\n<p><span style=\"color: #000000;\"><em>\u201cI takon presidentit t\u00eb vendos\u00eb n\u00ebse do kandidoj\u00eb\u201d<\/em>, tha Pelosi thjesht e shkurt.<\/span><\/p>\n<p><span style=\"color: #000000;\">M\u00eb pas u shfaq\u00ebn raportet sipas t\u00eb cilave Pelosi po drejtonte nj\u00eb fushat\u00eb presioni p\u00ebr ta b\u00ebr\u00eb Biden t\u00eb braktiste gar\u00ebn, n\u00eb m\u00ebnyr\u00eb q\u00eb nj\u00eb demokrat m\u00eb i ri me m\u00eb shum\u00eb potencial t\u00eb futej n\u00eb gar\u00eb p\u00ebr t\u00eb mposhtur Trump-in. Pelosi e ka mohuar publikisht nj\u00eb gj\u00eb t\u00eb till\u00eb.<\/span><\/p>\n<p><span style=\"color: #000000;\">Pavar\u00ebsisht nga roli i saj n\u00eb presionin e raportuar ndaj Bidenit p\u00ebr t&#8217;u larguar, kund\u00ebrshstimi i duksh\u00ebm i Pelosit p\u00ebr t&#8217;u p\u00ebrkushtuar ndaj Bidenit, mikut t\u00eb saj prej disa dekadash, e zhg\u00ebnjeu keqazi Jill Biden.<\/span><\/p>\n<p><span style=\"color: #000000;\"><em>&#8220;Kam menduar shum\u00eb p\u00ebr marr\u00ebdh\u00ebniet,&#8221;<\/em> tha Jill Biden n\u00eb m\u00ebnyr\u00eb t\u00eb fsheht\u00eb p\u00ebr The Post n\u00eb intervist\u00ebn e saj.<\/span><\/p>\n<p><span style=\"color: #000000;\"><em>&#8220;Ka qen\u00eb n\u00eb mendjen time shum\u00eb koh\u00ebt e fundit&#8221;.<\/em><\/span><\/p>\n<p><span style=\"color: #000000;\">Mary Doody, ish-ndihm\u00ebs dekane n\u00eb Kolegjin Teknik t\u00eb Komunitetit Dela\u00ebare dhe mike e Jill Biden, tha p\u00ebr The Post se Zonja e Par\u00eb po fliste &#8220;shum\u00eb&#8221; se sa &#8220;mosrespektuese&#8221; ishte nga demokrat\u00ebt q\u00eb t\u00eb largonin Biden.<\/span><\/p>\n<p><span style=\"color: #000000;\"><em>\u201cIshte e tmerrshme. Ishte e keqe. Ishte munges\u00eb respekti,&#8221;<\/em> tha Doody.<\/span><\/p>\n<p><span style=\"color: #000000;\"><em>\u201cAjo foli shum\u00eb p\u00ebr k\u00ebt\u00eb. E di q\u00eb jam e nj\u00ebanshme, por Joe Biden nuk e meritoi k\u00ebt\u00eb.\u201d<\/em><\/span><\/p>\n","protected":false,"gt_translate_keys":[{"key":"rendered","format":"html"}]},"excerpt":{"rendered":"<p>&#8220;Zhg\u00ebnjyese&#8221; \u00ebsht\u00eb fjala q\u00eb Zonja e Par\u00eb Dr. Jill Biden p\u00ebrdori p\u00ebr t\u00eb p\u00ebrshkruar se si ndihet p\u00ebr m\u00ebnyr\u00ebn se si bashk\u00ebshorti i saj, presidenti Joe Biden, u trajtua nga drejtuesit e Partis\u00eb Demokratike gjat\u00eb fushat\u00ebs presidenciale t\u00eb vitit 2024. Duke reflektuar mbi zgjedhjet, Jill Biden tha se ajo nuk ishte e k\u00ebnaqur me aleat\u00ebt [&hellip;]<\/p>\n","protected":false,"gt_translate_keys":[{"key":"rendered","format":"html"}]},"author":51,"featured_media":719791,"comment_status":"closed","ping_status":"open","sticky":false,"template":"","format":"standard","meta":{"footnotes":""},"categories":[53],"tags":[],"class_list":["post-719781","post","type-post","status-publish","format-standard","has-post-thumbnail","hentry","category-fast-foodi"],"gt_translate_keys":[{"key":"link","format":"url"}],"_links":{"self":[{"href":"https:\/\/www.hashtag.al\/index.php\/wp-json\/wp\/v2\/posts\/719781","targetHints":{"allow":["GET"]}}],"collection":[{"href":"https:\/\/www.hashtag.al\/index.php\/wp-json\/wp\/v2\/posts"}],"about":[{"href":"https:\/\/www.hashtag.al\/index.php\/wp-json\/wp\/v2\/types\/post"}],"author":[{"embeddable":true,"href":"https:\/\/www.hashtag.al\/index.php\/wp-json\/wp\/v2\/users\/51"}],"replies":[{"embeddable":true,"href":"https:\/\/www.hashtag.al\/index.php\/wp-json\/wp\/v2\/comments?post=719781"}],"version-history":[{"count":99999,"href":"https:\/\/www.hashtag.al\/index.php\/wp-json\/wp\/v2\/posts\/719781\/revisions"}],"predecessor-version":[{"id":719795,"href":"https:\/\/www.hashtag.al\/index.php\/wp-json\/wp\/v2\/posts\/719781\/revisions\/719795"}],"wp:featuredmedia":[{"embeddable":true,"href":"https:\/\/www.hashtag.al\/index.php\/wp-json\/wp\/v2\/media\/719791"}],"wp:attachment":[{"href":"https:\/\/www.hashtag.al\/index.php\/wp-json\/wp\/v2\/media?parent=719781"}],"wp:term":[{"taxonomy":"category","embeddable":true,"href":"https:\/\/www.hashtag.al\/index.php\/wp-json\/wp\/v2\/categories?post=719781"},{"taxonomy":"post_tag","embeddable":true,"href":"https:\/\/www.hashtag.al\/index.php\/wp-json\/wp\/v2\/tags?post=719781"}],"curies":[{"name":"wp","href":"https:\/\/api.w.org\/{rel}","templated":true}]}}