{"id":719719,"date":"2025-01-16T18:13:45","date_gmt":"2025-01-16T17:13:45","guid":{"rendered":"https:\/\/www.hashtag.al\/?p=719719"},"modified":"2025-01-16T18:13:45","modified_gmt":"2025-01-16T17:13:45","slug":"veliaj-siguron-te-prekurit-nga-termeti-ne-lagjen-5maji-dhe-kombinat-bashke-me-apartamentet-edhe-certifikatat-e-pronesise","status":"publish","type":"post","link":"https:\/\/www.hashtag.al\/index.php\/2025\/01\/16\/veliaj-siguron-te-prekurit-nga-termeti-ne-lagjen-5maji-dhe-kombinat-bashke-me-apartamentet-edhe-certifikatat-e-pronesise\/","title":{"rendered":"Veliaj siguron t\u00eb prekurit nga t\u00ebrmeti n\u00eb lagjen \u201c5maji\u201d dhe Kombinat: Bashk\u00eb me apartamentet edhe certifikatat e pron\u00ebsis\u00eb","gt_translate_keys":[{"key":"rendered","format":"text"}]},"content":{"rendered":"<p><span style=\"color: #000000;\"><img loading=\"lazy\" decoding=\"async\" class=\"alignnone size-medium wp-image-716786\" src=\"https:\/\/www.hashtag.al\/wp-content\/uploads\/2024\/12\/veliaj2-300x155.png\" alt=\"\" width=\"300\" height=\"155\" srcset=\"https:\/\/www.hashtag.al\/wp-content\/uploads\/2024\/12\/veliaj2-300x155.png 300w, https:\/\/www.hashtag.al\/wp-content\/uploads\/2024\/12\/veliaj2-1024x529.png 1024w, https:\/\/www.hashtag.al\/wp-content\/uploads\/2024\/12\/veliaj2-768x397.png 768w, https:\/\/www.hashtag.al\/wp-content\/uploads\/2024\/12\/veliaj2.png 1409w\" sizes=\"auto, (max-width: 300px) 100vw, 300px\" \/><\/span><\/p>\n<p><span style=\"color: #000000;\">Kryebashkiaku Erion Veliaj ka siguruar t\u00eb gjith\u00eb t\u00eb prekurit nga t\u00ebrmeti n\u00eb Kombinat dhe Lagjen 5 maji, se apartamentet q\u00eb shp\u00ebrndahen shoq\u00ebrohen edhe me certifikata pron\u00ebsie.<\/span><\/p>\n<p><span style=\"color: #000000;\">Nga mbledhja e sotme e K\u00ebshillit Bashkiak, Veliaj deklaroi se Bashkia po ndjek t\u00eb gjith\u00eb hapat gjer n\u00eb shp\u00ebrndarjen e certifikatave t\u00eb pron\u00ebsis\u00eb p\u00ebr banor\u00ebt.<\/span><\/p>\n<p><span style=\"color: #000000;\"><em>\u00a0\u201cN\u00eb zon\u00ebn e \u201c5 Majit\u201d deri tani jan\u00eb shp\u00ebrndar\u00eb 428 apartamente n\u00eb 7 godina. Parashikohen deri n\u00eb fund t\u00eb Marsit t\u00eb ndahen dhe 273 apartamente t\u00eb tjera n\u00eb 6 godina t\u00eb reja.Nes\u00ebr nisim shp\u00ebrndarjen e \u00e7ertifikatave t\u00eb pron\u00ebsis\u00eb. Pra meraku i par\u00eb \u00ebsht\u00eb t\u00eb fusim kok\u00ebn n\u00eb nj\u00eb sht\u00ebpi, meraku i dyt\u00eb \u00ebsht\u00eb t\u00eb kemi letrat p\u00ebr at\u00eb sht\u00ebpi.K\u00ebshtu q\u00eb po i ndjekim hap\u00eb pas hapi, sa hidhet shorti dhe futen njer\u00ebzit fillojm\u00eb menj\u00ebher\u00eb hipotekimin e atyre banesave q\u00eb t\u00eb ket\u00eb vler\u00eb dhe t\u2019ju sh\u00ebrbej\u00eb banor\u00ebve p\u00ebr nj\u00eb kredi apo p\u00ebr nj\u00eb \u00e7far\u00eb do lloj\u00eb nevoje.K\u00ebshtu q\u00eb nes\u00ebr nisim edhe shp\u00ebrndarjen e certifikatave tek \u201c5 Maji<\/em>\u201d, tha Veliaj.<\/span><\/p>\n<p><span style=\"color: #000000;\">Ai n\u00ebnvizoi se edhe n\u00eb Kombinat po vijon me ritme shp\u00ebrndarja e apartamenteve t\u00eb reja p\u00ebr t\u00eb prekurit nga t\u00ebrmeti.<\/span><\/p>\n<p><span style=\"color: #000000;\"><em>\u00a0\u201cJan\u00eb miratuar dhe po zbatohen projektet p\u00ebr nd\u00ebrtimin e 16 objekteve me 6 deri n\u00eb 8 kate. Sip\u00ebrfaqe totale e nd\u00ebrtimit q\u00eb ne kemi aty \u00ebsht\u00eb 167800 metra katror. P\u00ebrfshihen 1064 apartamente, pra ka m\u00eb shum\u00eb zona se \u00ebsht\u00eb bashkuar edhe pjesa e Astirit dhe i gjith\u00eb ai pellg tek lagjja e re n\u00eb Kombinat. Shp\u00ebrndam\u00eb 75 apartamente dhe deri n\u00eb fund t\u00eb Janarit do t\u00eb ndajm\u00eb edhe 85 apartamente t\u00eb tjera. Pra \u00e7do pallat q\u00eb kolaudohet dhe merr letrat, futet n\u00eb proces shorti dhe futen familjar\u00ebt n\u00eb sht\u00ebpi. Deri n\u00eb fund t\u00eb muajit Mars ne do t\u00eb ndajm\u00eb edhe 486 apartamente t\u00eb tjera n\u00eb Kombinat. K\u00ebshtu q\u00eb kush p\u00ebrfaq\u00ebson nj\u00ebsit\u00eb 6,14, Vaqarr besoj i ka p\u00ebrgjigjet k\u00ebtu p\u00ebr m\u00ebnyr\u00ebn se si do t\u00eb procedojm\u00eb\u201d,<\/em> deklaroi Veliaj<\/span><\/p>\n","protected":false,"gt_translate_keys":[{"key":"rendered","format":"html"}]},"excerpt":{"rendered":"<p>Kryebashkiaku Erion Veliaj ka siguruar t\u00eb gjith\u00eb t\u00eb prekurit nga t\u00ebrmeti n\u00eb Kombinat dhe Lagjen 5 maji, se apartamentet q\u00eb shp\u00ebrndahen shoq\u00ebrohen edhe me certifikata pron\u00ebsie. Nga mbledhja e sotme e K\u00ebshillit Bashkiak, Veliaj deklaroi se Bashkia po ndjek t\u00eb gjith\u00eb hapat gjer n\u00eb shp\u00ebrndarjen e certifikatave t\u00eb pron\u00ebsis\u00eb p\u00ebr banor\u00ebt. \u00a0\u201cN\u00eb zon\u00ebn e \u201c5 [&hellip;]<\/p>\n","protected":false,"gt_translate_keys":[{"key":"rendered","format":"html"}]},"author":32,"featured_media":716786,"comment_status":"closed","ping_status":"open","sticky":false,"template":"","format":"standard","meta":{"footnotes":""},"categories":[65],"tags":[],"class_list":["post-719719","post","type-post","status-publish","format-standard","has-post-thumbnail","hentry","category-lajme"],"gt_translate_keys":[{"key":"link","format":"url"}],"_links":{"self":[{"href":"https:\/\/www.hashtag.al\/index.php\/wp-json\/wp\/v2\/posts\/719719","targetHints":{"allow":["GET"]}}],"collection":[{"href":"https:\/\/www.hashtag.al\/index.php\/wp-json\/wp\/v2\/posts"}],"about":[{"href":"https:\/\/www.hashtag.al\/index.php\/wp-json\/wp\/v2\/types\/post"}],"author":[{"embeddable":true,"href":"https:\/\/www.hashtag.al\/index.php\/wp-json\/wp\/v2\/users\/32"}],"replies":[{"embeddable":true,"href":"https:\/\/www.hashtag.al\/index.php\/wp-json\/wp\/v2\/comments?post=719719"}],"version-history":[{"count":99999,"href":"https:\/\/www.hashtag.al\/index.php\/wp-json\/wp\/v2\/posts\/719719\/revisions"}],"predecessor-version":[{"id":719720,"href":"https:\/\/www.hashtag.al\/index.php\/wp-json\/wp\/v2\/posts\/719719\/revisions\/719720"}],"wp:featuredmedia":[{"embeddable":true,"href":"https:\/\/www.hashtag.al\/index.php\/wp-json\/wp\/v2\/media\/716786"}],"wp:attachment":[{"href":"https:\/\/www.hashtag.al\/index.php\/wp-json\/wp\/v2\/media?parent=719719"}],"wp:term":[{"taxonomy":"category","embeddable":true,"href":"https:\/\/www.hashtag.al\/index.php\/wp-json\/wp\/v2\/categories?post=719719"},{"taxonomy":"post_tag","embeddable":true,"href":"https:\/\/www.hashtag.al\/index.php\/wp-json\/wp\/v2\/tags?post=719719"}],"curies":[{"name":"wp","href":"https:\/\/api.w.org\/{rel}","templated":true}]}}