{"id":719580,"date":"2025-01-15T22:43:51","date_gmt":"2025-01-15T21:43:51","guid":{"rendered":"https:\/\/www.hashtag.al\/?p=719580"},"modified":"2025-01-15T22:43:51","modified_gmt":"2025-01-15T21:43:51","slug":"veliaj-i-premton-besnikeri-ps-se-do-punoj-me-gjithe-forcen-time-per-fitoren-ne-11-maj-tirana-ka-nevoje-per-ramen","status":"publish","type":"post","link":"https:\/\/www.hashtag.al\/index.php\/2025\/01\/15\/veliaj-i-premton-besnikeri-ps-se-do-punoj-me-gjithe-forcen-time-per-fitoren-ne-11-maj-tirana-ka-nevoje-per-ramen\/","title":{"rendered":"Veliaj i premton besnik\u00ebri PS-s\u00eb: Do punoj me gjith\u00eb forc\u00ebn time p\u00ebr fitoren n\u00eb 11 maj, Tirana ka nevoj\u00eb p\u00ebr Ram\u00ebn","gt_translate_keys":[{"key":"rendered","format":"text"}]},"content":{"rendered":"<p><span style=\"color: #000000;\"><img loading=\"lazy\" decoding=\"async\" class=\"aligncenter wp-image-719581 size-full\" src=\"https:\/\/www.hashtag.al\/wp-content\/uploads\/2025\/01\/veliaj-1.jpg\" alt=\"\" width=\"1600\" height=\"740\" srcset=\"https:\/\/www.hashtag.al\/wp-content\/uploads\/2025\/01\/veliaj-1.jpg 1600w, https:\/\/www.hashtag.al\/wp-content\/uploads\/2025\/01\/veliaj-1-300x139.jpg 300w, https:\/\/www.hashtag.al\/wp-content\/uploads\/2025\/01\/veliaj-1-1024x474.jpg 1024w, https:\/\/www.hashtag.al\/wp-content\/uploads\/2025\/01\/veliaj-1-768x355.jpg 768w, https:\/\/www.hashtag.al\/wp-content\/uploads\/2025\/01\/veliaj-1-1536x710.jpg 1536w\" sizes=\"auto, (max-width: 1600px) 100vw, 1600px\" \/><\/span><\/p>\n<p><span style=\"color: #000000;\">Erion Veliaj deklaroi sot se Partia Socialiste \u00ebsht\u00eb e vetmja forc\u00eb transformuese q\u00eb i bashkon njer\u00ebzit dhe i p\u00ebrvesh m\u00ebng\u00ebt p\u00ebr ta b\u00ebr\u00eb Shqip\u00ebrin\u00eb europiane.<\/span><\/p>\n<p><span style=\"color: #000000;\">N\u00eb takimin e Kuvendit Rinor t\u00eb Tiran\u00ebs, Veliaj premtoi besnik\u00ebri ndaj PS-s\u00eb dhe n\u00ebnvizoi se do t\u00eb punoj\u00eb edhe m\u00eb fuqish\u00ebm p\u00ebr fitoren e PS dhe Edi Ram\u00ebs n\u00eb zgjedhjet e 11 Majit.<\/span><\/p>\n<p><span style=\"color: #000000;\">\u201c<em>Nuk ka gj\u00eb n\u00eb bot\u00eb t\u00eb m\u00eb ndaloj\u00eb t\u00eb jem aktivisti m\u00eb shembullor p\u00ebr fitoren e PS n\u00eb 11 maj. Do t\u00eb punoj me gjith\u00eb energjin\u00eb dhe forc\u00ebn time, me t\u00eb gjitha or\u00ebt e dit\u00ebs sime dhe pasionin tim, sepse Tirana ka nevoj\u00eb p\u00ebr Edi Ram\u00ebn dhe PS. Tirana ka nevoj\u00eb t\u00eb shkoj\u00eb edhe m\u00eb lart, edhe m\u00eb fort, edhe m\u00eb shpejt<\/em>\u201d, tha ai.<\/span><\/p>\n<p><span style=\"color: #000000;\">Ai e cil\u00ebsoi PS-n\u00eb si nj\u00eb forc\u00eb q\u00eb nuk dor\u00ebzohet edhe sikur forcat e liga t\u00eb b\u00ebhen bashk\u00eb.<\/span><\/p>\n<p><span style=\"color: #000000;\">\u201c<em>Asnj\u00ebher\u00eb nuk dor\u00ebzohemi! Kurr\u00eb, kurr\u00eb kurr\u00eb! Forcat e liga mund t\u00eb b\u00ebhen bashk\u00eb, njer\u00ebzit q\u00eb s\u2019kan\u00eb prekur pun\u00eb me dor\u00eb mund t\u00eb llomotisin sa t\u00eb duan, parti t\u00eb reja me ide t\u00eb vjetra mund t\u00eb ket\u00eb sa t\u00eb duash, n\u00eb flet\u00ebn e votimit lista \u00ebsht\u00eb pa fund, por ka vet\u00ebm nj\u00eb forc\u00eb q\u00eb kurr\u00eb, kurr\u00eb, kurr\u00eb nuk e ka tradhtuar Shqip\u00ebrin\u00eb, kurr\u00eb nuk e ka tradhtuar rinin\u00eb, kurr\u00eb nuk i ka l\u00ebn\u00eb pas dore pensionist\u00ebt, kurr\u00eb nuk e ka zhg\u00ebnjyer besimin e njer\u00ebzve, si n\u00eb opozit\u00eb, ashtu edhe n\u00eb qeveri: Kjo \u00ebsht\u00eb familja jon\u00eb, \u00ebsht\u00eb Partia Socialiste e Shqip\u00ebris\u00eb, \u00ebsht\u00eb Edi Rama, skuadra jon\u00eb komb\u00ebtare<\/em>\u201d, tha ai.<\/span><\/p>\n<p><span style=\"color: #000000;\">Bashk\u00ebdrejtuesi politik i PS n\u00eb Tiran\u00eb shtoi se nuk ka asgj\u00eb q\u00eb e ndalon PS-n\u00eb p\u00ebr t\u00eb arritur nj\u00eb superfitore n\u00eb 11 maj. Ai u k\u00ebrkoi aktivist\u00ebve socialist\u00eb q\u00eb t\u00eb punojn\u00eb k\u00ebto 100 dit\u00eb nga data e zgjedhjeve p\u00ebr t\u00eb arritur fitoren. Veliaj kujtoi edhe periudh\u00ebn kur ishte Sekretar i Emigracionit n\u00eb PS n\u00eb vitet 2009-2011, duke e quajtur at\u00eb nj\u00eb arritje t\u00eb jasht\u00ebzakonshme.<\/span><\/p>\n<p><span style=\"color: #000000;\">\u201c<em>P\u00ebr pak dit\u00eb vjen 21 janari, t\u00eb mos e harrojm\u00eb! N\u00eb k\u00ebt\u00eb qytet, ku po flasim p\u00ebr k\u00ebto transformime, vriteshin njer\u00ebz me plumba n\u00eb mish, se ishin socialist\u00eb, n\u00eb mes t\u00eb Bulevardit. N\u00eb k\u00ebt\u00eb bulevard para 10 vitesh nuk kishte as kapak\u00eb pusetash. Kjo ka qen\u00eb Tirana para 10 vitesh. Pun\u00ebt e mira nuk i b\u00ebri as Zana e Malit, as shkopi magjik<\/em>\u201d, tha ai.<\/span><\/p>\n","protected":false,"gt_translate_keys":[{"key":"rendered","format":"html"}]},"excerpt":{"rendered":"<p>Erion Veliaj deklaroi sot se Partia Socialiste \u00ebsht\u00eb e vetmja forc\u00eb transformuese q\u00eb i bashkon njer\u00ebzit dhe i p\u00ebrvesh m\u00ebng\u00ebt p\u00ebr ta b\u00ebr\u00eb Shqip\u00ebrin\u00eb europiane. N\u00eb takimin e Kuvendit Rinor t\u00eb Tiran\u00ebs, Veliaj premtoi besnik\u00ebri ndaj PS-s\u00eb dhe n\u00ebnvizoi se do t\u00eb punoj\u00eb edhe m\u00eb fuqish\u00ebm p\u00ebr fitoren e PS dhe Edi Ram\u00ebs n\u00eb zgjedhjet [&hellip;]<\/p>\n","protected":false,"gt_translate_keys":[{"key":"rendered","format":"html"}]},"author":32,"featured_media":719581,"comment_status":"closed","ping_status":"open","sticky":false,"template":"","format":"standard","meta":{"footnotes":""},"categories":[65,13],"tags":[],"class_list":["post-719580","post","type-post","status-publish","format-standard","has-post-thumbnail","hentry","category-lajme","category-te-fundit"],"gt_translate_keys":[{"key":"link","format":"url"}],"_links":{"self":[{"href":"https:\/\/www.hashtag.al\/index.php\/wp-json\/wp\/v2\/posts\/719580","targetHints":{"allow":["GET"]}}],"collection":[{"href":"https:\/\/www.hashtag.al\/index.php\/wp-json\/wp\/v2\/posts"}],"about":[{"href":"https:\/\/www.hashtag.al\/index.php\/wp-json\/wp\/v2\/types\/post"}],"author":[{"embeddable":true,"href":"https:\/\/www.hashtag.al\/index.php\/wp-json\/wp\/v2\/users\/32"}],"replies":[{"embeddable":true,"href":"https:\/\/www.hashtag.al\/index.php\/wp-json\/wp\/v2\/comments?post=719580"}],"version-history":[{"count":99999,"href":"https:\/\/www.hashtag.al\/index.php\/wp-json\/wp\/v2\/posts\/719580\/revisions"}],"predecessor-version":[{"id":719582,"href":"https:\/\/www.hashtag.al\/index.php\/wp-json\/wp\/v2\/posts\/719580\/revisions\/719582"}],"wp:featuredmedia":[{"embeddable":true,"href":"https:\/\/www.hashtag.al\/index.php\/wp-json\/wp\/v2\/media\/719581"}],"wp:attachment":[{"href":"https:\/\/www.hashtag.al\/index.php\/wp-json\/wp\/v2\/media?parent=719580"}],"wp:term":[{"taxonomy":"category","embeddable":true,"href":"https:\/\/www.hashtag.al\/index.php\/wp-json\/wp\/v2\/categories?post=719580"},{"taxonomy":"post_tag","embeddable":true,"href":"https:\/\/www.hashtag.al\/index.php\/wp-json\/wp\/v2\/tags?post=719580"}],"curies":[{"name":"wp","href":"https:\/\/api.w.org\/{rel}","templated":true}]}}