{"id":719516,"date":"2025-01-15T14:09:11","date_gmt":"2025-01-15T13:09:11","guid":{"rendered":"https:\/\/www.hashtag.al\/?p=719516"},"modified":"2025-01-15T14:09:11","modified_gmt":"2025-01-15T13:09:11","slug":"abonete-falas-gjeja-me-e-mire-do-hapim-qendra-sociale-per-pensionistet-veliaj","status":"publish","type":"post","link":"https:\/\/www.hashtag.al\/index.php\/2025\/01\/15\/abonete-falas-gjeja-me-e-mire-do-hapim-qendra-sociale-per-pensionistet-veliaj\/","title":{"rendered":"\u201cAbonet\u00eb falas gj\u00ebja m\u00eb e mir\u00eb, do hapim qendra sociale p\u00ebr pensionist\u00ebt\u201d &#8211; Veliaj","gt_translate_keys":[{"key":"rendered","format":"text"}]},"content":{"rendered":"<p><img loading=\"lazy\" decoding=\"async\" class=\"aligncenter size-full wp-image-719517\" src=\"https:\/\/www.hashtag.al\/wp-content\/uploads\/2025\/01\/veliaj.png\" alt=\"\" width=\"1349\" height=\"735\" srcset=\"https:\/\/www.hashtag.al\/wp-content\/uploads\/2025\/01\/veliaj.png 1349w, https:\/\/www.hashtag.al\/wp-content\/uploads\/2025\/01\/veliaj-300x163.png 300w, https:\/\/www.hashtag.al\/wp-content\/uploads\/2025\/01\/veliaj-1024x558.png 1024w, https:\/\/www.hashtag.al\/wp-content\/uploads\/2025\/01\/veliaj-768x418.png 768w\" sizes=\"auto, (max-width: 1349px) 100vw, 1349px\" \/><\/p>\n<p><span style=\"color: #000000;\">Kryebashkiaku Veliaj tha sot se bashkia ka plane ambicioze nd\u00ebrsa prezantoi disa nga arritjet e institucionit q\u00eb drejton. <\/span><\/p>\n<p><span style=\"color: #000000;\">Ai tha se abonet\u00eb falas ishin nj\u00eb nga gj\u00ebrat m\u00eb t\u00eb mira q\u00eb ka b\u00ebr\u00eb bashkia nd\u00ebrsa tha se po mendohet edhe hapja e qendrave sociale p\u00ebr ta.<\/span><\/p>\n<p><span style=\"color: #000000;\"> Gjat\u00eb takimit me pensionist\u00ebt, kryebashkiaku socialist theksoi se n\u00eb mandatin e par\u00eb bashkia ka pasur shum\u00eb pak mund\u00ebsi p\u00ebr t\u00eb investuar pas \u00ebsht\u00eb l\u00ebn\u00eb e falimentuar nd\u00ebrsa n\u00eb mandatin e dyt\u00eb dhe t\u00eb tret\u00eb jan\u00eb kryer shum\u00eb projekte ambicioze si rind\u00ebrtimi i \u00e7erdheve, kopshteve e shkollave, nd\u00ebrtimi i banesave sociale, parqeve etj.<\/span><\/p>\n<p><span style=\"color: #000000;\"><em>\u201cAbonet\u00eb fals p\u00ebr pensionist\u00ebt \u00ebsht\u00eb nj\u00eb nga gj\u00ebrat m\u00eb t\u00eb mira. Un\u00eb e di q\u00eb rrjetet sociale prodhojn\u00eb plot armiq. I shihni p\u00ebrdit\u00eb te dera e bashkis\u00eb. Ik ti t\u00eb vijm\u00eb ne. N\u00eb mandatin e par\u00eb nuk kishim fonde sepse bashkia \u00a0ishte e falimentuar. N\u00eb mandatin e dyt\u00eb rind\u00ebrtuam kopshte, \u00e7erdhe, shkolla. Tani jemi n\u00eb kushtet kur mund t\u00eb b\u00ebjm\u00eb banesa sociale p\u00ebr \u00e7iftet e reja dhe p\u00ebr t\u00eb pamundurit. P\u00ebr pensionis\u00ebt jo vet\u00ebm abonen\u00eb falas, por mund t\u00eb b\u00ebjm\u00eb edhe qendra sociale. Nuk tutem prej atyre q\u00eb mllefosen nga e mira. Ata e kan\u00eb hallin me veten.\u201d<\/em> &#8211; tha nd\u00ebr t\u00eb tjera Veliaj.<\/span><\/p>\n","protected":false,"gt_translate_keys":[{"key":"rendered","format":"html"}]},"excerpt":{"rendered":"<p>Kryebashkiaku Veliaj tha sot se bashkia ka plane ambicioze nd\u00ebrsa prezantoi disa nga arritjet e institucionit q\u00eb drejton. Ai tha se abonet\u00eb falas ishin nj\u00eb nga gj\u00ebrat m\u00eb t\u00eb mira q\u00eb ka b\u00ebr\u00eb bashkia nd\u00ebrsa tha se po mendohet edhe hapja e qendrave sociale p\u00ebr ta. Gjat\u00eb takimit me pensionist\u00ebt, kryebashkiaku socialist theksoi se n\u00eb [&hellip;]<\/p>\n","protected":false,"gt_translate_keys":[{"key":"rendered","format":"html"}]},"author":51,"featured_media":719517,"comment_status":"closed","ping_status":"open","sticky":false,"template":"","format":"standard","meta":{"footnotes":""},"categories":[65],"tags":[],"class_list":["post-719516","post","type-post","status-publish","format-standard","has-post-thumbnail","hentry","category-lajme"],"gt_translate_keys":[{"key":"link","format":"url"}],"_links":{"self":[{"href":"https:\/\/www.hashtag.al\/index.php\/wp-json\/wp\/v2\/posts\/719516","targetHints":{"allow":["GET"]}}],"collection":[{"href":"https:\/\/www.hashtag.al\/index.php\/wp-json\/wp\/v2\/posts"}],"about":[{"href":"https:\/\/www.hashtag.al\/index.php\/wp-json\/wp\/v2\/types\/post"}],"author":[{"embeddable":true,"href":"https:\/\/www.hashtag.al\/index.php\/wp-json\/wp\/v2\/users\/51"}],"replies":[{"embeddable":true,"href":"https:\/\/www.hashtag.al\/index.php\/wp-json\/wp\/v2\/comments?post=719516"}],"version-history":[{"count":99999,"href":"https:\/\/www.hashtag.al\/index.php\/wp-json\/wp\/v2\/posts\/719516\/revisions"}],"predecessor-version":[{"id":719518,"href":"https:\/\/www.hashtag.al\/index.php\/wp-json\/wp\/v2\/posts\/719516\/revisions\/719518"}],"wp:featuredmedia":[{"embeddable":true,"href":"https:\/\/www.hashtag.al\/index.php\/wp-json\/wp\/v2\/media\/719517"}],"wp:attachment":[{"href":"https:\/\/www.hashtag.al\/index.php\/wp-json\/wp\/v2\/media?parent=719516"}],"wp:term":[{"taxonomy":"category","embeddable":true,"href":"https:\/\/www.hashtag.al\/index.php\/wp-json\/wp\/v2\/categories?post=719516"},{"taxonomy":"post_tag","embeddable":true,"href":"https:\/\/www.hashtag.al\/index.php\/wp-json\/wp\/v2\/tags?post=719516"}],"curies":[{"name":"wp","href":"https:\/\/api.w.org\/{rel}","templated":true}]}}