{"id":719412,"date":"2025-01-15T08:44:44","date_gmt":"2025-01-15T07:44:44","guid":{"rendered":"https:\/\/www.hashtag.al\/?p=719412"},"modified":"2025-01-15T08:44:44","modified_gmt":"2025-01-15T07:44:44","slug":"nato-pret-fushate-dhe-zgjedhje-te-qeta-ne-kosove","status":"publish","type":"post","link":"https:\/\/www.hashtag.al\/index.php\/2025\/01\/15\/nato-pret-fushate-dhe-zgjedhje-te-qeta-ne-kosove\/","title":{"rendered":"NATO pret fushat\u00eb dhe zgjedhje t\u00eb qeta n\u00eb Kosov\u00eb","gt_translate_keys":[{"key":"rendered","format":"text"}]},"content":{"rendered":"<p style=\"text-align: left;\"><span style=\"color: #000000;\"><img loading=\"lazy\" decoding=\"async\" class=\"aligncenter size-full wp-image-719413\" src=\"https:\/\/www.hashtag.al\/wp-content\/uploads\/2025\/01\/Screenshot-2025-01-15-074211.png\" alt=\"\" width=\"983\" height=\"537\" srcset=\"https:\/\/www.hashtag.al\/wp-content\/uploads\/2025\/01\/Screenshot-2025-01-15-074211.png 983w, https:\/\/www.hashtag.al\/wp-content\/uploads\/2025\/01\/Screenshot-2025-01-15-074211-300x164.png 300w, https:\/\/www.hashtag.al\/wp-content\/uploads\/2025\/01\/Screenshot-2025-01-15-074211-768x420.png 768w\" sizes=\"auto, (max-width: 983px) 100vw, 983px\" \/><\/span><\/p>\n<p style=\"text-align: left;\"><span style=\"color: #000000;\">Aleanca Veriatlantike pret q\u00eb zgjedhjet n\u00eb Kosov\u00eb t\u00eb mos ndikojn\u00eb n\u00eb tensionimin e situat\u00ebs. NATO \u00ebsht\u00eb n\u00eb kontakt me Kosov\u00ebn dhe Serbin\u00eb q\u00eb t\u00eb sigurohet q\u00eb ruajtja e qet\u00ebsis\u00eb gjat\u00eb zgjedhjeve parlamentare n\u00eb shkurt.<\/span><\/p>\n<p style=\"text-align: left;\"><span style=\"color: #000000;\">K\u00ebshtu u shpreh gjat\u00eb nj\u00eb debati q\u00eb u zhvillua n\u00eb Komisionin p\u00ebr Politik\u00eb t\u00eb Jashtme dhe Mbrojtjes n\u00eb Parlamentin Evropian n\u00eb Bruksel, Sekretari P\u00ebrgjithsh\u00ebm i NATO-s Mark Rutte.<\/span><\/p>\n<p style=\"text-align: left;\"><span style=\"color: #000000;\">Ai e ka cil\u00ebsuar situat\u00ebn n\u00eb Bosnje e Hercegovin\u00eb dhe raportet mes Kosov\u00ebs dhe Serbis\u00eb si \u00e7\u00ebshtje thelb\u00ebsore p\u00ebr stabilitet n\u00eb rajonin e Ballkanit Per\u00ebndimor.<\/span><\/p>\n<p style=\"text-align: left;\"><span style=\"color: #000000;\"><strong>&#8220;Nuk do t\u00eb lejohet vakuum i siguris\u00eb&#8221;<\/strong><\/span><\/p>\n<p style=\"text-align: left;\"><span style=\"color: #000000;\"><em>&#8220;Gjithsesi, ne jemi n\u00eb kontakt me Kosov\u00ebn, por edhe me Serbin\u00eb, p\u00ebr t\u00eb siguruar q\u00eb zgjedhjet q\u00eb do t\u00eb zhvillohen m\u00eb von\u00eb n\u00eb Kosov\u00eb n\u00eb shkurt t\u00eb mos \u00e7ojn\u00eb deri te destabilizimi. Kjo \u00ebsht\u00eb ky\u00e7e.<\/em><\/span><\/p>\n<p style=\"text-align: left;\"><span style=\"color: #000000;\"><em>N\u00eb rajonin e Ballkanit Per\u00ebndimor ne v\u00ebrtet\u00eb duhet t\u00eb mbetemi t\u00eb angazhuar s\u00eb af\u00ebrmi, sepse \u00ebsht\u00eb nj\u00eb fqinj\u00ebsi kryesore p\u00ebr ne\u201d,<\/em> tha Mark Rutte, duke shtuar se <em>&#8220;aleanca nuk do t\u00eb lejoj\u00eb t\u00eb ket\u00eb ndonj\u00eb vakuum t\u00eb siguris\u00eb, as n\u00eb Bosnje e Hercegovin\u00eb, e as diku tjet\u00ebr n\u00eb rajonin e Ballkanit Per\u00ebndimor\u201d.<\/em><\/span><\/p>\n<p style=\"text-align: left;\"><span style=\"color: #000000;\">NATO ka prani ushtarake n\u00eb Kosov\u00eb me rreth pes\u00eb mij\u00eb trupa. Gjat\u00eb tensioneve n\u00eb veri n\u00eb muajt e shkuar por edhe n\u00eb t\u00eb kaluar\u00ebn, aleanca dhe udh\u00ebheq\u00ebsit e saj vazhdimisht kan\u00eb paralajm\u00ebruar se \u00ebsht\u00eb e gatshme t\u00eb nd\u00ebrhyj\u00eb n\u00ebse e sheh t\u00eb nevojshme.<\/span><\/p>\n<p style=\"text-align: left;\"><span style=\"color: #000000;\"><strong>Reagime nd\u00ebrkomb\u00ebtare pas fillimit t\u00eb fushat\u00ebs<\/strong><\/span><\/p>\n<p style=\"text-align: left;\"><span style=\"color: #000000;\">N\u00eb Kosov\u00eb ka filluar nd\u00ebrkoh\u00eb fushata zgjedhore p\u00ebr zgjedhjet parlamentare t\u00eb 9 shkurtit. Partit\u00eb politike kan\u00eb filluar tubimet e tyre elektorale duke prezantuar para mb\u00ebshtet\u00ebsve projektet dhe premtimet p\u00ebr mandatin e ardhsh\u00ebm qeveris\u00ebs kat\u00ebr vje\u00e7ar. Ambasada e SHBA-s\u00eb e mir\u00ebpriti fillimin e fushat\u00ebs zgjedhore n\u00eb Kosov\u00eb, duke k\u00ebrkuar nga partit\u00eb politike q\u00eb &#8220;t\u00eb sillen sipas traditave t\u00eb forta demokratike\u201d.<\/span><\/p>\n<p style=\"text-align: left;\"><span style=\"color: #000000;\"><em> &#8220;Zgjedhjet e lira, t\u00eb drejta dhe transparente jan\u00eb themeli i demokracis\u00eb dhe ne presim q\u00eb t\u00eb gjith\u00eb pjes\u00ebmarr\u00ebsit t\u00eb respektojn\u00eb sundimin e ligjit dhe proceset demokratike\u201d,<\/em> thuhet n\u00eb nj\u00eb deklarat\u00eb t\u00eb ambasad\u00ebs amerikane.<\/span><\/p>\n<p style=\"text-align: left;\"><span style=\"color: #000000;\">Nj\u00eb delegacion i K\u00ebshillit t\u00eb Evrop\u00ebs viziton Kosov\u00ebn k\u00ebt\u00eb jav\u00eb p\u00ebr t\u00eb vler\u00ebsuar &#8220;fushat\u00ebn zgjedhore dhe politike dhe klim\u00ebn para zgjedhjeve p\u00ebr Kuvendin e Kosov\u00ebs m\u00eb 9 shkurt\u201d. <\/span><\/p>\n<p style=\"text-align: left;\"><span style=\"color: #000000;\">Delegacioni prej tre an\u00ebtar\u00ebsh i Asambles\u00eb Parlamentare t\u00eb K\u00ebshillit t\u00eb Evrop\u00ebs q\u00eb udh\u00ebhiqet nga Petra Bayr nga Austria, n\u00eb Prishtin\u00eb takohet me presidenten e Kosov\u00ebs, kryeministrin dhe kryetarin e Kuvendit, si dhe me krer\u00ebt dhe p\u00ebrfaq\u00ebsuesit e grupeve kryesore politike t\u00eb Kuvendit.<\/span><\/p>\n<p style=\"text-align: left;\"><span style=\"color: #000000;\"><em>&#8220;Jan\u00eb parapar\u00eb takime edhe me delegacionin e Kuvendit t\u00eb Kosov\u00ebs n\u00eb (PACE- APKE), me kryesuesin dhe an\u00ebtar\u00ebt e Komisionit Qendror t\u00eb Zgjedhjeve, me kryesuesin e misionit t\u00eb BE-s\u00eb p\u00ebr v\u00ebzhgimin e zgjedhjeve, me an\u00ebtar\u00eb t\u00eb bashk\u00ebsis\u00eb nd\u00ebrkomb\u00ebtare, si dhe me p\u00ebrfaq\u00ebsues diplomatik, nga shoq\u00ebria civile dhe media\u201d,<\/em> thuhet n\u00eb njoftimin e Asambles\u00eb Parlamentare t\u00eb KiE-s\u00eb. M\u00eb von\u00eb gjat\u00eb zgjedhjeve t\u00eb 9 shkurtit 20 an\u00ebtar\u00eb t\u00eb Asambles\u00eb Parlamentare t\u00eb KiE-s\u00eb do t\u00eb q\u00ebndrojn\u00eb n\u00eb Kosov\u00eb p\u00ebr t\u00eb v\u00ebzhguar zgjedhjet krahas v\u00ebzhguesve tjer\u00eb t\u00eb BE-s\u00eb.<\/span><\/p>\n<p style=\"text-align: left;\"><span style=\"color: #000000;\"><strong>Pjes\u00ebmarrja e List\u00ebs Srpska n\u00eb zgjedhje<\/strong><\/span><\/p>\n<p style=\"text-align: left;\"><span style=\"color: #000000;\">Pas largimit nga institucionet e Kosov\u00ebs dhe bojkotimit masiv t\u00eb zgjedhjeve lokale n\u00eb kat\u00ebr komunat n\u00eb veri t\u00eb Kosov\u00ebs dy vjet m\u00eb par\u00eb, partia m\u00eb e madhe e serb\u00ebve Lista Srpska do t\u00eb marr pjes\u00eb n\u00eb zgjedhjet e 9 shkurtit.<\/span><\/p>\n<p style=\"text-align: left;\"><span style=\"color: #000000;\">K\u00ebt\u00eb parti politike serbe megjith\u00eb kund\u00ebrshtimet e partis\u00eb n\u00eb pushtet Vet\u00ebvendosja q\u00eb mos ta lejoj\u00eb t\u00eb marr\u00eb pjes\u00eb n\u00eb zgjedhje, Komisioni Qendror i Zgjedhjeve tashm\u00eb e ka certifikuar.<\/span><\/p>\n<p style=\"text-align: left;\"><span style=\"color: #000000;\">Mbajtja e votimeve do t\u00eb b\u00ebhet edhe n\u00eb pjes\u00ebn veriore t\u00eb Kosov\u00ebs t\u00eb banuar me shumic\u00eb serbe, ndon\u00ebse n\u00eb dy vjet\u00ebt e fundit n\u00eb k\u00ebt\u00eb pjes\u00eb kishte tensione t\u00eb larta.<\/span><\/p>\n<p style=\"text-align: left;\"><span style=\"color: #000000;\">Kjo p\u00ebr faktin q\u00eb n\u00eb shtator t\u00eb vitit 2023, nj\u00eb grup i serb\u00ebve t\u00eb armatosur sulmuan Policin\u00eb e Kosov\u00ebs, dhe vran\u00eb nj\u00eb rreshter.<\/span><\/p>\n<p style=\"text-align: left;\"><span style=\"color: #000000;\">P\u00ebrgjegj\u00ebsin\u00eb p\u00ebr sulmin, e mori ish-n\u00ebnkryetari i List\u00ebs Srpska Millan Radoi\u00e7iq. Nd\u00ebrkaq, n\u00eb n\u00ebntor t\u00eb vitit t\u00eb shkuar ndodhi nj\u00eb shp\u00ebrthim n\u00eb kanalin e ujit t\u00eb Ib\u00ebr-Lepencit n\u00eb Zubin Potok n\u00eb veri t\u00eb Kosov\u00ebs, kanal ky nga i cili varet funksionimi i termoelektranave t\u00eb Kosov\u00ebs dhe furnizimi me uj\u00eb t\u00eb pijsh\u00ebm p\u00ebr nj\u00eb pjes\u00eb t\u00eb madhe t\u00eb Kosov\u00ebs.<\/span><\/p>\n<p style=\"text-align: left;\"><span style=\"color: #000000;\">Autoritetet kosovare p\u00ebr shp\u00ebrthimin n\u00eb Ib\u00ebr Lepenc e kan\u00eb faj\u00ebsuar Serbin\u00eb, por Beogradi ka mohuar se ka gisht n\u00eb t\u00eb.<\/span><br \/>\n<span style=\"color: #000000;\">Autoritet e siguris\u00eb n\u00eb Kosov\u00eb kan\u00eb th\u00ebn\u00eb se ato kan\u00eb marr\u00eb t\u00eb gjitha masat e nevojshme q\u00eb fushata zgjedhore dhe zgjedhjet e 9 shkurtit t\u00eb zhvillohen n\u00eb nj\u00eb ambient t\u00eb qet\u00eb. Komisioni Qendror i Zgjedhjeve (KQZ), tashm\u00eb ka certifikuar 27 subjekte politike, prej t\u00eb cilave: 19 parti politike, 5 koalicione, 2 nisma qytetare dhe 1 kandidat i pavarur.<\/span><\/p>\n<p style=\"text-align: left;\"><span style=\"color: #000000;\">Pes\u00eb nga subjektet politike t\u00eb certifikuara jan\u00eb nga radh\u00ebt e komunitetit serb t\u00eb Kosov\u00ebs. Komisioni Qendror i Zgjedhjeve ka certifikuar list\u00ebn prej m\u00eb shum\u00eb se dy milion\u00eb votuesish.<span style=\"color: #0000ff;\"><a style=\"color: #0000ff;\" href=\"https:\/\/www.dw.com\/sq\/nato-dhe-komuniteti-nd%C3%ABrkomb%C3%ABtar-presin-fushat%C3%AB-dhe-zgjedhje-t%C3%AB-qeta-n%C3%AB-kosov%C3%AB\/a-71292042\">\/DW<\/a><\/span><\/span><\/p>\n","protected":false,"gt_translate_keys":[{"key":"rendered","format":"html"}]},"excerpt":{"rendered":"<p>Aleanca Veriatlantike pret q\u00eb zgjedhjet n\u00eb Kosov\u00eb t\u00eb mos ndikojn\u00eb n\u00eb tensionimin e situat\u00ebs. NATO \u00ebsht\u00eb n\u00eb kontakt me Kosov\u00ebn dhe Serbin\u00eb q\u00eb t\u00eb sigurohet q\u00eb ruajtja e qet\u00ebsis\u00eb gjat\u00eb zgjedhjeve parlamentare n\u00eb shkurt. K\u00ebshtu u shpreh gjat\u00eb nj\u00eb debati q\u00eb u zhvillua n\u00eb Komisionin p\u00ebr Politik\u00eb t\u00eb Jashtme dhe Mbrojtjes n\u00eb Parlamentin Evropian n\u00eb [&hellip;]<\/p>\n","protected":false,"gt_translate_keys":[{"key":"rendered","format":"html"}]},"author":49,"featured_media":719413,"comment_status":"closed","ping_status":"open","sticky":false,"template":"","format":"standard","meta":{"footnotes":""},"categories":[149],"tags":[],"class_list":["post-719412","post","type-post","status-publish","format-standard","has-post-thumbnail","hentry","category-kosoverajon"],"gt_translate_keys":[{"key":"link","format":"url"}],"_links":{"self":[{"href":"https:\/\/www.hashtag.al\/index.php\/wp-json\/wp\/v2\/posts\/719412","targetHints":{"allow":["GET"]}}],"collection":[{"href":"https:\/\/www.hashtag.al\/index.php\/wp-json\/wp\/v2\/posts"}],"about":[{"href":"https:\/\/www.hashtag.al\/index.php\/wp-json\/wp\/v2\/types\/post"}],"author":[{"embeddable":true,"href":"https:\/\/www.hashtag.al\/index.php\/wp-json\/wp\/v2\/users\/49"}],"replies":[{"embeddable":true,"href":"https:\/\/www.hashtag.al\/index.php\/wp-json\/wp\/v2\/comments?post=719412"}],"version-history":[{"count":99999,"href":"https:\/\/www.hashtag.al\/index.php\/wp-json\/wp\/v2\/posts\/719412\/revisions"}],"predecessor-version":[{"id":719414,"href":"https:\/\/www.hashtag.al\/index.php\/wp-json\/wp\/v2\/posts\/719412\/revisions\/719414"}],"wp:featuredmedia":[{"embeddable":true,"href":"https:\/\/www.hashtag.al\/index.php\/wp-json\/wp\/v2\/media\/719413"}],"wp:attachment":[{"href":"https:\/\/www.hashtag.al\/index.php\/wp-json\/wp\/v2\/media?parent=719412"}],"wp:term":[{"taxonomy":"category","embeddable":true,"href":"https:\/\/www.hashtag.al\/index.php\/wp-json\/wp\/v2\/categories?post=719412"},{"taxonomy":"post_tag","embeddable":true,"href":"https:\/\/www.hashtag.al\/index.php\/wp-json\/wp\/v2\/tags?post=719412"}],"curies":[{"name":"wp","href":"https:\/\/api.w.org\/{rel}","templated":true}]}}