{"id":719382,"date":"2025-01-14T19:26:23","date_gmt":"2025-01-14T18:26:23","guid":{"rendered":"https:\/\/www.hashtag.al\/?p=719382"},"modified":"2025-01-14T19:26:23","modified_gmt":"2025-01-14T18:26:23","slug":"berisha-pakete-emergjence-per-cdo-shqiptar-rikthim-i-tvsh-se-per-gjerat-baze","status":"publish","type":"post","link":"https:\/\/www.hashtag.al\/index.php\/2025\/01\/14\/berisha-pakete-emergjence-per-cdo-shqiptar-rikthim-i-tvsh-se-per-gjerat-baze\/","title":{"rendered":"Berisha: Paket\u00eb emergjence p\u00ebr \u00e7do shqiptar, rikthim i TVSH-s\u00eb p\u00ebr gj\u00ebrat baz\u00eb","gt_translate_keys":[{"key":"rendered","format":"text"}]},"content":{"rendered":"<p><span style=\"color: #000000;\"><img loading=\"lazy\" decoding=\"async\" class=\"aligncenter wp-image-719383 size-full\" src=\"https:\/\/www.hashtag.al\/wp-content\/uploads\/2025\/01\/WhatsApp-Image-2025-01-14-at-17.52.11-768x512-1.jpeg\" alt=\"\" width=\"768\" height=\"512\" srcset=\"https:\/\/www.hashtag.al\/wp-content\/uploads\/2025\/01\/WhatsApp-Image-2025-01-14-at-17.52.11-768x512-1.jpeg 768w, https:\/\/www.hashtag.al\/wp-content\/uploads\/2025\/01\/WhatsApp-Image-2025-01-14-at-17.52.11-768x512-1-300x200.jpeg 300w\" sizes=\"auto, (max-width: 768px) 100vw, 768px\" \/><\/span><\/p>\n<p><span style=\"color: #000000;\">Kreu i Partis\u00eb Demokratike, Sali Berisha, zhvilloi nj\u00eb mbledhje me t\u00eb zgjedhurit lokal\u00eb demokrat\u00eb, ku theksoi disa nga premtimet kryesore p\u00ebr p\u00ebrmir\u00ebsimin e gjendjes ekonomike t\u00eb shqiptar\u00ebve.<\/span><\/p>\n<p><span style=\"color: #000000;\">P\u00ebrgjat\u00eb fjal\u00ebs s\u00eb tij, Berisha garantoi se do t\u00eb rris\u00eb rrog\u00ebn minimale n\u00eb 500 euro dhe do t\u00eb ofroj\u00eb nj\u00eb paket\u00eb emergjence prej 200 euro p\u00ebr \u00e7do qytetar, t\u00eb cilat do t\u00eb indeksoheshin me ligj n\u00eb p\u00ebrputhje me inflacionin.<\/span><\/p>\n<p><span style=\"color: #000000;\">Kreu i PD-s\u00eb gjithashtu premtoi krijimin e nj\u00eb karte konsumatori p\u00ebr rikthimin e TVSH-s\u00eb p\u00ebr produktet baz\u00eb, si dhe nj\u00eb ulje t\u00eb \u00e7mimit t\u00eb energjis\u00eb dhe ujit p\u00ebr qytetar\u00ebt.<\/span><\/p>\n<p><span style=\"color: #000000;\">Ai theksoi se do t\u00eb nd\u00ebrmerret nj\u00eb ndarje m\u00eb e drejt\u00eb e t\u00eb ardhurave, duke reduktuar pagat e larta dhe duke rritur ato m\u00eb t\u00eb ulta p\u00ebr t\u00eb zvog\u00ebluar pabarazin\u00eb.<\/span><\/p>\n<p><span style=\"color: #000000;\">P\u00ebrsa i p\u00ebrket sektor\u00ebve t\u00eb sh\u00ebndet\u00ebsis\u00eb dhe arsimit, Berisha premtoi programe transformuese dhe mb\u00ebshtetje p\u00ebr t\u00eb p\u00ebrndjekurit politik\u00eb dhe pronar\u00ebt. Ai gjithashtu premtoi t\u00eb ulte \u00e7mimin e naft\u00ebs dhe t\u00eb p\u00ebrmir\u00ebsoj\u00eb kushtet p\u00ebr qytetar\u00ebt.<\/span><\/p>\n<p><span style=\"color: #000000;\"><em>\u201cPra, kjo \u00ebsht\u00eb gjendja. Mund t\u00eb flasim gjer nes\u00ebr, por ne kemi zgjidhjen, ne me qytetar\u00ebt do flasim p\u00ebr zgjidhjen.<\/em><\/span><\/p>\n<p><span style=\"color: #000000;\"><em>Ne kemi zgjidhje t\u00eb sigurta.<\/em><\/span><\/p>\n<p><span style=\"color: #000000;\"><em>Dhe ne, iu garantoj ju se kurr\u00eb ndonj\u00ebher\u00eb nuk e kemi ndryshuar k\u00ebt\u00eb vend m\u00eb shpejt se sa do e ndryshojm\u00eb pas 11 majit.<\/em><\/span><\/p>\n<p><span style=\"color: #000000;\"><em>3 muajt e par\u00eb ne vendosim paket\u00ebn e emergjenc\u00ebs, 200 euro p\u00ebr \u00e7do shqiptar dhe k\u00ebta jan\u00eb qindra mij\u00ebra.<\/em><\/span><\/p>\n<p><span style=\"color: #000000;\"><em>\u00c7far\u00eb do t\u00eb thot\u00eb 200 euro, \u00ebsht\u00eb shum\u00eb? Jo, pak \u00ebsht\u00eb. Por nuk ka m\u00eb mjerim.<\/em><\/span><\/p>\n<p><span style=\"color: #000000;\"><em>Me 200 euro ne i themi mjerimit nuk ke vend n\u00eb Shqip\u00ebri.<\/em><\/span><\/p>\n<p><span style=\"color: #000000;\"><em>Me 200 euro p\u00ebr person ne japim mund\u00ebsi q\u00eb \u00e7do qytetar t\u2019i ket\u00eb gj\u00ebrat baz\u00eb, t\u00eb mos ket\u00eb lista, t\u00eb ushqehet dhe nuk \u00ebsht\u00eb kaq.<\/em><\/span><\/p>\n<p><span style=\"color: #000000;\"><em>Ky 200 euro do indeksohet me ligj, pra do indeksohet n\u00eb p\u00ebrputhje t\u00eb plot\u00eb me rritjen e \u00e7mimeve.<\/em><\/span><\/p>\n<p><span style=\"color: #000000;\"><em>Jo vet\u00ebm kaq, ky 200 euro do shoq\u00ebrohet me kart\u00ebn e konsumatorit. Kjo do t\u00eb thot\u00eb q\u00eb t\u00eb gjitha gj\u00ebrat baz\u00eb q\u00eb do blihen me TVSH, do u rikthehte TVSH-ja.<\/em><\/span><\/p>\n<p><span style=\"color: #000000;\"><em>Tham\u00eb, ne do p\u00ebrmbysim shp\u00ebrndarjen e t\u00eb ardhurave n\u00eb Shqip\u00ebri. nuk shkohet k\u00ebshtu. Po krijohej nj\u00eb hendek i tmerrsh\u00ebm i cili ose po i p\u00ebrpinte n\u00eb mjerim, ose po i degdiste shqiptar\u00ebt nga Shqip\u00ebria.<\/em><\/span><\/p>\n<p><span style=\"color: #000000;\"><em>Tani ne jemi n\u00eb emergjenc\u00eb ndaj dhe \u00e7do rrog\u00ebul\u00ebt, \u00e7do person me 200 euro, \u00e7do pensionist do ket\u00eb kart\u00ebn e konsumatorit.<\/em><\/span><\/p>\n<p><span style=\"color: #000000;\"><em>Sa \u00ebsht\u00eb kjo? Specialist\u00ebt thon\u00eb se \u00ebsht\u00eb rreth 3 pensione, pra rreth 450 mij\u00eb lek\u00eb.<\/em><\/span><\/p>\n<p><span style=\"color: #000000;\"><em>Nuk do jet\u00eb vet\u00ebm kaq. Energjin\u00eb elektrike, do rikthehet fasho e mbrojtura, jo me 77 sa ka qen\u00eb n\u00eb vitin 2013, por me 70 lek\u00eb.<\/em><\/span><\/p>\n<p><span style=\"color: #000000;\"><em>Do proporcionohet edhe \u00e7mimi i ujit. Se \u00e7far\u00eb b\u00ebn\u00eb k\u00ebta? K\u00ebta p\u00ebr rrogat e larta u kujdes\u00ebn n\u00eb m\u00ebnyr\u00ebn m\u00eb t\u00eb zellshme. K\u00ebta rrit\u00ebn rrogat e larta n\u00eb Shqip\u00ebri sa n\u00eb Slloveni. Sllovenia ka rrogat m\u00eb t\u00eb lartat n\u00eb rajon, n\u00eb Shqip\u00ebri ka rroga t\u00eb larta m\u00eb t\u00eb larta se n\u00eb Slloveni. Nuk e b\u00ebn asnj\u00eb qeveritar i p\u00ebrgjegjsh\u00ebm k\u00ebt\u00eb.<\/em><\/span><\/p>\n<p><span style=\"color: #000000;\"><em>Pra, do shp\u00ebrndahen t\u00eb ardhurat. Natyrisht rrogat e larta nuk do rriten gjersa t\u00eb arriten n\u00eb proporcionin 4 me 1. Sot \u00ebsht\u00eb 10, nuk duhej t\u00eb ishte kurr\u00eb k\u00ebshtu.<\/em><\/span><\/p>\n<p><span style=\"color: #000000;\"><em>Tani kemi rrog\u00ebn minimale. Rroga minimale, p\u00ebr fat t\u00eb keq \u00ebsht\u00eb rrog\u00eb dominuese n\u00eb Shqip\u00ebri, nuk do jet\u00eb m\u00eb n\u00ebn 500 euro. Jo. \u00c7do pun\u00ebdh\u00ebn\u00ebs duhet ta dij\u00eb se nuk do mund t\u00eb paguaj\u00eb m\u00eb n\u00eb territorin e Shqip\u00ebris\u00eb njeri n\u00ebn 500 euro. Po vendosim nj\u00eb standard q\u00eb e ka \u00e7do vend demokratik. Madje vendet e tjera e kan\u00eb me or\u00eb pun\u00eb. Kjo \u00ebsht\u00eb barr\u00eb p\u00ebr sip\u00ebrmarr\u00ebsit, por i garantoj se do leht\u00ebsohen me taksat, me tatim-fitimin, me taks\u00ebn e importeve, me sigurimet shoq\u00ebrore. Dhe natyrisht nuk do jet\u00eb i humbur nga vendosja e k\u00ebsaj rroge. Por kjo rrog\u00eb do vendoset. Shqiptar\u00ebt nuk do mund t\u00eb paguhen m\u00eb n\u00ebn 500 euro.<\/em><\/span><\/p>\n<p><span style=\"color: #000000;\"><em>Pra, ne do kemi programin ton\u00eb p\u00ebr t\u00eb p\u00ebrndjekurit politik\u00eb.<\/em><\/span><\/p>\n<p><span style=\"color: #000000;\"><em>Kemi punuar, por tani s\u00eb shpejti do kemi nj\u00eb tryez\u00eb p\u00ebr ta se duam t\u00eb d\u00ebgjojm\u00eb sugjerimet e tyre.<\/em><\/span><\/p>\n<p><span style=\"color: #000000;\"><em>Do kemi programin ton\u00eb p\u00ebr pronar\u00ebt. Jan\u00eb rikthyer ligjet e vitit 1945 k\u00ebtu. Po, po! Marrin fund ato.<\/em><\/span><\/p>\n<p><span style=\"color: #000000;\"><em>Do kemi programin ton\u00eb p\u00ebr sh\u00ebndet\u00ebsin\u00eb, p\u00ebr arsimin. Programet tona do jen\u00eb transformuese.<\/em><\/span><\/p>\n<p><span style=\"color: #000000;\"><em>Askush nuk duhet t\u00eb ket\u00eb m\u00ebdyshje. N\u00eb nj\u00eb buxhet 8.2 miliard\u00eb euro, t\u00eb l\u00ebsh 16 milion\u00eb p\u00ebr pensionist\u00ebt, nuk ka akt m\u00eb cinik dhe t\u00eb pashpirt.<\/em><\/span><\/p>\n<p><span style=\"color: #000000;\"><em>Nafta, ua thash\u00eb, nuk do mund t\u00eb shitet m\u00eb shtrenjt\u00eb, plus minus 10 p\u00ebrqind se Kosova dhe Maqedonia. Ne prodhojm\u00eb 1 milion ton, Kosova dhe Maqedonia nuk prodhojn\u00eb nj\u00eb kov\u00eb naft\u00eb. E marrin n\u00eb Durr\u00ebs dhe u del m\u00eb lir\u00eb atyre 30-40 p\u00ebrqind.<\/em><\/span><\/p>\n<p><span style=\"color: #000000;\"><em>Pse e b\u00ebra k\u00ebt\u00eb analiz\u00eb? Duhet ta b\u00ebni kudo sepse ne m\u00eb t\u00eb v\u00ebrtet\u00eb ne mund ta transformojm\u00eb shpejt Shqip\u00ebrin\u00eb.<\/em><\/span><\/p>\n<p><span style=\"color: #000000;\"><em>Shqip\u00ebria ka nevoj\u00eb p\u00ebr shpejt\u00ebsi, ka nevoj\u00eb p\u00ebr ndryshime t\u00eb shpejta.<\/em><\/span><\/p>\n<p><span style=\"color: #000000;\"><em>Ne rikthejm\u00eb shpres\u00ebn, pastaj nj\u00eb seri programesh t\u00eb tjera.<\/em><\/span><\/p>\n<p><span style=\"color: #000000;\"><em>Por t\u00eb gjitha k\u00ebto k\u00ebrkojn\u00eb angazhimin tuaj \u00e7do dit\u00eb, 24 or\u00eb, 7 dit\u00eb t\u00eb jav\u00ebs<\/em>\u201d, u shpreh Berisha.<\/span><\/p>\n","protected":false,"gt_translate_keys":[{"key":"rendered","format":"html"}]},"excerpt":{"rendered":"<p>Kreu i Partis\u00eb Demokratike, Sali Berisha, zhvilloi nj\u00eb mbledhje me t\u00eb zgjedhurit lokal\u00eb demokrat\u00eb, ku theksoi disa nga premtimet kryesore p\u00ebr p\u00ebrmir\u00ebsimin e gjendjes ekonomike t\u00eb shqiptar\u00ebve. P\u00ebrgjat\u00eb fjal\u00ebs s\u00eb tij, Berisha garantoi se do t\u00eb rris\u00eb rrog\u00ebn minimale n\u00eb 500 euro dhe do t\u00eb ofroj\u00eb nj\u00eb paket\u00eb emergjence prej 200 euro p\u00ebr \u00e7do qytetar, [&hellip;]<\/p>\n","protected":false,"gt_translate_keys":[{"key":"rendered","format":"html"}]},"author":32,"featured_media":719383,"comment_status":"closed","ping_status":"open","sticky":false,"template":"","format":"standard","meta":{"footnotes":""},"categories":[65],"tags":[],"class_list":["post-719382","post","type-post","status-publish","format-standard","has-post-thumbnail","hentry","category-lajme"],"gt_translate_keys":[{"key":"link","format":"url"}],"_links":{"self":[{"href":"https:\/\/www.hashtag.al\/index.php\/wp-json\/wp\/v2\/posts\/719382","targetHints":{"allow":["GET"]}}],"collection":[{"href":"https:\/\/www.hashtag.al\/index.php\/wp-json\/wp\/v2\/posts"}],"about":[{"href":"https:\/\/www.hashtag.al\/index.php\/wp-json\/wp\/v2\/types\/post"}],"author":[{"embeddable":true,"href":"https:\/\/www.hashtag.al\/index.php\/wp-json\/wp\/v2\/users\/32"}],"replies":[{"embeddable":true,"href":"https:\/\/www.hashtag.al\/index.php\/wp-json\/wp\/v2\/comments?post=719382"}],"version-history":[{"count":99999,"href":"https:\/\/www.hashtag.al\/index.php\/wp-json\/wp\/v2\/posts\/719382\/revisions"}],"predecessor-version":[{"id":719389,"href":"https:\/\/www.hashtag.al\/index.php\/wp-json\/wp\/v2\/posts\/719382\/revisions\/719389"}],"wp:featuredmedia":[{"embeddable":true,"href":"https:\/\/www.hashtag.al\/index.php\/wp-json\/wp\/v2\/media\/719383"}],"wp:attachment":[{"href":"https:\/\/www.hashtag.al\/index.php\/wp-json\/wp\/v2\/media?parent=719382"}],"wp:term":[{"taxonomy":"category","embeddable":true,"href":"https:\/\/www.hashtag.al\/index.php\/wp-json\/wp\/v2\/categories?post=719382"},{"taxonomy":"post_tag","embeddable":true,"href":"https:\/\/www.hashtag.al\/index.php\/wp-json\/wp\/v2\/tags?post=719382"}],"curies":[{"name":"wp","href":"https:\/\/api.w.org\/{rel}","templated":true}]}}