{"id":719366,"date":"2025-01-14T17:07:54","date_gmt":"2025-01-14T16:07:54","guid":{"rendered":"https:\/\/www.hashtag.al\/?p=719366"},"modified":"2025-01-14T17:07:54","modified_gmt":"2025-01-14T16:07:54","slug":"biden-amerika-u-be-me-e-forte-fale-politikes-sone-te-jashtme","status":"publish","type":"post","link":"https:\/\/www.hashtag.al\/index.php\/2025\/01\/14\/biden-amerika-u-be-me-e-forte-fale-politikes-sone-te-jashtme\/","title":{"rendered":"Biden: Amerika \u201cu b\u00eb m\u00eb e fort\u00eb\u201d fal\u00eb politik\u00ebs son\u00eb t\u00eb jashtme","gt_translate_keys":[{"key":"rendered","format":"text"}]},"content":{"rendered":"<p><span style=\"color: #000000;\"><img loading=\"lazy\" decoding=\"async\" class=\"alignnone size-medium wp-image-687925\" src=\"https:\/\/www.hashtag.al\/wp-content\/uploads\/2024\/07\/biden-4-300x180.png\" alt=\"\" width=\"300\" height=\"180\" srcset=\"https:\/\/www.hashtag.al\/wp-content\/uploads\/2024\/07\/biden-4-300x180.png 300w, https:\/\/www.hashtag.al\/wp-content\/uploads\/2024\/07\/biden-4-1024x614.png 1024w, https:\/\/www.hashtag.al\/wp-content\/uploads\/2024\/07\/biden-4-768x461.png 768w, https:\/\/www.hashtag.al\/wp-content\/uploads\/2024\/07\/biden-4.png 1095w\" sizes=\"auto, (max-width: 300px) 100vw, 300px\" \/><\/span><\/p>\n<p><span style=\"color: #000000;\">Presidenti Joe Biden parashtroi parimet e tij lidhur me politik\u00ebn e jashtme, n\u00eb nj\u00eb fjalim gjith\u00ebp\u00ebrfshir\u00ebs, vet\u00ebm nj\u00eb jav\u00eb p\u00ebrpara se t\u00eb largohet nga detyra.<\/span><\/p>\n<p><span style=\"color: #000000;\">Ai renditi argumentet se p\u00ebrse duhet vazhduar me t\u00eb nj\u00ebjt\u00ebn qasje, vet\u00ebm disa dit\u00eb p\u00ebrpara rikthmit n\u00eb Sht\u00ebpin\u00eb e Bardh\u00eb t\u00eb Presidentit t\u00eb zgjedhur Donald Trump, i cili \u00ebsht\u00eb zotuar se do ta ndryshoj\u00eb drejtimin e politik\u00ebs s\u00eb jashtme.<\/span><\/p>\n<p><span style=\"color: #000000;\">Korrespodentja e Z\u00ebrit t\u00eb Amerik\u00ebs Anita Powell sjell m\u00eb shum\u00eb holl\u00ebsi mbi fjalimin q\u00eb Presidentit Biden mbajti t\u00eb h\u00ebn\u00ebn para diplomat\u00ebve amerikan\u00eb, n\u00eb Departamentin e Shtetit.<\/span><\/p>\n<p><span style=\"color: #000000;\">Presidenti Joe Biden e p\u00ebrmblodhi politik\u00ebn e jashtme n\u00eb 4 vitet e administrates s\u00eb tij, duke deklaruar se:<\/span><\/p>\n<p><span style=\"color: #000000;\"><em>\u201cAktualisht, n\u00eb gjykimin tim, fal\u00eb administrat\u00ebs son\u00eb, Shtetet e Bashkuara po fitojn\u00eb konkurrenc\u00ebn bot\u00ebrore. Krahasuar me kat\u00ebr vjet m\u00eb par\u00eb, Amerika \u00ebsht\u00eb m\u00eb e fort\u00eb, aleancat tona jan\u00eb m\u00eb t\u00eb forta, kund\u00ebrshtar\u00ebt dhe konkurrent\u00ebt tan\u00eb jan\u00eb m\u00eb t\u00eb dob\u00ebt. Dhe ne nuk kemi shkuar n\u00eb luft\u00eb p\u00ebr t\u2019i b\u00ebr\u00eb t\u00eb gjitha k\u00ebto t\u00eb mundura&#8221;,<\/em> tha zoti Biden.<\/span><\/p>\n<p><span style=\"color: #000000;\">Presidenti u ndal ve\u00e7an\u00ebrisht tek mb\u00ebshtjetja e fuqishme n\u00eb institucionet dhe normat shum\u00ebkomb\u00ebshe t\u00eb vendosura pas Luft\u00ebs s\u00eb Dyt\u00eb Bot\u00ebrore.<\/span><\/p>\n<p><span style=\"color: #000000;\">Ai p\u00ebrmendi si shembull zgjerimin e NATO-s, duke deklaruar se blloku transatlantik i siguris\u00eb pengoi planin e presidentit rus Vladimir Putin p\u00ebr t\u00eb pushtuar Ukrain\u00ebn fqinje.<\/span><\/p>\n<p><span style=\"color: #000000;\"><em>&#8220;Kur Putini sulmoi Ukrain\u00ebn, ai mendoi se mund ta pushtonte Kievin brenda pak dit\u00ebsh. E v\u00ebrteta \u00ebsht\u00eb se q\u00eb kur filloi lufta, un\u00eb jam i vetmi q\u00eb q\u00ebndrova n\u00eb qend\u00ebr t\u00eb Kievit, jo ai. Putin nuk arriti kurr\u00eb<\/em>&#8220;, tha zoti Biden.<\/span><\/p>\n<p><span style=\"color: #000000;\">Presidenti Biden tha se vendet autoritare si Kina, Irani, Koreja e Veriut dhe Rusia, po lidhen me nj\u00ebri-tjetrin, m\u00eb shum\u00eb p\u00ebr shkak t\u00eb &#8220;dob\u00ebsis\u00eb se sa forc\u00ebs\u201d.<\/span><\/p>\n<p><span style=\"color: #000000;\">Sa i p\u00ebrket konfliktit t\u00eb r\u00ebnd\u00eb q\u00eb filloi n\u00eb Izrael dhe q\u00eb ka p\u00ebrfshir\u00eb rajonin, ai tha se administrata e tij po punonte p\u00ebr t\u2019i dh\u00ebn\u00eb fund luft\u00ebs, q\u00eb shp\u00ebrtheu m\u00eb shum\u00eb se nj\u00eb vit m\u00eb par\u00eb.<\/span><\/p>\n<p><span style=\"color: #000000;\">Ai vuri ve\u00e7an\u00ebrisht n\u00eb dukje pun\u00ebn e tij n\u00eb realizimin e shk\u00ebmbimit m\u00eb t\u00eb madh t\u00eb t\u00eb burgosurve n\u00eb historin\u00eb moderne, vitin e kaluar.<\/span><\/p>\n<p><span style=\"color: #000000;\">M\u00eb her\u00ebt t\u00eb h\u00ebn\u00ebn, n\u00eb Sht\u00ebpin\u00eb e Bardh\u00eb, k\u00ebshilltari i tij p\u00ebr sigurin\u00eb komb\u00ebtare ve\u00e7oi p\u00ebrparimin n\u00eb bisedimet p\u00ebr nj\u00eb marr\u00ebveshje q\u00eb do t\u00eb b\u00ebnte t\u00eb mundur lirimin e personave q\u00eb mbahen peng nga Hamasi prej m\u00eb shum\u00eb se nj\u00eb viti.<\/span><\/p>\n<p><span style=\"color: #000000;\">\u201c<em>Ne mendojm\u00eb se k\u00ebto holl\u00ebsi jan\u00eb n\u00eb prag t\u00eb p\u00ebrmbylljes s\u00eb t\u00eb plot\u00eb dhe pal\u00ebt jan\u00eb m\u00eb af\u00ebr p\u00ebrfundimit t\u00eb k\u00ebsaj marr\u00ebveshjeje. N\u00ebse do t\u00eb mundemi q\u00eb nga kjo faz\u00eb q\u00eb jemi tani, ta p\u00ebrmbyllim marr\u00ebveshjen, k\u00ebt\u00eb do ta tregojn\u00eb or\u00ebt dhe dit\u00ebt n\u00eb vazhdim\u201d,<\/em> u shpreh zoti Jake Sullivan.<\/span><\/p>\n<p><span style=\"color: #000000;\">Ekspert\u00ebt analizojn\u00eb transferimin e pushtetit dhe ndikimin tek politika e jashtme.<\/span><\/p>\n<p><span style=\"color: #000000;\"><em>\u201c\u00cbsht\u00eb shum\u00eb e mundur q\u00eb trash\u00ebgimia e politik\u00ebs s\u00eb jashtme t\u00eb Joe Bidenit t\u00eb jet\u00eb ajo e presidentit t\u00eb fundit t\u00eb Shteteve t\u00eb Bashkuara q\u00eb mb\u00ebshtet rendin bot\u00ebror q\u00eb u krijua pas Luft\u00ebs s\u00eb Dyt\u00eb Bot\u00ebrore. Sepse Donald Trumpi d\u00ebshiron ta ndryshoj\u00eb n\u00eb nj\u00eb m\u00ebnyr\u00eb shum\u00eb radikale dhe ndoshta do ta b\u00ebj\u00eb k\u00ebt\u00eb\u201d,<\/em> shprehet Jim Kessler nga Organizata \u2018Third Way\u2019.<\/span><\/p>\n<p><span style=\"color: #000000;\"><em>\u201cKjo ishte nj\u00eb p\u00ebrpjekje e Presidentit Biden p\u00ebr t\u00eb deklaruar se pati nj\u00eb rikthim t\u00eb diplomacis\u00eb dhe se ai do t\u00eb l\u00ebr\u00eb gjurm\u00eb n\u00eb politik\u00ebn e jashtme amerikane. Por kur t\u00eb vij\u00eb koha q\u00eb historian\u00ebt t\u00eb shkruajn\u00eb, mendoj se m\u00ebnyra se si ata do ta kujtojn\u00eb Presidentin ka t\u00eb ngjar\u00eb t\u00eb p\u00ebrcaktohet m\u00eb shum\u00eb nga ajo q\u00eb do t\u00eb ndodh\u00eb tani<\/em>\u201d, shprehet Andrew Payne nga Universiteti i Londr\u00ebs.<\/span><\/p>\n<p><span style=\"color: #000000;\">Mandati i Presidentit Joe Biden p\u00ebrfundon n\u00eb 20 janar.\/<span style=\"color: #0000ff;\"><a style=\"color: #0000ff;\" href=\"https:\/\/www.zeriamerikes.com\/a\/7936226.html\">VOA<\/a><\/span><\/span><\/p>\n","protected":false,"gt_translate_keys":[{"key":"rendered","format":"html"}]},"excerpt":{"rendered":"<p>Presidenti Joe Biden parashtroi parimet e tij lidhur me politik\u00ebn e jashtme, n\u00eb nj\u00eb fjalim gjith\u00ebp\u00ebrfshir\u00ebs, vet\u00ebm nj\u00eb jav\u00eb p\u00ebrpara se t\u00eb largohet nga detyra. Ai renditi argumentet se p\u00ebrse duhet vazhduar me t\u00eb nj\u00ebjt\u00ebn qasje, vet\u00ebm disa dit\u00eb p\u00ebrpara rikthmit n\u00eb Sht\u00ebpin\u00eb e Bardh\u00eb t\u00eb Presidentit t\u00eb zgjedhur Donald Trump, i cili \u00ebsht\u00eb zotuar [&hellip;]<\/p>\n","protected":false,"gt_translate_keys":[{"key":"rendered","format":"html"}]},"author":32,"featured_media":687925,"comment_status":"closed","ping_status":"open","sticky":false,"template":"","format":"standard","meta":{"footnotes":""},"categories":[6],"tags":[],"class_list":["post-719366","post","type-post","status-publish","format-standard","has-post-thumbnail","hentry","category-nderkombetare"],"gt_translate_keys":[{"key":"link","format":"url"}],"_links":{"self":[{"href":"https:\/\/www.hashtag.al\/index.php\/wp-json\/wp\/v2\/posts\/719366","targetHints":{"allow":["GET"]}}],"collection":[{"href":"https:\/\/www.hashtag.al\/index.php\/wp-json\/wp\/v2\/posts"}],"about":[{"href":"https:\/\/www.hashtag.al\/index.php\/wp-json\/wp\/v2\/types\/post"}],"author":[{"embeddable":true,"href":"https:\/\/www.hashtag.al\/index.php\/wp-json\/wp\/v2\/users\/32"}],"replies":[{"embeddable":true,"href":"https:\/\/www.hashtag.al\/index.php\/wp-json\/wp\/v2\/comments?post=719366"}],"version-history":[{"count":99999,"href":"https:\/\/www.hashtag.al\/index.php\/wp-json\/wp\/v2\/posts\/719366\/revisions"}],"predecessor-version":[{"id":719367,"href":"https:\/\/www.hashtag.al\/index.php\/wp-json\/wp\/v2\/posts\/719366\/revisions\/719367"}],"wp:featuredmedia":[{"embeddable":true,"href":"https:\/\/www.hashtag.al\/index.php\/wp-json\/wp\/v2\/media\/687925"}],"wp:attachment":[{"href":"https:\/\/www.hashtag.al\/index.php\/wp-json\/wp\/v2\/media?parent=719366"}],"wp:term":[{"taxonomy":"category","embeddable":true,"href":"https:\/\/www.hashtag.al\/index.php\/wp-json\/wp\/v2\/categories?post=719366"},{"taxonomy":"post_tag","embeddable":true,"href":"https:\/\/www.hashtag.al\/index.php\/wp-json\/wp\/v2\/tags?post=719366"}],"curies":[{"name":"wp","href":"https:\/\/api.w.org\/{rel}","templated":true}]}}