{"id":719160,"date":"2025-01-13T13:30:28","date_gmt":"2025-01-13T12:30:28","guid":{"rendered":"https:\/\/www.hashtag.al\/?p=719160"},"modified":"2025-01-13T13:30:28","modified_gmt":"2025-01-13T12:30:28","slug":"gjykata-e-larte-shpall-listen-e-kandidateve-per-kushtetuesen","status":"publish","type":"post","link":"https:\/\/www.hashtag.al\/index.php\/2025\/01\/13\/gjykata-e-larte-shpall-listen-e-kandidateve-per-kushtetuesen\/","title":{"rendered":"Gjykata e Lart\u00eb shpall list\u00ebn e kandidat\u00ebve p\u00ebr Kushtetuesen","gt_translate_keys":[{"key":"rendered","format":"text"}]},"content":{"rendered":"<div class=\"col-md-1 col-sm-1\">\n<div class=\"article-sharing-options\"><\/div>\n<\/div>\n<div class=\"col-md-10 col-sm-10 article-text\">\n<p><span style=\"color: #000000;\"><img loading=\"lazy\" decoding=\"async\" class=\"aligncenter size-full wp-image-714566\" src=\"https:\/\/www.hashtag.al\/wp-content\/uploads\/2024\/12\/Holta-Zacaj-695x375-1.jpg\" alt=\"\" width=\"1200\" height=\"630\" srcset=\"https:\/\/www.hashtag.al\/wp-content\/uploads\/2024\/12\/Holta-Zacaj-695x375-1.jpg 1200w, https:\/\/www.hashtag.al\/wp-content\/uploads\/2024\/12\/Holta-Zacaj-695x375-1-300x158.jpg 300w, https:\/\/www.hashtag.al\/wp-content\/uploads\/2024\/12\/Holta-Zacaj-695x375-1-1024x538.jpg 1024w, https:\/\/www.hashtag.al\/wp-content\/uploads\/2024\/12\/Holta-Zacaj-695x375-1-768x403.jpg 768w\" sizes=\"auto, (max-width: 1200px) 100vw, 1200px\" \/><\/span><\/p>\n<p><span style=\"color: #000000;\">Kryetari i Gjykat\u00ebs s\u00eb Lart\u00eb shpalli hapjen e procedur\u00ebs p\u00ebr zgjedhjen e an\u00ebtarit t\u00eb ri t\u00eb Gjykat\u00ebs Kushtetuese pas p\u00ebrfundimit t\u00eb mandatit t\u00eb znj. Holta Za\u00e7aj. <\/span><\/p>\n<p><span style=\"color: #000000;\">Pas afatit 30 ditor p\u00ebr paraqitjen e k\u00ebrkesave, 13 kandidat\u00eb kan\u00eb shprehur interesin p\u00ebr pozit\u00ebn. Lista e kandidat\u00ebve \u00ebsht\u00eb d\u00ebrguar p\u00ebr vler\u00ebsim te K\u00ebshilli i Em\u00ebrimeve n\u00eb Drejt\u00ebsi. <\/span><\/p>\n<p><span style=\"color: #000000;\">Institucionet publike dhe organizatat e shoq\u00ebris\u00eb civile mund t\u00eb paraqesin opinione n\u00eb lidhje me kandidaturat.<\/span><\/p>\n<p><span style=\"color: #000000;\"><strong>Njoftimi:<\/strong><\/span><\/p>\n<p><span style=\"color: #000000;\">Kryetari i Gjykat\u00ebs s\u00eb Lart\u00eb, bazuar n\u00eb nenin 125, pika 1 t\u00eb Kushtetut\u00ebs, si dhe nenin7\/\u00e7 t\u00eb ligjit nr. 8577, dat\u00eb 10.02.2000, \u201cP\u00ebr organizimin dhe funksionimin e Gjykat\u00ebs Kushtetuese t\u00eb Republik\u00ebs s\u00eb Shqip\u00ebris\u00eb\u201d, t\u00eb ndryshuar, n\u00eb dat\u00eb 11.12.2024 ka b\u00ebr\u00eb shpalljen publike p\u00ebr hapjen e procedur\u00ebs s\u00eb aplikimit p\u00ebr zgjedhjen me mandat t\u00eb plot\u00eb nga Gjykata e Lart\u00eb t\u00eb an\u00ebtarit t\u00eb Gjykat\u00ebs Kushtetuese, n\u00eb vendin vakant t\u00eb krijuar si rezultat i mbarimit t\u00eb mandatit t\u00eb znj. Holta Za\u00e7aj.<\/span><\/p>\n<p><span style=\"color: #000000;\">Pas p\u00ebrfundimit t\u00eb afatit 30 ditor t\u00eb pranimit t\u00eb k\u00ebrkesave, kandidat\u00ebt q\u00eb kan\u00eb paraqitur interes p\u00ebr plot\u00ebsimin e vakanc\u00ebs jan\u00eb:<\/span><\/p>\n<p><span style=\"color: #000000;\">1. Alban Toro<\/span><br \/>\n<span style=\"color: #000000;\">2. Alma Faskaj<\/span><br \/>\n<span style=\"color: #000000;\">3. Asim Vokshi<\/span><br \/>\n<span style=\"color: #000000;\">4. Denar Biba<\/span><br \/>\n<span style=\"color: #000000;\">5. Florjan Ballhysa<\/span><br \/>\n<span style=\"color: #000000;\">6. Genta Tafa<\/span><br \/>\n<span style=\"color: #000000;\">7. Irena Nino<\/span><br \/>\n<span style=\"color: #000000;\">8. Klodian Rado<\/span><br \/>\n<span style=\"color: #000000;\">9. Lulzim Hamitaj<\/span><br \/>\n<span style=\"color: #000000;\">10. Naureda Llagami<\/span><br \/>\n<span style=\"color: #000000;\">11. Nurihan Meta<\/span><br \/>\n<span style=\"color: #000000;\">12. Rezana Balla<\/span><br \/>\n<span style=\"color: #000000;\">13. Sinan Tafaj<\/span><\/p>\n<p><span style=\"color: #000000;\">Bazuar n\u00eb nenin 7\/\u00e7, pika 1 t\u00eb ligjit nr. 8577\/2000 \u201cP\u00ebr organizimin dhe funksionimin e Gjykat\u00ebs Kushtetuese\u201d, t\u00eb ndryshuar, lista e kandidat\u00ebve, si dhe dokumentacioni i paraqitur prej tyre i \u00ebsht\u00eb d\u00ebrguar K\u00ebshillit t\u00eb Em\u00ebrimeve n\u00eb Drejt\u00ebsi p\u00ebr vler\u00ebsimin e kushteve dhe kritereve t\u00eb em\u00ebrimit t\u00eb gjyqtarit t\u00eb Gjykat\u00ebs Kushtetuese nga Gjykata e Lart\u00eb.<img loading=\"lazy\" decoding=\"async\" src=\"https:\/\/ads.balkanweb.com\/www\/delivery\/lg.php?bannerid=0&amp;campaignid=0&amp;zoneid=629&amp;loc=https%3A%2F%2Fwww.balkanweb.com%2Flajmi-i-fundit-gjykata-e-larte-shpall-listen-e-kandidateve-per-kushtetuesen%2F&amp;referer=https%3A%2F%2Fwww.balkanweb.com%2F&amp;cb=22e27e49f5\" alt=\"\" width=\"0\" height=\"0\" \/><\/span><\/p>\n<p><span style=\"color: #000000;\">Lista me emrat e kandidat\u00ebve publikohet n\u00eb faqen zyrtare t\u00eb Gjykat\u00ebs s\u00eb Lart\u00eb, me q\u00ebllim q\u00eb institucionet publike q\u00eb kan\u00eb lidhje me sistemin e drejt\u00ebsis\u00eb, organizata t\u00eb shoq\u00ebris\u00eb civile me veprimtari n\u00eb mbrojtjen e t\u00eb drejtave t\u00eb njeriut ose t\u00eb krijuara p\u00ebr mbrojtjen e interesave t\u00eb p\u00ebrdoruesve t\u00eb sistemit t\u00eb drejt\u00ebsis\u00eb, t\u00eb mund t\u00eb paraqesin opinionet e tyre n\u00eb lidhje me kandidaturat pran\u00eb K\u00ebshillit t\u00eb Em\u00ebrimeve n\u00eb Drejt\u00ebsi.<\/span><\/p>\n<\/div>\n","protected":false,"gt_translate_keys":[{"key":"rendered","format":"html"}]},"excerpt":{"rendered":"<p>Kryetari i Gjykat\u00ebs s\u00eb Lart\u00eb shpalli hapjen e procedur\u00ebs p\u00ebr zgjedhjen e an\u00ebtarit t\u00eb ri t\u00eb Gjykat\u00ebs Kushtetuese pas p\u00ebrfundimit t\u00eb mandatit t\u00eb znj. Holta Za\u00e7aj. Pas afatit 30 ditor p\u00ebr paraqitjen e k\u00ebrkesave, 13 kandidat\u00eb kan\u00eb shprehur interesin p\u00ebr pozit\u00ebn. Lista e kandidat\u00ebve \u00ebsht\u00eb d\u00ebrguar p\u00ebr vler\u00ebsim te K\u00ebshilli i Em\u00ebrimeve n\u00eb Drejt\u00ebsi. Institucionet [&hellip;]<\/p>\n","protected":false,"gt_translate_keys":[{"key":"rendered","format":"html"}]},"author":49,"featured_media":714566,"comment_status":"closed","ping_status":"open","sticky":false,"template":"","format":"standard","meta":{"footnotes":""},"categories":[65],"tags":[],"class_list":["post-719160","post","type-post","status-publish","format-standard","has-post-thumbnail","hentry","category-lajme"],"gt_translate_keys":[{"key":"link","format":"url"}],"_links":{"self":[{"href":"https:\/\/www.hashtag.al\/index.php\/wp-json\/wp\/v2\/posts\/719160","targetHints":{"allow":["GET"]}}],"collection":[{"href":"https:\/\/www.hashtag.al\/index.php\/wp-json\/wp\/v2\/posts"}],"about":[{"href":"https:\/\/www.hashtag.al\/index.php\/wp-json\/wp\/v2\/types\/post"}],"author":[{"embeddable":true,"href":"https:\/\/www.hashtag.al\/index.php\/wp-json\/wp\/v2\/users\/49"}],"replies":[{"embeddable":true,"href":"https:\/\/www.hashtag.al\/index.php\/wp-json\/wp\/v2\/comments?post=719160"}],"version-history":[{"count":99999,"href":"https:\/\/www.hashtag.al\/index.php\/wp-json\/wp\/v2\/posts\/719160\/revisions"}],"predecessor-version":[{"id":719162,"href":"https:\/\/www.hashtag.al\/index.php\/wp-json\/wp\/v2\/posts\/719160\/revisions\/719162"}],"wp:featuredmedia":[{"embeddable":true,"href":"https:\/\/www.hashtag.al\/index.php\/wp-json\/wp\/v2\/media\/714566"}],"wp:attachment":[{"href":"https:\/\/www.hashtag.al\/index.php\/wp-json\/wp\/v2\/media?parent=719160"}],"wp:term":[{"taxonomy":"category","embeddable":true,"href":"https:\/\/www.hashtag.al\/index.php\/wp-json\/wp\/v2\/categories?post=719160"},{"taxonomy":"post_tag","embeddable":true,"href":"https:\/\/www.hashtag.al\/index.php\/wp-json\/wp\/v2\/tags?post=719160"}],"curies":[{"name":"wp","href":"https:\/\/api.w.org\/{rel}","templated":true}]}}