{"id":718936,"date":"2025-01-12T10:22:45","date_gmt":"2025-01-12T09:22:45","guid":{"rendered":"https:\/\/www.hashtag.al\/?p=718936"},"modified":"2025-01-12T10:22:45","modified_gmt":"2025-01-12T09:22:45","slug":"arrestohet-me-urdher-te-spak-ut-kreshnik-farruku-pasi-u-la-ne-arrest-shtepie-nga-gjykata-e-durresit","status":"publish","type":"post","link":"https:\/\/www.hashtag.al\/index.php\/2025\/01\/12\/arrestohet-me-urdher-te-spak-ut-kreshnik-farruku-pasi-u-la-ne-arrest-shtepie-nga-gjykata-e-durresit\/","title":{"rendered":"Arrestohet me urdh\u00ebr t\u00eb SPAK-ut Kreshnik Farruku pasi u la n\u00eb arrest sht\u00ebpie nga Gjykata e Durr\u00ebsit","gt_translate_keys":[{"key":"rendered","format":"text"}]},"content":{"rendered":"<p><span style=\"color: #000000;\"><img loading=\"lazy\" decoding=\"async\" class=\"aligncenter wp-image-718937 size-full\" src=\"https:\/\/www.hashtag.al\/wp-content\/uploads\/2025\/01\/kreshnik-farruku.jpg\" alt=\"\" width=\"1920\" height=\"1200\" srcset=\"https:\/\/www.hashtag.al\/wp-content\/uploads\/2025\/01\/kreshnik-farruku.jpg 1920w, https:\/\/www.hashtag.al\/wp-content\/uploads\/2025\/01\/kreshnik-farruku-300x188.jpg 300w, https:\/\/www.hashtag.al\/wp-content\/uploads\/2025\/01\/kreshnik-farruku-1024x640.jpg 1024w, https:\/\/www.hashtag.al\/wp-content\/uploads\/2025\/01\/kreshnik-farruku-768x480.jpg 768w, https:\/\/www.hashtag.al\/wp-content\/uploads\/2025\/01\/kreshnik-farruku-1536x960.jpg 1536w\" sizes=\"auto, (max-width: 1920px) 100vw, 1920px\" \/><\/span><\/p>\n<p><span style=\"color: #000000;\">Kreshnik Farruku, i njohur si drejtues i klanit \u201cFarruku\u201d, \u00ebsht\u00eb arrestuar m\u00eb 11 janar 2025 me urdh\u00ebr t\u00eb SPAK. Ai u kap n\u00eb Manz\u00eb, Durr\u00ebs, me k\u00ebrkes\u00eb t\u00eb SPAK dhe n\u00eb bashk\u00ebpunim me Prokurorin\u00eb e Firences, p\u00ebr q\u00ebllime ekstradimi drejt Italis\u00eb. Arrestimi i tij u krye nga forcat speciale RENEA, nd\u00ebrkoh\u00eb q\u00eb ndodhej n\u00eb mas\u00ebn e siguris\u00eb \u201carrest sht\u00ebpie\u201d. Aktualisht, ai mbahet i izoluar n\u00eb ambientet e Policis\u00eb s\u00eb Tiran\u00ebs dhe pritet t\u00eb dal\u00eb para Gjykat\u00ebs s\u00eb Posa\u00e7me t\u00eb h\u00ebn\u00ebn, raporton Shqiptarja.com.<\/span><\/p>\n<p><span style=\"color: #000000;\">Gjykata e Posa\u00e7me (GJKKO) ka caktuar mas\u00ebn e siguris\u00eb \u201carrest n\u00eb burg\u201d p\u00ebr Farrukun, i cili m\u00eb par\u00eb ndodhej n\u00eb \u201carrest sht\u00ebpie\u201d, vendim i marr\u00eb nga Gjykata e Durr\u00ebsit. Vendimi i fundit erdhi pas nj\u00eb seance m\u00eb 7 janar 2025, ku shqyrtohej k\u00ebrkesa p\u00ebr arrestim t\u00eb p\u00ebrkohsh\u00ebm ndaj Kreshnik Farrukut dhe v\u00ebllait t\u00eb tij, Erneo Farruku. Ata jan\u00eb t\u00eb dyshuar nga Gjykata e Brescia-s n\u00eb Itali p\u00ebr p\u00ebrfshirje n\u00eb \u201cOrganizat\u00eb kriminale\u201d dhe \u201cTrafikim t\u00eb l\u00ebnd\u00ebve narkotike\u201d, si\u00e7 p\u00ebrcaktohet n\u00eb legjislacionin penal italian.<\/span><\/p>\n<p><span style=\"color: #000000;\">Ndaj 51-vje\u00e7arit, i njohur edhe me emrin Kreshnik Budlla, r\u00ebndojn\u00eb t\u00eb nj\u00ebjtat akuza, p\u00ebr t\u00eb cilat ka nj\u00eb urdh\u00ebr arresti nga autoritetet italiane.<\/span><\/p>\n<p><span style=\"color: #000000;\"><strong>Veprimtarit\u00eb Kriminale dhe Pasurit\u00eb e Sekuestruara<\/strong><\/span><\/p>\n<p><span style=\"color: #000000;\">Farruku njihet si drejtues i nj\u00eb grupi kriminal q\u00eb p\u00ebrdorte deri n\u00eb 10 identitete t\u00eb rreme p\u00ebr t\u2019i shp\u00ebtuar drejt\u00ebsis\u00eb. N\u00eb dhjetor 2024, Gjykata e Posa\u00e7me konfiskoi 27 pasuri t\u00eb regjistruara n\u00eb em\u00ebr t\u00eb tij dhe t\u00eb v\u00ebllait, p\u00ebrfshir\u00eb prona t\u00eb shumta, apartamente luksoze, automjete, dhe biznese si \u201cEco Energy System\u201d dhe \u201cRrotull-Beton\u201d.<\/span><\/p>\n<p><span style=\"color: #000000;\">Operacionet hetimore ndaj klanit \u201cFarruku\u201d kan\u00eb zbuluar aktivitete t\u00eb shumta kriminale, p\u00ebrfshir\u00eb trafikimin e 2 ton\u00ebve kokain\u00eb nga Ekuadori n\u00eb Spanj\u00eb. N\u00eb vitin 2023, klani u godit r\u00ebnd\u00eb pas nj\u00eb megaoperacioni t\u00eb autoriteteve spanjolle kund\u00ebr trafikut t\u00eb drog\u00ebs.<\/span><\/p>\n<p><span style=\"color: #000000;\"><strong>E Kaluara Kriminale e Farrukut<\/strong><\/span><\/p>\n<p><span style=\"color: #000000;\">Farruku ka nj\u00eb histori t\u00eb gjat\u00eb kriminale. Ai u arrestua p\u00ebr her\u00eb t\u00eb par\u00eb n\u00eb Barcelon\u00eb n\u00eb vitin 2010, s\u00eb bashku me 7 an\u00ebtar\u00eb t\u00eb tjer\u00eb t\u00eb band\u00ebs. Pas arratisjes nga burgu n\u00eb vitin 2014, ai u arrestua s\u00ebrish n\u00eb vitin 2019. Farruku gjithashtu ka qen\u00eb i lidhur me disa ngjarje t\u00eb tjera kriminale, p\u00ebrfshir\u00eb nj\u00eb atentat ndaj tij n\u00eb zon\u00ebn e Don Boskos n\u00eb vitin 2015.<\/span><\/p>\n<p><span style=\"color: #000000;\">Sipas medieve spanjolle, Farruku ka qen\u00eb i dyshuar p\u00ebr p\u00ebrfshirje n\u00eb vrasjen e nj\u00eb bosi droge n\u00eb vitin 2010, edhe pse m\u00eb von\u00eb rezultoi se ngjarja ishte orkestruar nga nj\u00eb tjet\u00ebr personazh kriminal, Devi Kasmi, i cili u vra n\u00eb nj\u00eb atentat n\u00eb Tiran\u00eb m\u00eb 2018.<\/span><\/p>\n<p><span style=\"color: #000000;\"><strong>P\u00ebrfshirja n\u00eb Rrjetet Kriminale dhe Komunikimet SkyECC<\/strong><\/span><\/p>\n<p><span style=\"color: #000000;\">S\u00eb fundmi, emri i Farrukut \u00ebsht\u00eb lidhur edhe me rrjetin SkyECC, ku sipas dosjeve hetimore, ai ka marr\u00eb informacione sekrete nga ish-deputeti socialist Jurgis \u00c7yrbja. Bisedat e zbuluara tregojn\u00eb se ish-deputeti e ka ndihmuar Farrukun t\u00eb monitoroj\u00eb l\u00ebvizjet p\u00ebrreth banes\u00ebs s\u00eb tij, duke dyshuar p\u00ebr ndjekje nga sh\u00ebrbimet inteligjente shqiptare (SHISH).<\/span><\/p>\n<p><span style=\"color: #000000;\">Arrestimi i fundit i Kreshnik Farrukut sh\u00ebnon nj\u00eb hap tjet\u00ebr t\u00eb r\u00ebnd\u00ebsish\u00ebm n\u00eb p\u00ebrpjekjet e autoriteteve shqiptare dhe nd\u00ebrkomb\u00ebtare p\u00ebr t\u00eb luftuar krimin e organizuar dhe trafikun e drog\u00ebs.<\/span><\/p>\n<p>&nbsp;<\/p>\n","protected":false,"gt_translate_keys":[{"key":"rendered","format":"html"}]},"excerpt":{"rendered":"<p>Kreshnik Farruku, i njohur si drejtues i klanit \u201cFarruku\u201d, \u00ebsht\u00eb arrestuar m\u00eb 11 janar 2025 me urdh\u00ebr t\u00eb SPAK. Ai u kap n\u00eb Manz\u00eb, Durr\u00ebs, me k\u00ebrkes\u00eb t\u00eb SPAK dhe n\u00eb bashk\u00ebpunim me Prokurorin\u00eb e Firences, p\u00ebr q\u00ebllime ekstradimi drejt Italis\u00eb. Arrestimi i tij u krye nga forcat speciale RENEA, nd\u00ebrkoh\u00eb q\u00eb ndodhej n\u00eb mas\u00ebn [&hellip;]<\/p>\n","protected":false,"gt_translate_keys":[{"key":"rendered","format":"html"}]},"author":32,"featured_media":718937,"comment_status":"closed","ping_status":"open","sticky":false,"template":"","format":"standard","meta":{"footnotes":""},"categories":[65,13],"tags":[],"class_list":["post-718936","post","type-post","status-publish","format-standard","has-post-thumbnail","hentry","category-lajme","category-te-fundit"],"gt_translate_keys":[{"key":"link","format":"url"}],"_links":{"self":[{"href":"https:\/\/www.hashtag.al\/index.php\/wp-json\/wp\/v2\/posts\/718936","targetHints":{"allow":["GET"]}}],"collection":[{"href":"https:\/\/www.hashtag.al\/index.php\/wp-json\/wp\/v2\/posts"}],"about":[{"href":"https:\/\/www.hashtag.al\/index.php\/wp-json\/wp\/v2\/types\/post"}],"author":[{"embeddable":true,"href":"https:\/\/www.hashtag.al\/index.php\/wp-json\/wp\/v2\/users\/32"}],"replies":[{"embeddable":true,"href":"https:\/\/www.hashtag.al\/index.php\/wp-json\/wp\/v2\/comments?post=718936"}],"version-history":[{"count":99999,"href":"https:\/\/www.hashtag.al\/index.php\/wp-json\/wp\/v2\/posts\/718936\/revisions"}],"predecessor-version":[{"id":718938,"href":"https:\/\/www.hashtag.al\/index.php\/wp-json\/wp\/v2\/posts\/718936\/revisions\/718938"}],"wp:featuredmedia":[{"embeddable":true,"href":"https:\/\/www.hashtag.al\/index.php\/wp-json\/wp\/v2\/media\/718937"}],"wp:attachment":[{"href":"https:\/\/www.hashtag.al\/index.php\/wp-json\/wp\/v2\/media?parent=718936"}],"wp:term":[{"taxonomy":"category","embeddable":true,"href":"https:\/\/www.hashtag.al\/index.php\/wp-json\/wp\/v2\/categories?post=718936"},{"taxonomy":"post_tag","embeddable":true,"href":"https:\/\/www.hashtag.al\/index.php\/wp-json\/wp\/v2\/tags?post=718936"}],"curies":[{"name":"wp","href":"https:\/\/api.w.org\/{rel}","templated":true}]}}