{"id":718771,"date":"2025-01-10T16:46:07","date_gmt":"2025-01-10T15:46:07","guid":{"rendered":"https:\/\/www.hashtag.al\/?p=718771"},"modified":"2025-01-10T16:46:07","modified_gmt":"2025-01-10T15:46:07","slug":"osmani-kosova-dhe-shtetet-e-bashkuara-do-te-permbyllin-se-shpejti-dialogun-strategjik","status":"publish","type":"post","link":"https:\/\/www.hashtag.al\/index.php\/2025\/01\/10\/osmani-kosova-dhe-shtetet-e-bashkuara-do-te-permbyllin-se-shpejti-dialogun-strategjik\/","title":{"rendered":"Osmani: Kosova dhe Shtetet e Bashkuara do t\u00eb p\u00ebrmbyllin s\u00eb shpejti dialogun strategjik","gt_translate_keys":[{"key":"rendered","format":"text"}]},"content":{"rendered":"<p><span style=\"color: #000000;\"><img loading=\"lazy\" decoding=\"async\" class=\"alignnone size-medium wp-image-718772\" src=\"https:\/\/www.hashtag.al\/wp-content\/uploads\/2025\/01\/Screenshot-2025-01-10-164431-300x176.png\" alt=\"\" width=\"300\" height=\"176\" srcset=\"https:\/\/www.hashtag.al\/wp-content\/uploads\/2025\/01\/Screenshot-2025-01-10-164431-300x176.png 300w, https:\/\/www.hashtag.al\/wp-content\/uploads\/2025\/01\/Screenshot-2025-01-10-164431-1024x601.png 1024w, https:\/\/www.hashtag.al\/wp-content\/uploads\/2025\/01\/Screenshot-2025-01-10-164431-768x451.png 768w, https:\/\/www.hashtag.al\/wp-content\/uploads\/2025\/01\/Screenshot-2025-01-10-164431.png 1203w\" sizes=\"auto, (max-width: 300px) 100vw, 300px\" \/><\/span><\/p>\n<p><span style=\"color: #000000;\">Presidentja e Kosov\u00ebs Vjosa Osmani, tha t\u00eb premten se Kosova dhe Shtetet e Bashkuara pritet q\u00eb s\u00eb shpejti t\u00eb p\u00ebrmbyllin dialogun strategjik q\u00eb sipas saj do t\u00eb p\u00ebrfshij\u00eb fusha t\u00eb r\u00ebnd\u00ebsishme n\u00eb interes t\u00eb qytetar\u00ebve t\u00eb Kosov\u00ebs.<\/span><\/p>\n<p><span style=\"color: #000000;\">Ajo i b\u00ebri k\u00ebto komente n\u00eb nj\u00eb postim n\u00eb rrjetet sociale pas takimit n\u00eb Prishtin\u00eb me z\u00ebvend\u00ebs Sekretarin e Shtetit p\u00ebr Menaxhimin dhe Burimet, Richard R. Verma.<\/span><\/p>\n<p><span style=\"color: #000000;\">Presidentja Osmani tha se dialogu strategjik \u201c\u00ebsht\u00eb nj\u00eb e arritur e jasht\u00ebzakonshme q\u00eb d\u00ebshmon se partneriteti i mir\u00ebfillt\u00eb, i bazuar n\u00eb vlera dhe interesa t\u00eb p\u00ebrbashk\u00ebta, gjithmon\u00eb sjell rezultate\u201d.<\/span><\/p>\n<p><span style=\"color: #000000;\">Presidentja Osmani tha se ekipet e Kosov\u00ebs dhe Shteteve t\u00eb Bashkuara \u201cdo t\u00eb takohen s\u00eb shpejti p\u00ebr ta p\u00ebrmbyllur marr\u00ebveshjen p\u00ebr Dialogun Strategjik e cila do t\u00eb p\u00ebrfshij\u00eb fusha shum\u00eb t\u00eb r\u00ebnd\u00ebsishme n\u00eb interes t\u00eb qytetar\u00ebve t\u00eb Kosov\u00ebs\u201d, por pa dh\u00ebn\u00eb m\u00eb shum\u00eb holl\u00ebsi.<\/span><\/p>\n<p><span style=\"color: #000000;\">Z\u00ebvend\u00ebs Sekretari Verma i cili po q\u00ebndron n\u00eb Kosov\u00eb n\u00eb kuad\u00ebr t\u00eb nj\u00eb vizite n\u00eb rajon, nuk b\u00ebri ndonj\u00eb koment t\u00eb menj\u00ebhersh\u00ebm p\u00ebr takimet n\u00eb Prishtin\u00eb.<\/span><\/p>\n<p><span style=\"color: #000000;\">Departamenti amerikan i Shtetit ka njoftuar se zoti Verma n\u00eb Kosov\u00eb do t\u00eb diskutoj\u00eb p\u00ebr normalizimin e marr\u00ebdh\u00ebnieve me Serbin\u00eb p\u00ebrmes dialogut t\u00eb leht\u00ebsuar nga Bashkimi Evropian, forcimin e qeverisjes dhe sundimit t\u00eb ligjit, si dhe nxitjen e rritjes ekonomike dhe siguris\u00eb energjetike p\u00ebr t\u00eb mir\u00ebn e t\u00eb gjith\u00eb qytetar\u00ebve t\u00eb Kosov\u00ebs.<\/span><\/p>\n<p><span style=\"color: #000000;\">Pas Kosov\u00ebs, ai do t\u00eb shkoj\u00eb n\u00eb Beograd ku pritet t\u00eb theksoj\u00eb si\u00e7 thuhet partneritetin strategjik n\u00eb rritje nd\u00ebrmjet Shteteve t\u00eb Bashkuara dhe Serbis\u00eb p\u00ebr energjin\u00eb dhe \u00e7\u00ebshtje t\u00eb tjera ekonomike. Sipas Departamentit amerikan t\u00eb Shtetit, zoti Verma do t\u00eb ofroj\u00eb mb\u00ebshtetje p\u00ebr integrimin e Serbis\u00eb n\u00eb institucionet evropiane, normalizimin e marr\u00ebdh\u00ebnieve me Kosov\u00ebn, forcimin e sundimit t\u00eb ligjit dhe bashk\u00ebpunimin m\u00eb t\u00eb ngusht\u00eb dypal\u00ebsh p\u00ebr \u00e7\u00ebshtjet ushtarake dhe t\u00eb siguris\u00eb.<\/span><\/p>\n<p><span style=\"color: #000000;\">Departamenti amerikan i Shtetit tha se z\u00ebvend\u00ebs Sekretari Verma do t\u00eb riafirmoj\u00eb p\u00ebrkushtimin e Shteteve t\u00eb Bashkuara ndaj vendeve t\u00eb Ballkanit Per\u00ebndimor, nd\u00ebrsa ato ndjekin integrimin euroatlantik dhe bashk\u00ebpunimin m\u00eb t\u00eb thell\u00eb rajonal.\/<span style=\"color: #0000ff;\"><a style=\"color: #0000ff;\" href=\"https:\/\/www.zeriamerikes.com\/a\/7931953.html\">VOA<\/a><\/span><\/span><\/p>\n","protected":false,"gt_translate_keys":[{"key":"rendered","format":"html"}]},"excerpt":{"rendered":"<p>Presidentja e Kosov\u00ebs Vjosa Osmani, tha t\u00eb premten se Kosova dhe Shtetet e Bashkuara pritet q\u00eb s\u00eb shpejti t\u00eb p\u00ebrmbyllin dialogun strategjik q\u00eb sipas saj do t\u00eb p\u00ebrfshij\u00eb fusha t\u00eb r\u00ebnd\u00ebsishme n\u00eb interes t\u00eb qytetar\u00ebve t\u00eb Kosov\u00ebs. Ajo i b\u00ebri k\u00ebto komente n\u00eb nj\u00eb postim n\u00eb rrjetet sociale pas takimit n\u00eb Prishtin\u00eb me z\u00ebvend\u00ebs Sekretarin [&hellip;]<\/p>\n","protected":false,"gt_translate_keys":[{"key":"rendered","format":"html"}]},"author":32,"featured_media":718772,"comment_status":"closed","ping_status":"open","sticky":false,"template":"","format":"standard","meta":{"footnotes":""},"categories":[149],"tags":[],"class_list":["post-718771","post","type-post","status-publish","format-standard","has-post-thumbnail","hentry","category-kosoverajon"],"gt_translate_keys":[{"key":"link","format":"url"}],"_links":{"self":[{"href":"https:\/\/www.hashtag.al\/index.php\/wp-json\/wp\/v2\/posts\/718771","targetHints":{"allow":["GET"]}}],"collection":[{"href":"https:\/\/www.hashtag.al\/index.php\/wp-json\/wp\/v2\/posts"}],"about":[{"href":"https:\/\/www.hashtag.al\/index.php\/wp-json\/wp\/v2\/types\/post"}],"author":[{"embeddable":true,"href":"https:\/\/www.hashtag.al\/index.php\/wp-json\/wp\/v2\/users\/32"}],"replies":[{"embeddable":true,"href":"https:\/\/www.hashtag.al\/index.php\/wp-json\/wp\/v2\/comments?post=718771"}],"version-history":[{"count":99999,"href":"https:\/\/www.hashtag.al\/index.php\/wp-json\/wp\/v2\/posts\/718771\/revisions"}],"predecessor-version":[{"id":718773,"href":"https:\/\/www.hashtag.al\/index.php\/wp-json\/wp\/v2\/posts\/718771\/revisions\/718773"}],"wp:featuredmedia":[{"embeddable":true,"href":"https:\/\/www.hashtag.al\/index.php\/wp-json\/wp\/v2\/media\/718772"}],"wp:attachment":[{"href":"https:\/\/www.hashtag.al\/index.php\/wp-json\/wp\/v2\/media?parent=718771"}],"wp:term":[{"taxonomy":"category","embeddable":true,"href":"https:\/\/www.hashtag.al\/index.php\/wp-json\/wp\/v2\/categories?post=718771"},{"taxonomy":"post_tag","embeddable":true,"href":"https:\/\/www.hashtag.al\/index.php\/wp-json\/wp\/v2\/tags?post=718771"}],"curies":[{"name":"wp","href":"https:\/\/api.w.org\/{rel}","templated":true}]}}