{"id":718351,"date":"2025-01-08T14:13:19","date_gmt":"2025-01-08T13:13:19","guid":{"rendered":"https:\/\/www.hashtag.al\/?p=718351"},"modified":"2025-01-08T14:13:54","modified_gmt":"2025-01-08T13:13:54","slug":"u-ekstradua-nga-turqia-mberrin-ne-rinas-dritan-rexhepi","status":"publish","type":"post","link":"https:\/\/www.hashtag.al\/index.php\/2025\/01\/08\/u-ekstradua-nga-turqia-mberrin-ne-rinas-dritan-rexhepi\/","title":{"rendered":"U ekstradua nga Turqia, mb\u00ebrrin n\u00eb Rinas Dritan Rexhepi (Video)","gt_translate_keys":[{"key":"rendered","format":"text"}]},"content":{"rendered":"<p><img loading=\"lazy\" decoding=\"async\" class=\"aligncenter size-full wp-image-718352\" src=\"https:\/\/www.hashtag.al\/wp-content\/uploads\/2025\/01\/dfghfdghfgdh.jpg\" alt=\"\" width=\"985\" height=\"565\" srcset=\"https:\/\/www.hashtag.al\/wp-content\/uploads\/2025\/01\/dfghfdghfgdh.jpg 985w, https:\/\/www.hashtag.al\/wp-content\/uploads\/2025\/01\/dfghfdghfgdh-300x172.jpg 300w, https:\/\/www.hashtag.al\/wp-content\/uploads\/2025\/01\/dfghfdghfgdh-768x441.jpg 768w\" sizes=\"auto, (max-width: 985px) 100vw, 985px\" \/><\/p>\n<p><span style=\"color: #000000;\">Dritani Rexhepi \u00ebsht\u00eb ekstraduar sot nga Turqia, ku ishte arrestuar me k\u00ebrkes\u00eb t\u00eb drejt\u00ebsis\u00eb shqiptare. <\/span><\/p>\n<p><span style=\"color: #000000;\">45-vje\u00e7ari ka qen\u00eb i arrestuar n\u00eb disa vende m\u00eb par\u00eb si n\u00eb Itali e Ekuador nd\u00ebrsa s\u00eb fundmi \u00ebsht\u00eb kapur n\u00eb Turqi.<\/span><\/p>\n<p><span style=\"color: #000000;\"> Ai k\u00ebrkohet n\u00eb Shqip\u00ebri pasi akuzohet p\u00ebr rr\u00ebmbimin, vrasjen dhe zhdukjen e Jan Preng\u00ebs, ngjarje e ndodhur n\u00eb vitin 2020.<\/span><\/p>\n<p><span style=\"color: #000000;\"> Nd\u00ebrsa n\u00eb vitin 2013, ai \u00ebsht\u00eb d\u00ebnuar me 25 vjet burg p\u00ebr nj\u00eb vrasje t\u00eb dyfisht\u00eb n\u00eb Kruj\u00eb.<\/span><\/p>\n<div style=\"width: 854px;\" class=\"wp-video\"><video class=\"wp-video-shortcode\" id=\"video-718351-1\" width=\"854\" height=\"480\" preload=\"metadata\" controls=\"controls\"><source type=\"video\/mp4\" src=\"https:\/\/www.hashtag.al\/wp-content\/uploads\/2025\/01\/u-ekstradua-nga-turqia-zbret-ne-rinas-i-shumekerkuari-dritan-rexhepi-scloudtomp3downloader.com_.mp4?_=1\" \/><a href=\"https:\/\/www.hashtag.al\/wp-content\/uploads\/2025\/01\/u-ekstradua-nga-turqia-zbret-ne-rinas-i-shumekerkuari-dritan-rexhepi-scloudtomp3downloader.com_.mp4\">https:\/\/www.hashtag.al\/wp-content\/uploads\/2025\/01\/u-ekstradua-nga-turqia-zbret-ne-rinas-i-shumekerkuari-dritan-rexhepi-scloudtomp3downloader.com_.mp4<\/a><\/video><\/div>\n<p><span style=\"color: #000000;\"><strong>Njoftimi i Interpolit<\/strong><\/span><\/p>\n<p><span style=\"color: #000000;\"><em>\u201cSi rezultat i bashk\u00ebpunimit nd\u00ebrmjet Interpol Tiran\u00ebs dhe homolog\u00ebve n\u00eb Turqi, ekstradohet n\u00eb Shqip\u00ebri, shtetasi i shum\u00ebk\u00ebrkuar Dritan Rexhepi alias Gramos Rexhepi.<\/em><\/span><\/p>\n<p><span style=\"color: #000000;\"><em>45-vje\u00e7ari, shtetas me rrezikshm\u00ebri t\u00eb lart\u00eb shoq\u00ebrore, sepse:<\/em><\/span><\/p>\n<p><span style=\"color: #000000;\"><em>-N\u00eb vitin 2020, GjKKO-ja i ka caktuar mas\u00ebn e siguris\u00eb \u201cArrest n\u00eb burg\u201d, p\u00ebr veprat penale \u201cRr\u00ebmbimi ose mbajtja peng e personit\u201d, kryer n\u00eb bashk\u00ebpunim, \u201dFshehja dhe asgj\u00ebsimi i kufom\u00ebs\u201d, \u201cTrafikimi i l\u00ebnd\u00ebve narkotike\u201d, \u201cMbajtja pa leje dhe prodhimi i arm\u00ebve, arm\u00ebve shp\u00ebrthyese dhe municionit\u201d dhe \u201cKryerja e veprave penale nga organizata kriminale dhe grupi i strukturuar kriminal\u201d. Shtetasi Dritan Rexhepi alias Gramos Rexhepi akuzohet se n\u00eb bashk\u00ebpunim me shtetasin G. D., ka urdh\u00ebruar rr\u00ebmbimin e shtetasit J. P., pasi dyshonte se n\u00eb vitin 2019, v\u00ebllai i shtetasit J. P., kishte vjedhur n\u00eb Angli, nj\u00eb kontenier me l\u00ebnd\u00eb narkotike n\u00eb pron\u00ebsi t\u00eb 45-vje\u00e7arit dhe bashk\u00ebpun\u00ebtorit t\u00eb tij;<\/em><\/span><\/p>\n<p><span style=\"color: #000000;\"><em>-N\u00eb vitin 2015, Gjykata e Fierit e ka d\u00ebnuar me 4 vjet burgim, p\u00ebr veprat penale \u201cFalsifikimi i let\u00ebrnjoftimeve, pasaportave ose vizave\u201d dhe \u201cFalsifikimi i vulave, stampave ose formular\u00ebve\u201d;<\/em><\/span><\/p>\n<p><span style=\"color: #000000;\"><em>-N\u00eb vitin 2013, \u00ebsht\u00eb d\u00ebnuar nga Gjykata p\u00ebr Krimet e R\u00ebnda, me 25 vjet burgim, p\u00ebr veprat penale \u201cVrasja me paramendim\u201d dhe \u201cPlagosja e r\u00ebnd\u00eb me dashje\u201d, kryer n\u00eb bashk\u00ebpunim, si dhe \u201cMbajtja pa leje dhe prodhimi i arm\u00ebve, arm\u00ebve shp\u00ebrthyese dhe municionit\u201d. M\u00eb dat\u00eb 06.10.1999, n\u00eb nj\u00eb lokal n\u00eb Kruj\u00eb, 45-vje\u00e7ari, n\u00eb bashk\u00ebpunim me nj\u00eb shtetas tjet\u00ebr, ka vrar\u00eb me arm\u00eb zjarri, shtetasin D. K., si dhe ka plagosur pronarin e lokalit, shtetasin R. B., i cili ka humbur jet\u00ebn m\u00eb pas, n\u00eb spital;<\/em><\/span><\/p>\n<p><span style=\"color: #000000;\"><em>-N\u00eb vitin 2010, \u00ebsht\u00eb d\u00ebnuar nga Gjykata e Apelit e Firences, Itali, me 16 vjet burgim, p\u00ebr pjes\u00ebmarrje n\u00eb grup t\u00eb strukturuar kriminal, p\u00ebr trafikim t\u00eb l\u00ebnd\u00ebve narkotike. Shtetasi Dritan Rexhepi alias Gramos Rexhepi \u00ebsht\u00eb arratisur nga vendi i vuajtjes s\u00eb k\u00ebtij d\u00ebnimi, n\u00eb Firence. Nga ky d\u00ebnim i kan\u00eb mbetur p\u00ebr t\u00eb vuajtur 13 vjet, 8 muaj dhe 6 dit\u00eb burgim.\u201d<\/em><\/span><\/p>\n<p>&nbsp;<\/p>\n","protected":false,"gt_translate_keys":[{"key":"rendered","format":"html"}]},"excerpt":{"rendered":"<p>Dritani Rexhepi \u00ebsht\u00eb ekstraduar sot nga Turqia, ku ishte arrestuar me k\u00ebrkes\u00eb t\u00eb drejt\u00ebsis\u00eb shqiptare. 45-vje\u00e7ari ka qen\u00eb i arrestuar n\u00eb disa vende m\u00eb par\u00eb si n\u00eb Itali e Ekuador nd\u00ebrsa s\u00eb fundmi \u00ebsht\u00eb kapur n\u00eb Turqi. Ai k\u00ebrkohet n\u00eb Shqip\u00ebri pasi akuzohet p\u00ebr rr\u00ebmbimin, vrasjen dhe zhdukjen e Jan Preng\u00ebs, ngjarje e ndodhur n\u00eb [&hellip;]<\/p>\n","protected":false,"gt_translate_keys":[{"key":"rendered","format":"html"}]},"author":51,"featured_media":718354,"comment_status":"closed","ping_status":"open","sticky":false,"template":"","format":"standard","meta":{"footnotes":""},"categories":[65],"tags":[],"class_list":["post-718351","post","type-post","status-publish","format-standard","has-post-thumbnail","hentry","category-lajme"],"gt_translate_keys":[{"key":"link","format":"url"}],"_links":{"self":[{"href":"https:\/\/www.hashtag.al\/index.php\/wp-json\/wp\/v2\/posts\/718351","targetHints":{"allow":["GET"]}}],"collection":[{"href":"https:\/\/www.hashtag.al\/index.php\/wp-json\/wp\/v2\/posts"}],"about":[{"href":"https:\/\/www.hashtag.al\/index.php\/wp-json\/wp\/v2\/types\/post"}],"author":[{"embeddable":true,"href":"https:\/\/www.hashtag.al\/index.php\/wp-json\/wp\/v2\/users\/51"}],"replies":[{"embeddable":true,"href":"https:\/\/www.hashtag.al\/index.php\/wp-json\/wp\/v2\/comments?post=718351"}],"version-history":[{"count":99999,"href":"https:\/\/www.hashtag.al\/index.php\/wp-json\/wp\/v2\/posts\/718351\/revisions"}],"predecessor-version":[{"id":718357,"href":"https:\/\/www.hashtag.al\/index.php\/wp-json\/wp\/v2\/posts\/718351\/revisions\/718357"}],"wp:featuredmedia":[{"embeddable":true,"href":"https:\/\/www.hashtag.al\/index.php\/wp-json\/wp\/v2\/media\/718354"}],"wp:attachment":[{"href":"https:\/\/www.hashtag.al\/index.php\/wp-json\/wp\/v2\/media?parent=718351"}],"wp:term":[{"taxonomy":"category","embeddable":true,"href":"https:\/\/www.hashtag.al\/index.php\/wp-json\/wp\/v2\/categories?post=718351"},{"taxonomy":"post_tag","embeddable":true,"href":"https:\/\/www.hashtag.al\/index.php\/wp-json\/wp\/v2\/tags?post=718351"}],"curies":[{"name":"wp","href":"https:\/\/api.w.org\/{rel}","templated":true}]}}