{"id":718060,"date":"2025-01-07T08:35:23","date_gmt":"2025-01-07T07:35:23","guid":{"rendered":"https:\/\/www.hashtag.al\/?p=718060"},"modified":"2025-01-07T08:35:23","modified_gmt":"2025-01-07T07:35:23","slug":"fermeret-franceze-proteste-kunder-marreveshjes-se-be-se-perplasen-me-policine-video","status":"publish","type":"post","link":"https:\/\/www.hashtag.al\/index.php\/2025\/01\/07\/fermeret-franceze-proteste-kunder-marreveshjes-se-be-se-perplasen-me-policine-video\/","title":{"rendered":"Fermer\u00ebt francez\u00eb protest\u00eb kund\u00ebr marr\u00ebveshjes s\u00eb BE-s\u00eb, p\u00ebrplasen me policin\u00eb (Video)","gt_translate_keys":[{"key":"rendered","format":"text"}]},"content":{"rendered":"<p><img loading=\"lazy\" decoding=\"async\" class=\"aligncenter size-full wp-image-718065\" src=\"https:\/\/www.hashtag.al\/wp-content\/uploads\/2025\/01\/fermere-ezgif.com-webp-to-jpg-converter.jpg\" alt=\"\" width=\"1200\" height=\"800\" srcset=\"https:\/\/www.hashtag.al\/wp-content\/uploads\/2025\/01\/fermere-ezgif.com-webp-to-jpg-converter.jpg 1200w, https:\/\/www.hashtag.al\/wp-content\/uploads\/2025\/01\/fermere-ezgif.com-webp-to-jpg-converter-300x200.jpg 300w, https:\/\/www.hashtag.al\/wp-content\/uploads\/2025\/01\/fermere-ezgif.com-webp-to-jpg-converter-1024x683.jpg 1024w, https:\/\/www.hashtag.al\/wp-content\/uploads\/2025\/01\/fermere-ezgif.com-webp-to-jpg-converter-768x512.jpg 768w\" sizes=\"auto, (max-width: 1200px) 100vw, 1200px\" \/><\/p>\n<p><span style=\"color: #000000;\">Rreth 200 fermer\u00eb dhe 50 traktor\u00eb u nis\u00ebn drejt Parisit t\u00eb h\u00ebn\u00ebn nd\u00ebrsa t\u00eb tjer\u00ebt u zhvendos\u00ebn n\u00eb Lion, megjith\u00ebse asnj\u00ebri nuk mundi t\u00eb hynte n\u00eb kryeqytet.<\/span><\/p>\n<p><span style=\"color: #000000;\">An\u00ebtar\u00ebt e sindikat\u00ebs s\u00eb Bashk\u00ebrendimit Rural protestojn\u00eb kund\u00ebr marr\u00ebveshjes s\u00eb tregtis\u00eb s\u00eb lir\u00eb Mercosur me vendet e Amerik\u00ebs s\u00eb Jugut, t\u00eb r\u00ebn\u00eb dakord nga Bashkimin Evropian muajin e kaluar, pavar\u00ebsisht kund\u00ebrshtimeve t\u00eb Franc\u00ebs, duke k\u00ebrkuar kompensim m\u00eb t\u00eb mir\u00eb.<\/span><\/p>\n<p><span style=\"color: #000000;\">Sindikata e dyt\u00eb m\u00eb e madhe e fermer\u00ebve t\u00eb vendit beson se data 13 janar e caktuar p\u00ebr nj\u00eb takim me kryeministrin Fran\u00e7ois Bayrou \u00ebsht\u00eb shum\u00eb larg dhe ata duan t\u00eb sigurohen q\u00eb k\u00ebrkesat e tyre t\u00eb mos harrohen, nd\u00ebrsa qeveria e re ec\u00ebn p\u00ebrpara me negociatat e buxhetit dhe legjislacionin e ri.<\/span><\/p>\n<p><span style=\"color: #000000;\"><em>&#8220;Shqet\u00ebsimet e tyre jan\u00eb krejt\u00ebsisht t\u00eb kuptueshme,&#8221;<\/em> tha ministrja e Bujq\u00ebsis\u00eb Annie Genevard n\u00eb televizionin TF1 t\u00eb h\u00ebn\u00ebn, megjith\u00ebse k\u00ebmb\u00ebnguli se fermer\u00ebt nuk duhet t\u00eb bllokojn\u00eb Parisin dhe protesta e tyre nuk duhet t\u00eb jet\u00eb e dhunshme.<\/span><\/p>\n<div style=\"width: 1170px;\" class=\"wp-video\"><video class=\"wp-video-shortcode\" id=\"video-718060-1\" width=\"1170\" height=\"658\" preload=\"metadata\" controls=\"controls\"><source type=\"video\/mp4\" src=\"https:\/\/www.hashtag.al\/wp-content\/uploads\/2025\/01\/farmers2.mp4?_=1\" \/><a href=\"https:\/\/www.hashtag.al\/wp-content\/uploads\/2025\/01\/farmers2.mp4\">https:\/\/www.hashtag.al\/wp-content\/uploads\/2025\/01\/farmers2.mp4<\/a><\/video><\/div>\n<p><span style=\"color: #000000;\">Rreth 10 traktor\u00eb dhe 15 makina u fut\u00ebn me forc\u00eb n\u00eb autostrad\u00ebn N10 p\u00ebrpara se t\u00eb bllokoheshin nga policia, nd\u00ebrsa nj\u00eb kolon\u00eb tjet\u00ebr u bllokua n\u00eb Essonne.<\/span><\/p>\n<p><span style=\"color: #000000;\">Kolona m\u00eb t\u00eb vogla vijuan n\u00eb rrug\u00eb m\u00eb t\u00eb vogla drejt Parisit dhe n\u00eb Rhone, af\u00ebr Lionit.<\/span><\/p>\n<p><span style=\"color: #000000;\">Genevard tha se ato nuk do priten nga Bayrou m\u00eb shpejt se data e planifikuar jav\u00ebn e ardhshme, megjith\u00ebse ajo tha se projektligji i shum\u00ebpritur i reform\u00ebs n\u00eb bujq\u00ebsi do t\u00eb ishte nd\u00ebr legjislacionet e par\u00eb t\u00eb paraqitura n\u00eb Asamblen\u00eb Komb\u00ebtare pas buxhetit.<\/span><\/p>\n<p><span style=\"color: #000000;\">Qeveria shpreson t\u00eb miratoj\u00eb buxhetin muajin e ardhsh\u00ebm, tha t\u00eb h\u00ebn\u00ebn ministrja e Buxhetit Amelie de Montchalin.<\/span><\/p>\n<p><span style=\"color: #000000;\"><em>&#8220;Deri n\u00eb fund t\u00eb shkurtit shpresojm\u00eb q\u00eb francez\u00ebt t\u00eb mund t\u00eb dalin nga kjo pasiguri dhe ng\u00ebr\u00e7, n\u00eb m\u00ebnyr\u00eb q\u00eb fermer\u00ebt dhe t\u00eb tjer\u00ebt t\u00eb ken\u00eb m\u00eb shum\u00eb qart\u00ebsi,&#8221;<\/em> tha Montchalin p\u00ebr televizionin publik France 2.<\/span><\/p>\n<p><span style=\"color: #000000;\">Kolonat e fermer\u00ebve sh\u00ebnojn\u00eb fillimin e fushat\u00ebs zgjedhore p\u00ebr Dhomat e Bujq\u00ebsis\u00eb, q\u00eb do mbahet n\u00eb datat 15-31 janar dhe rezultatet e s\u00eb cil\u00ebs do p\u00ebrcaktojn\u00eb cilat sindikata kan\u00eb m\u00eb shum\u00eb fuqi n\u00eb negociatat me qeverin\u00eb.<\/span><\/p>\n<div style=\"width: 1170px;\" class=\"wp-video\"><video class=\"wp-video-shortcode\" id=\"video-718060-2\" width=\"1170\" height=\"658\" preload=\"metadata\" controls=\"controls\"><source type=\"video\/mp4\" src=\"https:\/\/www.hashtag.al\/wp-content\/uploads\/2025\/01\/farmers1.mp4?_=2\" \/><a href=\"https:\/\/www.hashtag.al\/wp-content\/uploads\/2025\/01\/farmers1.mp4\">https:\/\/www.hashtag.al\/wp-content\/uploads\/2025\/01\/farmers1.mp4<\/a><\/video><\/div>\n","protected":false,"gt_translate_keys":[{"key":"rendered","format":"html"}]},"excerpt":{"rendered":"<p>Rreth 200 fermer\u00eb dhe 50 traktor\u00eb u nis\u00ebn drejt Parisit t\u00eb h\u00ebn\u00ebn nd\u00ebrsa t\u00eb tjer\u00ebt u zhvendos\u00ebn n\u00eb Lion, megjith\u00ebse asnj\u00ebri nuk mundi t\u00eb hynte n\u00eb kryeqytet. An\u00ebtar\u00ebt e sindikat\u00ebs s\u00eb Bashk\u00ebrendimit Rural protestojn\u00eb kund\u00ebr marr\u00ebveshjes s\u00eb tregtis\u00eb s\u00eb lir\u00eb Mercosur me vendet e Amerik\u00ebs s\u00eb Jugut, t\u00eb r\u00ebn\u00eb dakord nga Bashkimin Evropian muajin e [&hellip;]<\/p>\n","protected":false,"gt_translate_keys":[{"key":"rendered","format":"html"}]},"author":51,"featured_media":718065,"comment_status":"closed","ping_status":"open","sticky":false,"template":"","format":"standard","meta":{"footnotes":""},"categories":[53],"tags":[],"class_list":["post-718060","post","type-post","status-publish","format-standard","has-post-thumbnail","hentry","category-fast-foodi"],"gt_translate_keys":[{"key":"link","format":"url"}],"_links":{"self":[{"href":"https:\/\/www.hashtag.al\/index.php\/wp-json\/wp\/v2\/posts\/718060","targetHints":{"allow":["GET"]}}],"collection":[{"href":"https:\/\/www.hashtag.al\/index.php\/wp-json\/wp\/v2\/posts"}],"about":[{"href":"https:\/\/www.hashtag.al\/index.php\/wp-json\/wp\/v2\/types\/post"}],"author":[{"embeddable":true,"href":"https:\/\/www.hashtag.al\/index.php\/wp-json\/wp\/v2\/users\/51"}],"replies":[{"embeddable":true,"href":"https:\/\/www.hashtag.al\/index.php\/wp-json\/wp\/v2\/comments?post=718060"}],"version-history":[{"count":99999,"href":"https:\/\/www.hashtag.al\/index.php\/wp-json\/wp\/v2\/posts\/718060\/revisions"}],"predecessor-version":[{"id":718067,"href":"https:\/\/www.hashtag.al\/index.php\/wp-json\/wp\/v2\/posts\/718060\/revisions\/718067"}],"wp:featuredmedia":[{"embeddable":true,"href":"https:\/\/www.hashtag.al\/index.php\/wp-json\/wp\/v2\/media\/718065"}],"wp:attachment":[{"href":"https:\/\/www.hashtag.al\/index.php\/wp-json\/wp\/v2\/media?parent=718060"}],"wp:term":[{"taxonomy":"category","embeddable":true,"href":"https:\/\/www.hashtag.al\/index.php\/wp-json\/wp\/v2\/categories?post=718060"},{"taxonomy":"post_tag","embeddable":true,"href":"https:\/\/www.hashtag.al\/index.php\/wp-json\/wp\/v2\/tags?post=718060"}],"curies":[{"name":"wp","href":"https:\/\/api.w.org\/{rel}","templated":true}]}}