{"id":717417,"date":"2024-12-31T13:02:43","date_gmt":"2024-12-31T12:02:43","guid":{"rendered":"https:\/\/www.hashtag.al\/?p=717417"},"modified":"2024-12-31T13:02:43","modified_gmt":"2024-12-31T12:02:43","slug":"lefter-maliqi-kartoline-spak-ut-bere-drejtesi-me-regji","status":"publish","type":"post","link":"https:\/\/www.hashtag.al\/index.php\/2024\/12\/31\/lefter-maliqi-kartoline-spak-ut-bere-drejtesi-me-regji\/","title":{"rendered":"Lefter Maliqi \u2018kartolin\u00eb\u2019 SPAK-ut: B\u00ebre drejt\u00ebsi me regji","gt_translate_keys":[{"key":"rendered","format":"text"}]},"content":{"rendered":"<p><span style=\"color: #000000;\"><img loading=\"lazy\" decoding=\"async\" class=\"alignnone size-medium wp-image-717418\" src=\"https:\/\/www.hashtag.al\/wp-content\/uploads\/2024\/12\/Screenshot-2024-12-31-130124-300x235.png\" alt=\"\" width=\"300\" height=\"235\" srcset=\"https:\/\/www.hashtag.al\/wp-content\/uploads\/2024\/12\/Screenshot-2024-12-31-130124-300x235.png 300w, https:\/\/www.hashtag.al\/wp-content\/uploads\/2024\/12\/Screenshot-2024-12-31-130124.png 678w\" sizes=\"auto, (max-width: 300px) 100vw, 300px\" \/><\/span><\/p>\n<p><span style=\"color: #000000;\">Me nj\u00eb kartolin\u00eb n\u00eb duar ku shkruhej \u201cSPAK-u i Partis\u00eb\u201d, ish-kandidati i PL p\u00ebr bashkin\u00eb e Ku\u00e7ov\u00ebs Lefter Maliqi e mbylli vitin n\u00eb SPAK me nj\u00eb tjet\u00ebr denoncim p\u00ebr bashkin\u00eb e Ku\u00e7ov\u00ebs dhe oligark\u00ebt sipas tij t\u00eb lidhur me kryebashkiakun.<\/span><\/p>\n<p><span style=\"color: #000000;\">Ai akuzoi SPAK se p\u00ebrgjat\u00eb vitit 2024 nuk ka hetuar korrupsionin, por ka b\u00ebr\u00eb drejt\u00ebsi me regjin\u00eb e Edi Ram\u00ebs.<\/span><\/p>\n<p><span style=\"color: #000000;\"><em>&#8216;Duke i dhuruar nj\u00eb kartolin\u00eb SPAK p\u00ebr pun\u00ebn q\u00eb ka b\u00ebr\u00eb k\u00ebt\u00eb vit, ku krimi dhe korrupsioni kan\u00eb marr p\u00ebrmasa m\u00eb t\u00eb m\u00ebdha se vitet e kaluara. Jam k\u00ebtu p\u00ebr t\u00eb b\u00ebr\u00eb kallzimin e radh\u00ebs lidhur me abuzimet e shumta n\u00eb Bashkin\u00eb Ku\u00e7ov\u00eb. SPAK urdh\u00ebrohet nga koka e krimit n\u00eb Surrel dhe vepron me regji&#8217;,<\/em> tha ai.<\/span><\/p>\n","protected":false,"gt_translate_keys":[{"key":"rendered","format":"html"}]},"excerpt":{"rendered":"<p>Me nj\u00eb kartolin\u00eb n\u00eb duar ku shkruhej \u201cSPAK-u i Partis\u00eb\u201d, ish-kandidati i PL p\u00ebr bashkin\u00eb e Ku\u00e7ov\u00ebs Lefter Maliqi e mbylli vitin n\u00eb SPAK me nj\u00eb tjet\u00ebr denoncim p\u00ebr bashkin\u00eb e Ku\u00e7ov\u00ebs dhe oligark\u00ebt sipas tij t\u00eb lidhur me kryebashkiakun. Ai akuzoi SPAK se p\u00ebrgjat\u00eb vitit 2024 nuk ka hetuar korrupsionin, por ka b\u00ebr\u00eb drejt\u00ebsi [&hellip;]<\/p>\n","protected":false,"gt_translate_keys":[{"key":"rendered","format":"html"}]},"author":32,"featured_media":717418,"comment_status":"closed","ping_status":"open","sticky":false,"template":"","format":"standard","meta":{"footnotes":""},"categories":[65],"tags":[],"class_list":["post-717417","post","type-post","status-publish","format-standard","has-post-thumbnail","hentry","category-lajme"],"gt_translate_keys":[{"key":"link","format":"url"}],"_links":{"self":[{"href":"https:\/\/www.hashtag.al\/index.php\/wp-json\/wp\/v2\/posts\/717417","targetHints":{"allow":["GET"]}}],"collection":[{"href":"https:\/\/www.hashtag.al\/index.php\/wp-json\/wp\/v2\/posts"}],"about":[{"href":"https:\/\/www.hashtag.al\/index.php\/wp-json\/wp\/v2\/types\/post"}],"author":[{"embeddable":true,"href":"https:\/\/www.hashtag.al\/index.php\/wp-json\/wp\/v2\/users\/32"}],"replies":[{"embeddable":true,"href":"https:\/\/www.hashtag.al\/index.php\/wp-json\/wp\/v2\/comments?post=717417"}],"version-history":[{"count":99999,"href":"https:\/\/www.hashtag.al\/index.php\/wp-json\/wp\/v2\/posts\/717417\/revisions"}],"predecessor-version":[{"id":717419,"href":"https:\/\/www.hashtag.al\/index.php\/wp-json\/wp\/v2\/posts\/717417\/revisions\/717419"}],"wp:featuredmedia":[{"embeddable":true,"href":"https:\/\/www.hashtag.al\/index.php\/wp-json\/wp\/v2\/media\/717418"}],"wp:attachment":[{"href":"https:\/\/www.hashtag.al\/index.php\/wp-json\/wp\/v2\/media?parent=717417"}],"wp:term":[{"taxonomy":"category","embeddable":true,"href":"https:\/\/www.hashtag.al\/index.php\/wp-json\/wp\/v2\/categories?post=717417"},{"taxonomy":"post_tag","embeddable":true,"href":"https:\/\/www.hashtag.al\/index.php\/wp-json\/wp\/v2\/tags?post=717417"}],"curies":[{"name":"wp","href":"https:\/\/api.w.org\/{rel}","templated":true}]}}