{"id":717267,"date":"2024-12-30T12:21:18","date_gmt":"2024-12-30T11:21:18","guid":{"rendered":"https:\/\/www.hashtag.al\/?p=717267"},"modified":"2024-12-30T12:21:18","modified_gmt":"2024-12-30T11:21:18","slug":"gjetem-nje-vend-te-zhytur-ne-borxhe-e-pluhur-rama-na-vonuan-rruget-e-lena-rrugeve","status":"publish","type":"post","link":"https:\/\/www.hashtag.al\/index.php\/2024\/12\/30\/gjetem-nje-vend-te-zhytur-ne-borxhe-e-pluhur-rama-na-vonuan-rruget-e-lena-rrugeve\/","title":{"rendered":"&#8220;Gjet\u00ebm nj\u00eb vend t\u00eb zhytur n\u00eb borxhe e pluhur&#8221;- Rama: Na vonuan rrug\u00ebt e l\u00ebna rrug\u00ebve","gt_translate_keys":[{"key":"rendered","format":"text"}]},"content":{"rendered":"<p style=\"text-align: left;\"><span style=\"color: #000000;\"><img loading=\"lazy\" decoding=\"async\" class=\"aligncenter size-full wp-image-717268\" src=\"https:\/\/www.hashtag.al\/wp-content\/uploads\/2024\/12\/1-1.jpg\" alt=\"\" width=\"675\" height=\"450\" srcset=\"https:\/\/www.hashtag.al\/wp-content\/uploads\/2024\/12\/1-1.jpg 675w, https:\/\/www.hashtag.al\/wp-content\/uploads\/2024\/12\/1-1-300x200.jpg 300w\" sizes=\"auto, (max-width: 675px) 100vw, 675px\" \/><\/span><\/p>\n<p style=\"text-align: left;\"><span style=\"color: #000000;\">Gjat\u00eb konferenc\u00ebs s\u00eb fundvitit me gazetar\u00ebt, Kryeministri Edi Rama shpalli nj\u00eb arritje t\u00eb r\u00ebnd\u00ebsishme n\u00eb fush\u00ebn e ekonomis\u00eb, duke njoftuar se objekti i vendosur nga Qeveria p\u00ebr rritjen e pag\u00ebs mesatare, prej 900 euro, \u00ebsht\u00eb tejkaluar. <\/span><\/p>\n<p style=\"text-align: left;\"><span style=\"color: #000000;\">Sipas tij, paga mesatare aktuale ka arritur n\u00eb 968 euro, dhe shtoi se tavani i 1 mij\u00eb eurove \u00ebsht\u00eb shum\u00eb af\u00ebr realizimit.<\/span><\/p>\n<p style=\"text-align: left;\"><span style=\"color: #000000;\">Rama theksoi se ky rezultat \u00ebsht\u00eb arritur fal\u00eb rritjes s\u00eb ekonomis\u00eb dhe mund\u00ebsive t\u00eb p\u00ebrmir\u00ebsuara p\u00ebr qytetar\u00ebt, duke p\u00ebrmendur se rritja e pagave do t\u00eb vijoj\u00eb, por do t\u00eb b\u00ebhet duke ruajtur balancat makroekonomike. <\/span><\/p>\n<p style=\"text-align: left;\"><span style=\"color: #000000;\">Ai theksoi se ecuria e pagave ka qen\u00eb nj\u00eb sfid\u00eb e madhe, p\u00ebr shkak t\u00eb borxheve dhe kontratave t\u00eb paplot\u00ebsuara nga qeveria e kaluar, t\u00eb cilat k\u00ebrkuan koh\u00eb dhe mund p\u00ebr t\u2019u zgjidhur.<\/span><\/p>\n<p style=\"text-align: left;\"><span style=\"color: #000000;\"><em>\u201cKemi shkuar p\u00ebrtej objektivit, q\u00eb pagat t\u00eb arrinin n\u00eb 900 euro. Jemi n\u00eb 968 euro, tavani i 1 mij\u00eb eurove \u00ebsht\u00eb nj\u00eb shtrirje krahu larg. Kjo ka ardhur si rezultat i rritjes dometh\u00ebn\u00ebse t\u00eb ekonomis\u00eb dhe mund\u00ebsive. Nj\u00eb gj\u00eb \u00ebsht\u00eb t\u00eb duash t\u00eb rrit\u00ebsh pagat e pensionet e nj\u00eb gj\u00eb \u00ebsht\u00eb t\u2019i rris\u00ebsh. Aq m\u00eb tep\u00ebr t\u00eb rriten duke mos v\u00ebn\u00eb n\u00eb rrezik balancat makroekonik\u00eb.<\/em><\/span><\/p>\n<p style=\"text-align: left;\">\n<p style=\"text-align: left;\">\n<p style=\"text-align: left;\"><span style=\"color: #000000;\"><em>Gjet\u00ebm nj\u00eb vend t\u00eb zhytur n\u00eb borxhe e pluhur, ku vet\u00ebm larja e borxheve dhe rikapja e ritmit t\u00eb financimit t\u00eb rrug\u00ebve t\u00eb l\u00ebna rrug\u00ebve q\u00eb ishin propaganduar si t\u00eb p\u00ebrfunduara por ishin kontrata t\u00eb lidhura duke mos pasur parat\u00eb, na mor\u00ebn nj\u00eb koh\u00eb goxha t\u00eb madhe. Jemi sot n\u00eb kushte t\u00eb tjera, ne nuk kishim nj\u00eb administrat\u00eb t\u00eb motivuar dhe q\u00eb kishte mund\u00ebsit\u00eb t\u00eb sh\u00ebrbente me dinjitet.<\/em><\/span><\/p>\n<p style=\"text-align: left;\"><span style=\"color: #000000;\"><em>Sot e kemi fal\u00eb transformimit t\u00eb kalimit t\u00eb sh\u00ebrbimeve p\u00ebr t\u00eb cilat deri mbahej radha n\u00eb shi e diell, dhe paguhej bakshish p\u00ebr t\u00eb marr\u00eb nj\u00eb certifikat\u00eb\u201d,<\/em> tha ai.<\/span><\/p>\n","protected":false,"gt_translate_keys":[{"key":"rendered","format":"html"}]},"excerpt":{"rendered":"<p>Gjat\u00eb konferenc\u00ebs s\u00eb fundvitit me gazetar\u00ebt, Kryeministri Edi Rama shpalli nj\u00eb arritje t\u00eb r\u00ebnd\u00ebsishme n\u00eb fush\u00ebn e ekonomis\u00eb, duke njoftuar se objekti i vendosur nga Qeveria p\u00ebr rritjen e pag\u00ebs mesatare, prej 900 euro, \u00ebsht\u00eb tejkaluar. Sipas tij, paga mesatare aktuale ka arritur n\u00eb 968 euro, dhe shtoi se tavani i 1 mij\u00eb eurove \u00ebsht\u00eb [&hellip;]<\/p>\n","protected":false,"gt_translate_keys":[{"key":"rendered","format":"html"}]},"author":49,"featured_media":717268,"comment_status":"closed","ping_status":"open","sticky":false,"template":"","format":"standard","meta":{"footnotes":""},"categories":[65],"tags":[],"class_list":["post-717267","post","type-post","status-publish","format-standard","has-post-thumbnail","hentry","category-lajme"],"gt_translate_keys":[{"key":"link","format":"url"}],"_links":{"self":[{"href":"https:\/\/www.hashtag.al\/index.php\/wp-json\/wp\/v2\/posts\/717267","targetHints":{"allow":["GET"]}}],"collection":[{"href":"https:\/\/www.hashtag.al\/index.php\/wp-json\/wp\/v2\/posts"}],"about":[{"href":"https:\/\/www.hashtag.al\/index.php\/wp-json\/wp\/v2\/types\/post"}],"author":[{"embeddable":true,"href":"https:\/\/www.hashtag.al\/index.php\/wp-json\/wp\/v2\/users\/49"}],"replies":[{"embeddable":true,"href":"https:\/\/www.hashtag.al\/index.php\/wp-json\/wp\/v2\/comments?post=717267"}],"version-history":[{"count":99999,"href":"https:\/\/www.hashtag.al\/index.php\/wp-json\/wp\/v2\/posts\/717267\/revisions"}],"predecessor-version":[{"id":717269,"href":"https:\/\/www.hashtag.al\/index.php\/wp-json\/wp\/v2\/posts\/717267\/revisions\/717269"}],"wp:featuredmedia":[{"embeddable":true,"href":"https:\/\/www.hashtag.al\/index.php\/wp-json\/wp\/v2\/media\/717268"}],"wp:attachment":[{"href":"https:\/\/www.hashtag.al\/index.php\/wp-json\/wp\/v2\/media?parent=717267"}],"wp:term":[{"taxonomy":"category","embeddable":true,"href":"https:\/\/www.hashtag.al\/index.php\/wp-json\/wp\/v2\/categories?post=717267"},{"taxonomy":"post_tag","embeddable":true,"href":"https:\/\/www.hashtag.al\/index.php\/wp-json\/wp\/v2\/tags?post=717267"}],"curies":[{"name":"wp","href":"https:\/\/api.w.org\/{rel}","templated":true}]}}