{"id":717152,"date":"2024-12-29T10:40:01","date_gmt":"2024-12-29T09:40:01","guid":{"rendered":"https:\/\/www.hashtag.al\/?p=717152"},"modified":"2024-12-29T10:40:01","modified_gmt":"2024-12-29T09:40:01","slug":"kroatet-votojne-per-te-zgjedhur-presidentin-e-ri-dy-kandidate-kryesore","status":"publish","type":"post","link":"https:\/\/www.hashtag.al\/index.php\/2024\/12\/29\/kroatet-votojne-per-te-zgjedhur-presidentin-e-ri-dy-kandidate-kryesore\/","title":{"rendered":"Kroat\u00ebt votojn\u00eb p\u00ebr t\u00eb zgjedhur presidentin e ri, dy kandidat\u00eb kryesor\u00eb","gt_translate_keys":[{"key":"rendered","format":"text"}]},"content":{"rendered":"<p><span style=\"color: #000000;\"><img loading=\"lazy\" decoding=\"async\" class=\"alignnone size-medium wp-image-717153\" src=\"https:\/\/www.hashtag.al\/wp-content\/uploads\/2024\/12\/1735463672_zgjedhjetnkroaci-300x169.jpg\" alt=\"\" width=\"300\" height=\"169\" srcset=\"https:\/\/www.hashtag.al\/wp-content\/uploads\/2024\/12\/1735463672_zgjedhjetnkroaci-300x169.jpg 300w, https:\/\/www.hashtag.al\/wp-content\/uploads\/2024\/12\/1735463672_zgjedhjetnkroaci-768x433.jpg 768w, https:\/\/www.hashtag.al\/wp-content\/uploads\/2024\/12\/1735463672_zgjedhjetnkroaci.jpg 780w\" sizes=\"auto, (max-width: 300px) 100vw, 300px\" \/><\/span><\/p>\n<p><span style=\"color: #000000;\">Qendrat e votimit n\u00eb t\u00eb gjith\u00eb Kroacin\u00eb u hap\u00ebn n\u00eb or\u00ebn 06:00 p\u00ebr t\u00eb zgjedhur presidentin e ri t\u00eb vendit, n\u00eb nj\u00eb gar\u00eb ku kandidat\u00ebt nga dy partit\u00eb m\u00eb t\u00eb m\u00ebdha jan\u00eb konkurrent\u00ebt kryesor\u00eb.<\/span><\/p>\n<p><span style=\"color: #000000;\">Rreth 3.8 milion\u00eb kroat\u00eb kan\u00eb t\u00eb drejt\u00eb vote p\u00ebr t\u00eb zgjedhur nj\u00eb nga tet\u00eb kandidat\u00ebt, tre prej t\u00eb cil\u00ebve jan\u00eb gra. Presidenti aktual, Zoran Milanovic, kandidati i Partis\u00eb Socialiste Demokrate t\u00eb opozit\u00ebs, do t\u00eb kandidoj\u00eb p\u00ebr nj\u00eb mandat t\u00eb dyt\u00eb.<\/span><\/p>\n<p><span style=\"color: #000000;\">Konkurrenti i tij kryesor \u00ebsht\u00eb Dragan Primorac, nj\u00eb ish-minist\u00ebr i Shkenc\u00ebs i mb\u00ebshtetur nga Bashkimi Demokratik Kroat (HDZ), partia q\u00eb drejton qeverin\u00eb. Zgjedhjet do t\u00eb kalojn\u00eb n\u00eb nj\u00eb raund t\u00eb dyt\u00eb n\u00ebse asnj\u00eb nga kandidat\u00ebt nuk fiton shumic\u00ebn e votave.<\/span><\/p>\n<p><span style=\"color: #000000;\">Milanovic ka udh\u00ebhequr n\u00eb sondazhet para dhe pas fushat\u00ebs zgjedhore. Sondazhi m\u00eb i fundit i publikuar t\u00eb premten nga Nova TV Daily Ne\u00ebs tregoi Milanovicin n\u00eb krye me 37.2% mb\u00ebshtetje kundrejt Primoracit me 20.4% mb\u00ebshtetje.<\/span><\/p>\n<p><span style=\"color: #000000;\">Pas Milanovicit dhe Primoracit jan\u00eb dy gra \u2013 kandidatja e pavarur Marija Selak Raspudic dhe Ivana Kekin nga partia e majt\u00eb dhe e gjelb\u00ebr We Can! (Mozemo), t\u00eb cilat kan\u00eb marr\u00eb rreth 10% mb\u00ebshtetje secila n\u00eb sondazh.<\/span><\/p>\n<p><span style=\"color: #000000;\">Qendrat e votimit mbyllen n\u00eb or\u00ebn 18:00 dhe sondazhet e exit-poll pritet t\u00eb publikohen disa minuta m\u00eb von\u00eb. Rezultatet e para paraprake do t\u00eb b\u00ebhen t\u00eb ditura rreth or\u00ebs 19:00 GMT dhe rezultatet zyrtare priten n\u00eb dit\u00ebt n\u00eb vazhdim, shkruan <span style=\"color: #0000ff;\"><a style=\"color: #0000ff;\" href=\"https:\/\/www.reuters.com\/world\/europe\/croats-vote-elect-new-president-2024-12-29\/\">Reuters.<\/a><\/span><\/span><\/p>\n<p><span style=\"color: #000000;\">Roli presidencial n\u00eb Kroaci \u00ebsht\u00eb kryesisht ceremonial pasi kreu i shtetit nuk mund t\u00eb v\u00ebr\u00eb veto mbi ligjet. N\u00eb publikun kroat, Milanovi\u00e7 \u00ebsht\u00eb vendosur n\u00eb pozit\u00ebn e kritikut m\u00eb t\u00eb ashp\u00ebr t\u00eb qeveris\u00eb s\u00eb kryeministrit dhe presidentit t\u00eb HDZ-s\u00eb, Andrej Plenkovi\u00e7 n\u00eb pes\u00eb vitet e mandatit t\u00eb tij presidencial, dhe ai vazhdoi me retorik\u00ebn e tij t\u00eb ashp\u00ebr edhe gjat\u00eb k\u00ebsaj fushate.<\/span><\/p>\n<p><span style=\"color: #000000;\">K\u00ebto jan\u00eb zgjedhjet e teta presidenciale n\u00eb Kroaci q\u00eb nga pavar\u00ebsia. Presidenti zgjidhet p\u00ebr nj\u00eb mandat pes\u00ebvje\u00e7ar dhe mund t\u00eb zgjidhet maksimumi dy her\u00eb.<\/span><\/p>\n","protected":false,"gt_translate_keys":[{"key":"rendered","format":"html"}]},"excerpt":{"rendered":"<p>Qendrat e votimit n\u00eb t\u00eb gjith\u00eb Kroacin\u00eb u hap\u00ebn n\u00eb or\u00ebn 06:00 p\u00ebr t\u00eb zgjedhur presidentin e ri t\u00eb vendit, n\u00eb nj\u00eb gar\u00eb ku kandidat\u00ebt nga dy partit\u00eb m\u00eb t\u00eb m\u00ebdha jan\u00eb konkurrent\u00ebt kryesor\u00eb. Rreth 3.8 milion\u00eb kroat\u00eb kan\u00eb t\u00eb drejt\u00eb vote p\u00ebr t\u00eb zgjedhur nj\u00eb nga tet\u00eb kandidat\u00ebt, tre prej t\u00eb cil\u00ebve jan\u00eb gra. [&hellip;]<\/p>\n","protected":false,"gt_translate_keys":[{"key":"rendered","format":"html"}]},"author":32,"featured_media":717153,"comment_status":"closed","ping_status":"open","sticky":false,"template":"","format":"standard","meta":{"footnotes":""},"categories":[6],"tags":[],"class_list":["post-717152","post","type-post","status-publish","format-standard","has-post-thumbnail","hentry","category-nderkombetare"],"gt_translate_keys":[{"key":"link","format":"url"}],"_links":{"self":[{"href":"https:\/\/www.hashtag.al\/index.php\/wp-json\/wp\/v2\/posts\/717152","targetHints":{"allow":["GET"]}}],"collection":[{"href":"https:\/\/www.hashtag.al\/index.php\/wp-json\/wp\/v2\/posts"}],"about":[{"href":"https:\/\/www.hashtag.al\/index.php\/wp-json\/wp\/v2\/types\/post"}],"author":[{"embeddable":true,"href":"https:\/\/www.hashtag.al\/index.php\/wp-json\/wp\/v2\/users\/32"}],"replies":[{"embeddable":true,"href":"https:\/\/www.hashtag.al\/index.php\/wp-json\/wp\/v2\/comments?post=717152"}],"version-history":[{"count":99999,"href":"https:\/\/www.hashtag.al\/index.php\/wp-json\/wp\/v2\/posts\/717152\/revisions"}],"predecessor-version":[{"id":717155,"href":"https:\/\/www.hashtag.al\/index.php\/wp-json\/wp\/v2\/posts\/717152\/revisions\/717155"}],"wp:featuredmedia":[{"embeddable":true,"href":"https:\/\/www.hashtag.al\/index.php\/wp-json\/wp\/v2\/media\/717153"}],"wp:attachment":[{"href":"https:\/\/www.hashtag.al\/index.php\/wp-json\/wp\/v2\/media?parent=717152"}],"wp:term":[{"taxonomy":"category","embeddable":true,"href":"https:\/\/www.hashtag.al\/index.php\/wp-json\/wp\/v2\/categories?post=717152"},{"taxonomy":"post_tag","embeddable":true,"href":"https:\/\/www.hashtag.al\/index.php\/wp-json\/wp\/v2\/tags?post=717152"}],"curies":[{"name":"wp","href":"https:\/\/api.w.org\/{rel}","templated":true}]}}