{"id":717081,"date":"2024-12-28T16:22:30","date_gmt":"2024-12-28T15:22:30","guid":{"rendered":"https:\/\/www.hashtag.al\/?p=717081"},"modified":"2024-12-28T16:22:58","modified_gmt":"2024-12-28T15:22:58","slug":"ylli-manjani-turma-do-koken-e-veliajt-por-veprimet-e-spak-jane-alarmante","status":"publish","type":"post","link":"https:\/\/www.hashtag.al\/index.php\/2024\/12\/28\/ylli-manjani-turma-do-koken-e-veliajt-por-veprimet-e-spak-jane-alarmante\/","title":{"rendered":"Ylli Manjani: Turma do kok\u00ebn e Veliajt, por veprimet e SPAK-ut jan\u00eb alarmante","gt_translate_keys":[{"key":"rendered","format":"text"}]},"content":{"rendered":"<p><span style=\"color: #000000;\"><img loading=\"lazy\" decoding=\"async\" class=\"alignnone size-medium wp-image-717082\" src=\"https:\/\/www.hashtag.al\/wp-content\/uploads\/2024\/12\/WhatsApp-Image-2024-12-28-at-15.58.21_ea1310f3-300x225.jpg\" alt=\"\" width=\"300\" height=\"225\" srcset=\"https:\/\/www.hashtag.al\/wp-content\/uploads\/2024\/12\/WhatsApp-Image-2024-12-28-at-15.58.21_ea1310f3-300x225.jpg 300w, https:\/\/www.hashtag.al\/wp-content\/uploads\/2024\/12\/WhatsApp-Image-2024-12-28-at-15.58.21_ea1310f3.jpg 640w\" sizes=\"auto, (max-width: 300px) 100vw, 300px\" \/><\/span><\/p>\n<p><span style=\"color: #000000;\">Avokati Ylli Manjani ka reaguar n\u00eb lidhje me hetimin q\u00eb SPAK-u ka hapur ndaj kryetarit t\u00eb Bashkis\u00eb s\u00eb Tiran\u00ebs, Erion Veliajt dhe procesit hetimor q\u00eb po zbatohet p\u00ebr k\u00ebt\u00eb rast.<\/span><\/p>\n<p><span style=\"color: #000000;\">Manjani pohon se gjetjet e avokat\u00ebve t\u00eb Veliajt tregojn\u00eb p\u00ebr abuzim me ushtrimin e ndjekjes penale dhe jo me nj\u00eb pro\u00e7es t\u00eb rregullt ligjor.<\/span><\/p>\n<p><span style=\"color: #000000;\">Ai ngre shqet\u00ebsimin se \u201cDrejt\u00ebsia e re\u201d ka koh\u00eb q\u00eb b\u00ebn nj\u00eb sjellje abuzive rutin\u00eb n\u00eb proceset hetimore, gj\u00eb t\u00eb cil\u00ebn ai e ka denoncuar shpesh her\u00eb.<\/span><\/p>\n<p><span style=\"color: #000000;\">Sipas tij, n\u00ebse injorohen procedurat dhe pro\u00e7esi, qoft\u00eb dhe me iden\u00eb se &#8220;mir\u00eb po ja b\u00ebjn\u00eb&#8221; atij q\u00eb kemi inat, at\u00ebher\u00eb kjo mund t\u2019i ndodh\u00eb \u00e7do qytetari.<\/span><\/p>\n<p><span style=\"color: #000000;\">\u201c<em>Personalisht nuk m\u00eb \u00e7udisin. Kam koh\u00eb q\u00eb denoncoj nj\u00eb sjellje abuzive rutin\u00eb tashm\u00eb t\u00eb asaj q\u00eb quhet drejt\u00ebsi e re. Por si avokat dhe si qytetar i informuar, ftoj cilindo q\u00eb t\u00eb ket\u00eb vemendjen qytetare pik\u00ebrisht tek garancin\u00eb e dhunuara, m\u00eb shum\u00eb sesa tek turithyerja politike e publike q\u00eb i b\u00ebhet personit Erion Veliaj. \u201c \u2013 <\/em>shprehet Manjani.<\/span><\/p>\n<p>&nbsp;<\/p>\n<p><span style=\"color: #000000;\">Statusi:<\/span><\/p>\n<p><span style=\"color: #000000;\"><em>E kuptoj q\u00eb llogjika kolektive sot nuk k\u00ebrkon proces t\u00eb rregullt. As procedur\u00eb. <\/em><\/span><\/p>\n<p><span style=\"color: #000000;\"><em>Por n\u00eb fakt shqet\u00ebsimi real i publikut duhet t\u00eb jen\u00eb procesi dhe procedurat. Ato jan\u00eb GARANCIA e vetme q\u00eb mbrojn\u00eb cilindo nga abuzimi. <\/em><\/span><\/p>\n<p><span style=\"color: #000000;\"><em>N\u00ebse injorohen procedurat dhe pro\u00e7esi, qoft\u00eb dhe me iden\u00eb se &#8220;mir\u00eb po ja b\u00ebjn\u00eb&#8221; atij q\u00eb kemi inat, duhet t\u00eb mos \u00e7uditemo aspak kur kjo ti ndodh\u00eb secilit prej nesh. <\/em><\/span><\/p>\n<p><span style=\"color: #000000;\"><em>Un\u00eb them q\u00eb as hasmit nuk duhet ti ndodh\u00eb abuzimi me pro\u00e7esin. <\/em><\/span><\/p>\n<p><span style=\"color: #000000;\"><em>Gjetjet e mbrojt\u00ebsve ligjor\u00eb t\u00eb Erion Veliaj, t\u00eb cilat i lexova n\u00eb mediat elektronike, jan\u00eb alarmante dhe tep\u00ebr shqet\u00ebsuese. <\/em><\/span><\/p>\n<p><span style=\"color: #000000;\"><em>Personalisht nuk m\u00eb \u00e7udisin. Kam koh\u00eb q\u00eb denoncoj nj\u00eb sjellje abuzive rutin\u00eb tashm\u00eb t\u00eb asaj q\u00eb quhet drejt\u00ebsi e re. Por si avokat dhe si qytetar i informuar, ftoj cilindo q\u00eb t\u00eb ket\u00eb vemendjen qytetare pik\u00ebrisht tek garancin\u00eb e dhunuara, m\u00eb shum\u00eb sesa tek turithyerja politike e publike q\u00eb i b\u00ebhet personit Erion Veliaj. <\/em><\/span><\/p>\n<p><span style=\"color: #000000;\"><em>Gjetjet e avokat\u00ebve tregojn\u00eb p\u00ebr abuzim me ushtrimin e ndjekjes penale dhe jo me nj\u00eb pro\u00e7es t\u00eb rregullt ligjor. <\/em><\/span><\/p>\n<p><span style=\"color: #000000;\"><em>Nisje hetimesh pa dyshim t\u00eb arsyesh\u00ebm; hetime t\u00eb mbajtura t\u00eb fshehta dhe me anonimat\u00eb;kontrolle dhe sekuestro abuzive; intimidim personash t\u00eb pyetur; dalje t\u00eb dh\u00ebnash n\u00eb media. etj&#8230;<\/em><\/span><\/p>\n<p><span style=\"color: #000000;\"><em>Kaq. <\/em><\/span><\/p>\n<p><span style=\"color: #000000;\"><em>****<\/em><\/span><\/p>\n<p><span style=\"color: #000000;\"><em>N\u00ebse kjo m\u00eb llogaritet si &#8220;mbrojtje&#8221; p\u00ebr Erion Velin\u00eb, aq m\u00eb b\u00ebn. Por lexoni \u00e7&#8217;thon\u00eb mbrojt\u00ebsit n\u00eb k\u00ebt\u00eb pro\u00e7es sepse jan\u00eb shqet\u00ebsimi yt gjithashtu!<\/em><\/span><\/p>\n","protected":false,"gt_translate_keys":[{"key":"rendered","format":"html"}]},"excerpt":{"rendered":"<p>Avokati Ylli Manjani ka reaguar n\u00eb lidhje me hetimin q\u00eb SPAK-u ka hapur ndaj kryetarit t\u00eb Bashkis\u00eb s\u00eb Tiran\u00ebs, Erion Veliajt dhe procesit hetimor q\u00eb po zbatohet p\u00ebr k\u00ebt\u00eb rast. Manjani pohon se gjetjet e avokat\u00ebve t\u00eb Veliajt tregojn\u00eb p\u00ebr abuzim me ushtrimin e ndjekjes penale dhe jo me nj\u00eb pro\u00e7es t\u00eb rregullt ligjor. Ai [&hellip;]<\/p>\n","protected":false,"gt_translate_keys":[{"key":"rendered","format":"html"}]},"author":32,"featured_media":717082,"comment_status":"closed","ping_status":"open","sticky":false,"template":"","format":"standard","meta":{"footnotes":""},"categories":[22],"tags":[],"class_list":["post-717081","post","type-post","status-publish","format-standard","has-post-thumbnail","hentry","category-ballina"],"gt_translate_keys":[{"key":"link","format":"url"}],"_links":{"self":[{"href":"https:\/\/www.hashtag.al\/index.php\/wp-json\/wp\/v2\/posts\/717081","targetHints":{"allow":["GET"]}}],"collection":[{"href":"https:\/\/www.hashtag.al\/index.php\/wp-json\/wp\/v2\/posts"}],"about":[{"href":"https:\/\/www.hashtag.al\/index.php\/wp-json\/wp\/v2\/types\/post"}],"author":[{"embeddable":true,"href":"https:\/\/www.hashtag.al\/index.php\/wp-json\/wp\/v2\/users\/32"}],"replies":[{"embeddable":true,"href":"https:\/\/www.hashtag.al\/index.php\/wp-json\/wp\/v2\/comments?post=717081"}],"version-history":[{"count":99999,"href":"https:\/\/www.hashtag.al\/index.php\/wp-json\/wp\/v2\/posts\/717081\/revisions"}],"predecessor-version":[{"id":717084,"href":"https:\/\/www.hashtag.al\/index.php\/wp-json\/wp\/v2\/posts\/717081\/revisions\/717084"}],"wp:featuredmedia":[{"embeddable":true,"href":"https:\/\/www.hashtag.al\/index.php\/wp-json\/wp\/v2\/media\/717082"}],"wp:attachment":[{"href":"https:\/\/www.hashtag.al\/index.php\/wp-json\/wp\/v2\/media?parent=717081"}],"wp:term":[{"taxonomy":"category","embeddable":true,"href":"https:\/\/www.hashtag.al\/index.php\/wp-json\/wp\/v2\/categories?post=717081"},{"taxonomy":"post_tag","embeddable":true,"href":"https:\/\/www.hashtag.al\/index.php\/wp-json\/wp\/v2\/tags?post=717081"}],"curies":[{"name":"wp","href":"https:\/\/api.w.org\/{rel}","templated":true}]}}