{"id":716845,"date":"2024-12-26T23:10:41","date_gmt":"2024-12-26T22:10:41","guid":{"rendered":"https:\/\/www.hashtag.al\/?p=716845"},"modified":"2024-12-26T23:10:41","modified_gmt":"2024-12-26T22:10:41","slug":"boci-i-bindur-me-11-maj-2025-do-bejme-ate-qe-duket-e-pamundur-fitojme-zgjedhjet","status":"publish","type":"post","link":"https:\/\/www.hashtag.al\/index.php\/2024\/12\/26\/boci-i-bindur-me-11-maj-2025-do-bejme-ate-qe-duket-e-pamundur-fitojme-zgjedhjet\/","title":{"rendered":"Bo\u00e7i i bindur: M\u00eb 11 maj 2025 do b\u00ebjm\u00eb at\u00eb q\u00eb duket e pamundur, fitojm\u00eb zgjedhjet","gt_translate_keys":[{"key":"rendered","format":"text"}]},"content":{"rendered":"<p>&nbsp;<\/p>\n<p><img loading=\"lazy\" decoding=\"async\" class=\"aligncenter size-full wp-image-716847\" src=\"https:\/\/www.hashtag.al\/wp-content\/uploads\/2024\/12\/image-14.jpg\" alt=\"\" width=\"600\" height=\"330\" srcset=\"https:\/\/www.hashtag.al\/wp-content\/uploads\/2024\/12\/image-14.jpg 600w, https:\/\/www.hashtag.al\/wp-content\/uploads\/2024\/12\/image-14-300x165.jpg 300w\" sizes=\"auto, (max-width: 600px) 100vw, 600px\" \/><\/p>\n<p><span style=\"color: #000000;\">N\u00ebnkryetari i PD-s\u00eb Lu\u00e7iano Bo\u00e7i deklaroi mbr\u00ebmjen e sotme se n\u00eb zgjedhjet e 11 majit 20253 do arrihet e pamundura, fitorja e zgjedhjeve.<\/span><\/p>\n<p><span style=\"color: #000000;\"> Ai tha se viti 2024 \u00ebsht\u00eb i PD-s\u00eb dhe kreut t\u00eb saj Berisha duke p\u00ebrmendur fitoren n\u00eb gjykat\u00eb p\u00ebr vul\u00ebn dhe simbolet e PD-s\u00eb si dhe heqjen e mas\u00ebs s\u00eb arrestit n\u00eb sht\u00ebpi p\u00ebr kreun e partis\u00eb. <\/span><\/p>\n<p><span style=\"color: #000000;\">I ftuar n\u00eb emisionin \u201cOpen\u201d t\u00eb gazetares Eni Vasili, Bo\u00e7i hodhi posht\u00eb pretendimet se \u00ebr marrjen e vul\u00ebs s\u00eb PD-s\u00eb ka pasur nj\u00eb pakt Berisha-Rama.<\/span><\/p>\n<p><span style=\"color: #000000;\"><em>\u201cKush e ka pranuar k\u00ebt\u00eb skenarin q\u00eb paska pasur pakt me Edi Ram\u00ebn p\u00ebr vul\u00ebn. N\u00eb marrjen e vul\u00ebs ka pasur nj\u00eb njeri q\u00eb besonte deri n\u00eb fund, q\u00eb ishte Sali Berisha. E pamundura do t\u00eb b\u00ebhet e mundur, fryma \u00ebsht\u00eb n\u00eb rritje. N\u00eb 2025-\u00ebn do b\u00ebhet e mundur ajo q\u00eb konsiderohet e pamundur, fitorja e zgjedhjeve\u201d<\/em>, tha Bo\u00e7i n\u00eb News24.<\/span><\/p>\n","protected":false,"gt_translate_keys":[{"key":"rendered","format":"html"}]},"excerpt":{"rendered":"<p>&nbsp; N\u00ebnkryetari i PD-s\u00eb Lu\u00e7iano Bo\u00e7i deklaroi mbr\u00ebmjen e sotme se n\u00eb zgjedhjet e 11 majit 20253 do arrihet e pamundura, fitorja e zgjedhjeve. Ai tha se viti 2024 \u00ebsht\u00eb i PD-s\u00eb dhe kreut t\u00eb saj Berisha duke p\u00ebrmendur fitoren n\u00eb gjykat\u00eb p\u00ebr vul\u00ebn dhe simbolet e PD-s\u00eb si dhe heqjen e mas\u00ebs s\u00eb arrestit [&hellip;]<\/p>\n","protected":false,"gt_translate_keys":[{"key":"rendered","format":"html"}]},"author":51,"featured_media":716847,"comment_status":"closed","ping_status":"open","sticky":false,"template":"","format":"standard","meta":{"footnotes":""},"categories":[65],"tags":[],"class_list":["post-716845","post","type-post","status-publish","format-standard","has-post-thumbnail","hentry","category-lajme"],"gt_translate_keys":[{"key":"link","format":"url"}],"_links":{"self":[{"href":"https:\/\/www.hashtag.al\/index.php\/wp-json\/wp\/v2\/posts\/716845","targetHints":{"allow":["GET"]}}],"collection":[{"href":"https:\/\/www.hashtag.al\/index.php\/wp-json\/wp\/v2\/posts"}],"about":[{"href":"https:\/\/www.hashtag.al\/index.php\/wp-json\/wp\/v2\/types\/post"}],"author":[{"embeddable":true,"href":"https:\/\/www.hashtag.al\/index.php\/wp-json\/wp\/v2\/users\/51"}],"replies":[{"embeddable":true,"href":"https:\/\/www.hashtag.al\/index.php\/wp-json\/wp\/v2\/comments?post=716845"}],"version-history":[{"count":99999,"href":"https:\/\/www.hashtag.al\/index.php\/wp-json\/wp\/v2\/posts\/716845\/revisions"}],"predecessor-version":[{"id":716848,"href":"https:\/\/www.hashtag.al\/index.php\/wp-json\/wp\/v2\/posts\/716845\/revisions\/716848"}],"wp:featuredmedia":[{"embeddable":true,"href":"https:\/\/www.hashtag.al\/index.php\/wp-json\/wp\/v2\/media\/716847"}],"wp:attachment":[{"href":"https:\/\/www.hashtag.al\/index.php\/wp-json\/wp\/v2\/media?parent=716845"}],"wp:term":[{"taxonomy":"category","embeddable":true,"href":"https:\/\/www.hashtag.al\/index.php\/wp-json\/wp\/v2\/categories?post=716845"},{"taxonomy":"post_tag","embeddable":true,"href":"https:\/\/www.hashtag.al\/index.php\/wp-json\/wp\/v2\/tags?post=716845"}],"curies":[{"name":"wp","href":"https:\/\/api.w.org\/{rel}","templated":true}]}}