{"id":716555,"date":"2024-12-24T23:27:30","date_gmt":"2024-12-24T22:27:30","guid":{"rendered":"https:\/\/www.hashtag.al\/?p=716555"},"modified":"2024-12-24T23:31:09","modified_gmt":"2024-12-24T22:31:09","slug":"dorehiqet-ambasadori-shqiptar-ne-zvicer-mustafa-nano","status":"publish","type":"post","link":"https:\/\/www.hashtag.al\/index.php\/2024\/12\/24\/dorehiqet-ambasadori-shqiptar-ne-zvicer-mustafa-nano\/","title":{"rendered":"Dor\u00ebhiqet ambasadori shqiptar n\u00eb Zvic\u00ebr, Mustafa Nano","gt_translate_keys":[{"key":"rendered","format":"text"}]},"content":{"rendered":"<p><span style=\"color: #000000;\"><img loading=\"lazy\" decoding=\"async\" class=\"aligncenter size-full wp-image-716556\" src=\"https:\/\/www.hashtag.al\/wp-content\/uploads\/2024\/12\/nanonn.png\" alt=\"\" width=\"556\" height=\"453\" \/><\/span><\/p>\n<p><span style=\"color: #000000;\">Ambasadori shqiptar n\u00eb Zvic\u00ebr Mustafa Nano \u00ebsht\u00eb dor\u00ebhequr nga pozicioni q\u00eb mbante prej korrikut t\u00eb vitit 2023. Lajmi \u00ebsht\u00eb konfirmuar nga vet\u00eb Nano n\u00eb nj\u00eb deklarat\u00eb p\u00ebr median <span style=\"color: #0000ff;\"><a style=\"color: #0000ff;\" href=\"https:\/\/lecanton27.ch\/editorial\/zvicra-mbetet-pa-ambasador-shqiptare-mustafa-nano-ka-dhene-doreheqje\/\">LeCanton27.ch<\/a>.<\/span><\/span><\/p>\n<p><span style=\"color: #000000;\">N\u00eb reagimin e tij, ai ka fal\u00ebnderuar komunitetin shqiptar n\u00eb Zvic\u00ebr nd\u00ebrsa \u00ebsht\u00eb shprehur se arsyeja e dor\u00ebheqjes ishte personale.<\/span><\/p>\n<p><span style=\"color: #000000;\">Nano u em\u00ebrua n\u00eb k\u00ebt\u00eb post n\u00eb korrik t\u00eb vitit t\u00eb kaluar, ku asokohe z\u00ebv\u00ebnd\u00ebsoi Ilir Gjonin, i cili ishte em\u00ebruar nga ish-presidenti Bujar Nishani n\u00eb vitin 2023.<\/span><\/p>\n","protected":false,"gt_translate_keys":[{"key":"rendered","format":"html"}]},"excerpt":{"rendered":"<p>Ambasadori shqiptar n\u00eb Zvic\u00ebr Mustafa Nano \u00ebsht\u00eb dor\u00ebhequr nga pozicioni q\u00eb mbante prej korrikut t\u00eb vitit 2023. Lajmi \u00ebsht\u00eb konfirmuar nga vet\u00eb Nano n\u00eb nj\u00eb deklarat\u00eb p\u00ebr median LeCanton27.ch. N\u00eb reagimin e tij, ai ka fal\u00ebnderuar komunitetin shqiptar n\u00eb Zvic\u00ebr nd\u00ebrsa \u00ebsht\u00eb shprehur se arsyeja e dor\u00ebheqjes ishte personale. Nano u em\u00ebrua n\u00eb k\u00ebt\u00eb post [&hellip;]<\/p>\n","protected":false,"gt_translate_keys":[{"key":"rendered","format":"html"}]},"author":51,"featured_media":716556,"comment_status":"closed","ping_status":"open","sticky":false,"template":"","format":"standard","meta":{"footnotes":""},"categories":[65],"tags":[],"class_list":["post-716555","post","type-post","status-publish","format-standard","has-post-thumbnail","hentry","category-lajme"],"gt_translate_keys":[{"key":"link","format":"url"}],"_links":{"self":[{"href":"https:\/\/www.hashtag.al\/index.php\/wp-json\/wp\/v2\/posts\/716555","targetHints":{"allow":["GET"]}}],"collection":[{"href":"https:\/\/www.hashtag.al\/index.php\/wp-json\/wp\/v2\/posts"}],"about":[{"href":"https:\/\/www.hashtag.al\/index.php\/wp-json\/wp\/v2\/types\/post"}],"author":[{"embeddable":true,"href":"https:\/\/www.hashtag.al\/index.php\/wp-json\/wp\/v2\/users\/51"}],"replies":[{"embeddable":true,"href":"https:\/\/www.hashtag.al\/index.php\/wp-json\/wp\/v2\/comments?post=716555"}],"version-history":[{"count":99999,"href":"https:\/\/www.hashtag.al\/index.php\/wp-json\/wp\/v2\/posts\/716555\/revisions"}],"predecessor-version":[{"id":716559,"href":"https:\/\/www.hashtag.al\/index.php\/wp-json\/wp\/v2\/posts\/716555\/revisions\/716559"}],"wp:featuredmedia":[{"embeddable":true,"href":"https:\/\/www.hashtag.al\/index.php\/wp-json\/wp\/v2\/media\/716556"}],"wp:attachment":[{"href":"https:\/\/www.hashtag.al\/index.php\/wp-json\/wp\/v2\/media?parent=716555"}],"wp:term":[{"taxonomy":"category","embeddable":true,"href":"https:\/\/www.hashtag.al\/index.php\/wp-json\/wp\/v2\/categories?post=716555"},{"taxonomy":"post_tag","embeddable":true,"href":"https:\/\/www.hashtag.al\/index.php\/wp-json\/wp\/v2\/tags?post=716555"}],"curies":[{"name":"wp","href":"https:\/\/api.w.org\/{rel}","templated":true}]}}