{"id":716422,"date":"2024-12-24T11:05:41","date_gmt":"2024-12-24T10:05:41","guid":{"rendered":"https:\/\/www.hashtag.al\/?p=716422"},"modified":"2024-12-24T11:06:42","modified_gmt":"2024-12-24T10:06:42","slug":"humbi-ndjenjat-gjate-protestes-gjekmarkaj-efektivet-me-shtyne-me-force","status":"publish","type":"post","link":"https:\/\/www.hashtag.al\/index.php\/2024\/12\/24\/humbi-ndjenjat-gjate-protestes-gjekmarkaj-efektivet-me-shtyne-me-force\/","title":{"rendered":"Humbi ndjenjat gjat\u00eb protest\u00ebs, Gjekmarkaj: Efektiv\u00ebt m\u00eb shtyn\u00eb me forc\u00eb, deklarata e policis\u00eb, dezinformuese","gt_translate_keys":[{"key":"rendered","format":"text"}]},"content":{"rendered":"<p style=\"text-align: left;\"><span style=\"color: #000000;\"><img loading=\"lazy\" decoding=\"async\" class=\"aligncenter size-full wp-image-716395\" src=\"https:\/\/www.hashtag.al\/wp-content\/uploads\/2024\/12\/gjekmarkaj.jpg\" alt=\"\" width=\"838\" height=\"617\" srcset=\"https:\/\/www.hashtag.al\/wp-content\/uploads\/2024\/12\/gjekmarkaj.jpg 838w, https:\/\/www.hashtag.al\/wp-content\/uploads\/2024\/12\/gjekmarkaj-300x221.jpg 300w, https:\/\/www.hashtag.al\/wp-content\/uploads\/2024\/12\/gjekmarkaj-768x565.jpg 768w\" sizes=\"auto, (max-width: 838px) 100vw, 838px\" \/><\/span><\/p>\n<p><span style=\"color: #000000;\">Agron Gjekmarkaj, deputeti dhe n\u00ebnkryetari i Partis\u00eb Demokratike ka reaguar pas ngjarjes s\u00eb djeshme gjat\u00eb protest\u00ebs, ku u p\u00ebrball me policin\u00eb. <\/span><\/p>\n<p><span style=\"color: #000000;\">Ai thekson se nuk ka k\u00ebrkuar asnj\u00ebher\u00eb viktimizim dhe se nuk \u00ebsht\u00eb angazhuar n\u00eb asnj\u00eb veprim fizik ndaj autoriteteve. <\/span><\/p>\n<p><span style=\"color: #000000;\">Gjekmarkaj shpjegoi se ai ishte mbrojtur pasi u rrethua nga nj\u00eb grup i madh polic\u00ebsh, ndon\u00ebse iu b\u00eb e qart\u00eb se ishte nj\u00eb deputet dhe pedagog universitar.<\/span><\/p>\n<p><span style=\"color: #000000;\">N\u00eb deklarat\u00ebn e tij, Gjekmarkaj theksoi se ishte shtyr\u00eb brutalisht nga policia, duke theksuar se kjo kishte shkaktuar pasoja sh\u00ebndet\u00ebsore, p\u00ebrfshir\u00eb humbje ndjenjash. <\/span><\/p>\n<p><span style=\"color: #000000;\">Ai shprehu gjithashtu shqet\u00ebsimin p\u00ebr sjelljen e disa oficer\u00ebve t\u00eb policis\u00eb, duke i krahasuar me metodat e p\u00ebrdorura gjat\u00eb periudh\u00ebs komuniste, kur deputet\u00ebt e opozit\u00ebs arrestoheshin. <\/span><\/p>\n<p><span style=\"color: #000000;\">Gjekmarkaj beson se policia nuk mund t\u00eb kishte vepruar n\u00eb k\u00ebt\u00eb m\u00ebnyr\u00eb pa urdh\u00ebr politik.<\/span><\/p>\n<p style=\"text-align: left;\"><span style=\"color: #000000;\"><strong>Deklarata:<\/strong><\/span><\/p>\n<p style=\"text-align: left;\"><span style=\"color: #000000;\">Nuk do t\u00eb kisha reaguar persa ndodhi dje me mua n\u00eb proteste n\u00ebse policia e shtetit nuk do me fyente se dyti me deklaraten e vet publike e dizinformuese!<\/span><\/p>\n<p style=\"text-align: left;\"><span style=\"color: #000000;\">Nuk e pelqej as e kerkoj viktimizimin! Madje kurr\u00eb n\u00eb jeten time nuk kam kerkuar as\u00a0 nxitur ballafaqime fizike! Nuk kam sulmuar asnjeher\u00eb ask\u00ebnd! Dje thjesht jam mbrojtur. <\/span><\/p>\n<p style=\"text-align: left;\"><span style=\"color: #000000;\">I gjindur para nj\u00eb makine t\u00eb vogel bashk\u00eb me shoqeruesin\u00a0 tim , punonjes i\u00a0 gardes, i cili u keqtrajtua gjithashtu ndonese u tregoi edhe\u00a0 dokumentin identifikues, u rrethova nga nj\u00eb grup i madh policesh ! Ju thashe mos me prekni , jam Agron Gjekmarkaj, Nen Kryetari i Kuvendit t\u00eb Republikes , deputet, pedagog\u00a0 Universiteti\u00a0 me butesi gati me humor\u00a0 , nuk shquhem per force fizike nuk b\u00ebj palester, ndaj b\u00ebni kujdes! Me shtyn\u00eb brutalisht , me shume forc\u00eb, thyen\u00a0 e edhe pasqyren e vetures duke me ngritur gati n\u00eb ajer mua ! <\/span><\/p>\n<p style=\"text-align: left;\"><span style=\"color: #000000;\">Me terhoqi shoqeruesi\u00a0 me shum\u00eb mundim\u00a0 dhe nj\u00eb\u00a0 djale nga Lezha permes policeve teksa ndieja frymarrjen qe po me ngadalesohej! <\/span><\/p>\n<p style=\"text-align: left;\"><span style=\"color: #000000;\">Sapo dola nga turma e policeve duke me terhequr te tjeret\u00a0 humba ndjenjat! Nuk u ndieva keq se kisha probleme me shendetin por si pasoje e veprimeve t\u00eb policis\u00eb! <\/span><\/p>\n<p style=\"text-align: left;\"><span style=\"color: #000000;\">Nuk u largova nga protesta se desha t\u00eb largohem, por me detyruan, nuk u largova p\u00ebr t\u00eb shkuar n\u00eb kafe apo shtepi por n\u00eb spital!<\/span><\/p>\n<p style=\"text-align: left;\"><span style=\"color: #000000;\">Me ka mbetur n\u00eb kujtes\u00eb egersia n\u00eb shikim e dy tre oficerve t\u00eb policis\u00eb, zelli i tyre si dikur motit kur arrestoheshin deputet e opozites n\u00eb 1946 , u dukej e padrejte q\u00eb dikush guxon t\u00eb protestoj\u00eb kunder pushtetit t\u00eb tyr\u00eb se ata e shohin pushtetin si gj\u00ebn\u00eb e tyre, pse jo edhe si instrument\u00a0 dhune! Gjithsesi ata nuk mund t\u00eb shtynin nj\u00eb deputet n\u00eb at\u00eb menyr\u00eb pa nj\u00eb urdher politik!<\/span><\/p>\n<p style=\"text-align: left;\"><span style=\"color: #000000;\">Perfitoj nga ky rast i trisht\u00eb t\u00eb falenderoj t\u00eb\u00a0 gjith\u00eb ata q\u00eb mu gjinden pran\u00eb , protestuesit , demokratet e qytetaret e Lezhes, drejtuesit dhe deputetet e PD , mjeket e spitalit ushtarak dhe\u00a0 ata t\u00eb QSUT p\u00ebr ekzaminimet dhe sherbimin, falenderoj qendra miq e t\u00eb njohur nga vendi e Bota per at\u00eb lum mesazhesh\u00a0 q\u00eb kam marr\u00eb prej tyre \u00ebnde n\u00eb pamundesi p\u00ebr tu kthyer pergjigje individualisht!<\/span><\/p>\n<p style=\"text-align: left;\"><span style=\"color: #000000;\">Shpreh keqaerdhje t\u00eb thell\u00eb p\u00ebr t\u00eb gjith\u00eb t\u00eb lenduarit e t\u00eb ndaluarit t\u00eb cilet perpiqen per nj\u00eb Shqiperi m\u00eb t\u00eb mir\u00eb q\u00eb nuk e moren vemendjen q\u00eb mora un\u00eb! Ne nuk kemi frik\u00eb!<\/span><\/p>\n<p style=\"text-align: left;\"><span style=\"color: #000000;\">Sot jemi n\u00eb vigjilje t\u00eb Krishtlindjeve ! Qofshin ato t\u00eb bardha per\u00a0 ju dhe t\u00eb gjith\u00eb shqiptaret! T\u00eb tjerat do t\u00eb jen\u00eb m\u00eb t\u00eb mira!<\/span><\/p>\n<p style=\"text-align: left;\"><span style=\"color: #000000;\">Agron Gjekmarkaj<\/span><\/p>\n<p style=\"text-align: left;\"><span style=\"color: #000000;\">Nen Kryetar i Kuvendit t\u00eb Republikes<\/span><\/p>\n<p style=\"text-align: left;\"><span style=\"color: #000000;\">N\u00ebn Kryetar i Partis\u00eb Demokratike t\u00eb Shqip\u00ebris\u00eb!<\/span><\/p>\n","protected":false,"gt_translate_keys":[{"key":"rendered","format":"html"}]},"excerpt":{"rendered":"<p>Agron Gjekmarkaj, deputeti dhe n\u00ebnkryetari i Partis\u00eb Demokratike ka reaguar pas ngjarjes s\u00eb djeshme gjat\u00eb protest\u00ebs, ku u p\u00ebrball me policin\u00eb. Ai thekson se nuk ka k\u00ebrkuar asnj\u00ebher\u00eb viktimizim dhe se nuk \u00ebsht\u00eb angazhuar n\u00eb asnj\u00eb veprim fizik ndaj autoriteteve. Gjekmarkaj shpjegoi se ai ishte mbrojtur pasi u rrethua nga nj\u00eb grup i madh polic\u00ebsh, [&hellip;]<\/p>\n","protected":false,"gt_translate_keys":[{"key":"rendered","format":"html"}]},"author":49,"featured_media":0,"comment_status":"closed","ping_status":"open","sticky":false,"template":"","format":"standard","meta":{"footnotes":""},"categories":[65],"tags":[],"class_list":["post-716422","post","type-post","status-publish","format-standard","hentry","category-lajme"],"gt_translate_keys":[{"key":"link","format":"url"}],"_links":{"self":[{"href":"https:\/\/www.hashtag.al\/index.php\/wp-json\/wp\/v2\/posts\/716422","targetHints":{"allow":["GET"]}}],"collection":[{"href":"https:\/\/www.hashtag.al\/index.php\/wp-json\/wp\/v2\/posts"}],"about":[{"href":"https:\/\/www.hashtag.al\/index.php\/wp-json\/wp\/v2\/types\/post"}],"author":[{"embeddable":true,"href":"https:\/\/www.hashtag.al\/index.php\/wp-json\/wp\/v2\/users\/49"}],"replies":[{"embeddable":true,"href":"https:\/\/www.hashtag.al\/index.php\/wp-json\/wp\/v2\/comments?post=716422"}],"version-history":[{"count":99999,"href":"https:\/\/www.hashtag.al\/index.php\/wp-json\/wp\/v2\/posts\/716422\/revisions"}],"predecessor-version":[{"id":716425,"href":"https:\/\/www.hashtag.al\/index.php\/wp-json\/wp\/v2\/posts\/716422\/revisions\/716425"}],"wp:attachment":[{"href":"https:\/\/www.hashtag.al\/index.php\/wp-json\/wp\/v2\/media?parent=716422"}],"wp:term":[{"taxonomy":"category","embeddable":true,"href":"https:\/\/www.hashtag.al\/index.php\/wp-json\/wp\/v2\/categories?post=716422"},{"taxonomy":"post_tag","embeddable":true,"href":"https:\/\/www.hashtag.al\/index.php\/wp-json\/wp\/v2\/tags?post=716422"}],"curies":[{"name":"wp","href":"https:\/\/api.w.org\/{rel}","templated":true}]}}