{"id":716370,"date":"2024-12-23T21:28:49","date_gmt":"2024-12-23T20:28:49","guid":{"rendered":"https:\/\/www.hashtag.al\/?p=716370"},"modified":"2024-12-23T21:35:24","modified_gmt":"2024-12-23T20:35:24","slug":"deputeti-gjekmarkaj-nuk-u-dhunua-ata-qe-bllokuan-rrugen-do-procedohen-policia-pergenjeshtron-berishen","status":"publish","type":"post","link":"https:\/\/www.hashtag.al\/index.php\/2024\/12\/23\/deputeti-gjekmarkaj-nuk-u-dhunua-ata-qe-bllokuan-rrugen-do-procedohen-policia-pergenjeshtron-berishen\/","title":{"rendered":"\u201cDeputeti Gjekmarkaj nuk u dhunua, nuk u ndje mir\u00eb gjat\u00eb protest\u00ebs\u201d &#8211; Policia p\u00ebrg\u00ebnjeshtron Berish\u00ebn","gt_translate_keys":[{"key":"rendered","format":"text"}]},"content":{"rendered":"<div id=\"attachment_716375\" style=\"width: 610px\" class=\"wp-caption aligncenter\"><img loading=\"lazy\" decoding=\"async\" aria-describedby=\"caption-attachment-716375\" class=\"wp-image-716375 size-full\" src=\"https:\/\/www.hashtag.al\/wp-content\/uploads\/2024\/12\/image-1-2.jpg\" alt=\"\" width=\"600\" height=\"427\" srcset=\"https:\/\/www.hashtag.al\/wp-content\/uploads\/2024\/12\/image-1-2.jpg 600w, https:\/\/www.hashtag.al\/wp-content\/uploads\/2024\/12\/image-1-2-300x214.jpg 300w\" sizes=\"auto, (max-width: 600px) 100vw, 600px\" \/><p id=\"caption-attachment-716375\" class=\"wp-caption-text\"><span style=\"color: #0000ff;\"><em>Drejtori i policis\u00eb s\u00eb Tiran\u00ebs Elton Alushi<\/em><\/span><\/p><\/div>\n<p><span style=\"color: #000000;\">Policia e Shtetit ka p\u00ebrg\u00ebnjeshtruar kreun e PD-s\u00eb Berisha lidhur me akuzat e tij se efektiv\u00eb policie kishin dhunuar deputetin e PD-s\u00eb Agron Gjekmarkaj. <\/span><\/p>\n<p><span style=\"color: #000000;\">N\u00eb nj\u00eb deklarat\u00eb zyrtare, policia thekson se Gjekmarkaj nuk \u00ebsht\u00eb dhunuar po nuk \u00ebsht\u00eb ndjer\u00eb mir\u00eb gjat\u00eb protest\u00ebs duke u larguar m\u00eb pas. <\/span><\/p>\n<p><span style=\"color: #000000;\">N\u00eb deklarat\u00eb thuhet m\u00eb tej se deputeti Noka ka shtyr\u00eb dhe fyer policin\u00eb q\u00eb po p\u00ebrpiqej t\u00eb lironte rrug\u00ebn p\u00ebr qytetar\u00ebt dhe mjetet. <\/span><\/p>\n<p><span style=\"color: #000000;\">N\u00eb fund deklarata thot\u00eb se policia e Tiran\u00ebs ka evidentuar t\u00eb gjith\u00eb personat q\u00eb kan\u00eb bllokuar rrug\u00ebn apo kan\u00eb kund\u00ebrshtuar efektiv\u00ebt duke shkelur ligjin dhe do i \u00e7oj\u00eb p\u00ebr procedim.<\/span><\/p>\n<p><span style=\"color: #000000;\"><em>\u201cReagim i Drejtoris\u00eb Vendore t\u00eb Policis\u00eb Tiran\u00eb<\/em><\/span><\/p>\n<p><span style=\"color: #000000;\"><em>Policia e Shtetit p\u00ebrg\u00ebnjeshtron si t\u00ebr\u00ebsisht t\u00eb pav\u00ebrtet\u00eb deklarat\u00ebn n\u00eb media t\u00eb z. Sali Berisha, ku pretendoi se deputeti Agron Gjekmarkaj \u00ebsht\u00eb goditur nga punonj\u00ebsit e Policis\u00eb. Deputeti Gjekmarkaj nuk \u00ebsht\u00eb goditur nga asnj\u00eb punonj\u00ebs policie, por, nga t\u00eb dh\u00ebnat e para, rezulton se ai nuk \u00ebsht\u00eb ndjer\u00eb mir\u00eb nga ana sh\u00ebndet\u00ebsore dhe \u00ebsht\u00eb larguar nga protesta. Policia e Shtetit shpreh keqardhje p\u00ebr k\u00ebto deklarata dhe, mbi t\u00eb gjitha, p\u00ebr veprimet e dhunshme t\u00eb deputetit Flamur Noka, i cili jo vet\u00ebm nuk iu bind urdhrit t\u00eb Policis\u00eb p\u00ebr t\u00eb liruar rrug\u00ebn, por ka kund\u00ebrshtuar me dhun\u00eb, duke shtyr\u00eb, fyer dhe goditur punonj\u00ebsit e Policis\u00eb q\u00eb ishin n\u00eb detyr\u00eb p\u00ebr t\u00eb liruar rrug\u00ebn me q\u00ebllim l\u00ebvizjen e lir\u00eb t\u00eb automjeteve dhe qytetar\u00ebve. Policia e Tiran\u00ebs ka evidentuar t\u00eb gjith\u00eb ata shtetas q\u00eb bllokuan n\u00eb m\u00ebnyr\u00eb antiligjore rrug\u00ebn dhe kund\u00ebrshtuan urdhrin e punonj\u00ebsve t\u00eb Policis\u00eb p\u00ebr ta liruar at\u00eb dhe do t\u00eb procedohen sipas ligjit. Bllokimi i rrug\u00ebve \u00ebsht\u00eb vep\u00ebr penale, \u00e7ka u \u00ebsht\u00eb b\u00ebr\u00eb e qart\u00eb organizator\u00ebve t\u00eb protest\u00ebs n\u00eb p\u00ebrgjigjen e kthyer nga Drejtoria Vendore e Policis\u00eb Tiran\u00eb, q\u00eb mori p\u00ebrsip\u00ebr garantimin e protest\u00ebs, por pa bllokuar l\u00ebvizjen e lir\u00eb t\u00eb automjeteve dhe qytetar\u00ebve.\u201d<\/em><\/span><\/p>\n","protected":false,"gt_translate_keys":[{"key":"rendered","format":"html"}]},"excerpt":{"rendered":"<p>Policia e Shtetit ka p\u00ebrg\u00ebnjeshtruar kreun e PD-s\u00eb Berisha lidhur me akuzat e tij se efektiv\u00eb policie kishin dhunuar deputetin e PD-s\u00eb Agron Gjekmarkaj. N\u00eb nj\u00eb deklarat\u00eb zyrtare, policia thekson se Gjekmarkaj nuk \u00ebsht\u00eb dhunuar po nuk \u00ebsht\u00eb ndjer\u00eb mir\u00eb gjat\u00eb protest\u00ebs duke u larguar m\u00eb pas. N\u00eb deklarat\u00eb thuhet m\u00eb tej se deputeti Noka [&hellip;]<\/p>\n","protected":false,"gt_translate_keys":[{"key":"rendered","format":"html"}]},"author":51,"featured_media":716375,"comment_status":"closed","ping_status":"open","sticky":false,"template":"","format":"standard","meta":{"footnotes":""},"categories":[65],"tags":[],"class_list":["post-716370","post","type-post","status-publish","format-standard","has-post-thumbnail","hentry","category-lajme"],"gt_translate_keys":[{"key":"link","format":"url"}],"_links":{"self":[{"href":"https:\/\/www.hashtag.al\/index.php\/wp-json\/wp\/v2\/posts\/716370","targetHints":{"allow":["GET"]}}],"collection":[{"href":"https:\/\/www.hashtag.al\/index.php\/wp-json\/wp\/v2\/posts"}],"about":[{"href":"https:\/\/www.hashtag.al\/index.php\/wp-json\/wp\/v2\/types\/post"}],"author":[{"embeddable":true,"href":"https:\/\/www.hashtag.al\/index.php\/wp-json\/wp\/v2\/users\/51"}],"replies":[{"embeddable":true,"href":"https:\/\/www.hashtag.al\/index.php\/wp-json\/wp\/v2\/comments?post=716370"}],"version-history":[{"count":99999,"href":"https:\/\/www.hashtag.al\/index.php\/wp-json\/wp\/v2\/posts\/716370\/revisions"}],"predecessor-version":[{"id":716376,"href":"https:\/\/www.hashtag.al\/index.php\/wp-json\/wp\/v2\/posts\/716370\/revisions\/716376"}],"wp:featuredmedia":[{"embeddable":true,"href":"https:\/\/www.hashtag.al\/index.php\/wp-json\/wp\/v2\/media\/716375"}],"wp:attachment":[{"href":"https:\/\/www.hashtag.al\/index.php\/wp-json\/wp\/v2\/media?parent=716370"}],"wp:term":[{"taxonomy":"category","embeddable":true,"href":"https:\/\/www.hashtag.al\/index.php\/wp-json\/wp\/v2\/categories?post=716370"},{"taxonomy":"post_tag","embeddable":true,"href":"https:\/\/www.hashtag.al\/index.php\/wp-json\/wp\/v2\/tags?post=716370"}],"curies":[{"name":"wp","href":"https:\/\/api.w.org\/{rel}","templated":true}]}}