{"id":716338,"date":"2024-12-23T18:41:39","date_gmt":"2024-12-23T17:41:39","guid":{"rendered":"https:\/\/www.hashtag.al\/?p=716338"},"modified":"2024-12-23T18:41:39","modified_gmt":"2024-12-23T17:41:39","slug":"balliu-policia-ne-vend-se-te-jete-te-hajrat-e-bajrat-vjen-e-dhunon-qytetaret","status":"publish","type":"post","link":"https:\/\/www.hashtag.al\/index.php\/2024\/12\/23\/balliu-policia-ne-vend-se-te-jete-te-hajrat-e-bajrat-vjen-e-dhunon-qytetaret\/","title":{"rendered":"Balliu: Policia n\u00eb vend se t\u00eb jet\u00eb t\u00eb Hajrat e Bajrat vjen e dhunon qytetar\u00ebt","gt_translate_keys":[{"key":"rendered","format":"text"}]},"content":{"rendered":"<p><span style=\"color: #000000;\"><img loading=\"lazy\" decoding=\"async\" class=\"aligncenter size-full wp-image-716339\" src=\"https:\/\/www.hashtag.al\/wp-content\/uploads\/2024\/12\/balliu-1.png\" alt=\"\" width=\"1154\" height=\"596\" srcset=\"https:\/\/www.hashtag.al\/wp-content\/uploads\/2024\/12\/balliu-1.png 1154w, https:\/\/www.hashtag.al\/wp-content\/uploads\/2024\/12\/balliu-1-300x155.png 300w, https:\/\/www.hashtag.al\/wp-content\/uploads\/2024\/12\/balliu-1-1024x529.png 1024w, https:\/\/www.hashtag.al\/wp-content\/uploads\/2024\/12\/balliu-1-768x397.png 768w\" sizes=\"auto, (max-width: 1154px) 100vw, 1154px\" \/><\/span><\/p>\n<p><span style=\"color: #000000;\">Klevis Balliu tha se policia po dhunon qytetar\u00ebt dhe p\u00ebrfaq\u00ebsuesit e opozit\u00ebs gjat\u00eb protest\u00ebs n\u00eb vend q\u00eb t\u00eb shkoj\u00eb e t\u00eb luftoj\u00eb krimin e organizuar. <\/span><\/p>\n<p><span style=\"color: #000000;\">Ai denoncoi policin\u00eb, q\u00eb duhet t\u00eb ishte duke b\u00ebr\u00eb detyr\u00ebn p\u00ebr t\u00eb garantuar t\u00eb drejt\u00ebn kushtetuese t\u00eb qytetar\u00ebve p\u00ebr t\u00eb protestuar.<\/span><\/p>\n<p><span style=\"color: #000000;\"><em>\u201cPolicia n\u00eb vend q\u00eb t\u00eb jet\u00eb te Hajrat e Bajrat vjen e dhunon qyterar\u00ebt dhe deputet\u00ebt e PD-s\u00eb. Policia ta dij\u00eb mir\u00eb se e e drejta p\u00ebr t\u00eb protestuar \u00ebsht\u00eb e drejt\u00eb kushtetuese. \u00cbsht\u00eb njoftuar prej m\u00eb shum\u00eb se nj\u00eb jave. Po protestojm\u00eb paq\u00ebsisht nd\u00ebrkoh\u00eb q\u00eb policia po ushtron dhun\u00eb. \u00cbsht\u00eb policia q\u00eb dhunon qytetar\u00ebt. K\u00ebrkon t\u00eb shuaj\u00eb z\u00ebrin e qytetar\u00ebve. Ne\u00a0 po protestojm\u00eb krejt qet\u00ebsisht. Policia \u00ebsht\u00eb k\u00ebtu p\u00ebr t\u00eb garantuar t\u00eb drejt\u00ebn e protestuesve, q\u00eb \u00ebsht\u00eb nj\u00eb e drejt\u00eb kushtetuese.\u201d<\/em> &#8211; tha Balliu.<\/span><\/p>\n","protected":false,"gt_translate_keys":[{"key":"rendered","format":"html"}]},"excerpt":{"rendered":"<p>Klevis Balliu tha se policia po dhunon qytetar\u00ebt dhe p\u00ebrfaq\u00ebsuesit e opozit\u00ebs gjat\u00eb protest\u00ebs n\u00eb vend q\u00eb t\u00eb shkoj\u00eb e t\u00eb luftoj\u00eb krimin e organizuar. Ai denoncoi policin\u00eb, q\u00eb duhet t\u00eb ishte duke b\u00ebr\u00eb detyr\u00ebn p\u00ebr t\u00eb garantuar t\u00eb drejt\u00ebn kushtetuese t\u00eb qytetar\u00ebve p\u00ebr t\u00eb protestuar. \u201cPolicia n\u00eb vend q\u00eb t\u00eb jet\u00eb te Hajrat e [&hellip;]<\/p>\n","protected":false,"gt_translate_keys":[{"key":"rendered","format":"html"}]},"author":51,"featured_media":716339,"comment_status":"closed","ping_status":"open","sticky":false,"template":"","format":"standard","meta":{"footnotes":""},"categories":[65],"tags":[],"class_list":["post-716338","post","type-post","status-publish","format-standard","has-post-thumbnail","hentry","category-lajme"],"gt_translate_keys":[{"key":"link","format":"url"}],"_links":{"self":[{"href":"https:\/\/www.hashtag.al\/index.php\/wp-json\/wp\/v2\/posts\/716338","targetHints":{"allow":["GET"]}}],"collection":[{"href":"https:\/\/www.hashtag.al\/index.php\/wp-json\/wp\/v2\/posts"}],"about":[{"href":"https:\/\/www.hashtag.al\/index.php\/wp-json\/wp\/v2\/types\/post"}],"author":[{"embeddable":true,"href":"https:\/\/www.hashtag.al\/index.php\/wp-json\/wp\/v2\/users\/51"}],"replies":[{"embeddable":true,"href":"https:\/\/www.hashtag.al\/index.php\/wp-json\/wp\/v2\/comments?post=716338"}],"version-history":[{"count":99999,"href":"https:\/\/www.hashtag.al\/index.php\/wp-json\/wp\/v2\/posts\/716338\/revisions"}],"predecessor-version":[{"id":716340,"href":"https:\/\/www.hashtag.al\/index.php\/wp-json\/wp\/v2\/posts\/716338\/revisions\/716340"}],"wp:featuredmedia":[{"embeddable":true,"href":"https:\/\/www.hashtag.al\/index.php\/wp-json\/wp\/v2\/media\/716339"}],"wp:attachment":[{"href":"https:\/\/www.hashtag.al\/index.php\/wp-json\/wp\/v2\/media?parent=716338"}],"wp:term":[{"taxonomy":"category","embeddable":true,"href":"https:\/\/www.hashtag.al\/index.php\/wp-json\/wp\/v2\/categories?post=716338"},{"taxonomy":"post_tag","embeddable":true,"href":"https:\/\/www.hashtag.al\/index.php\/wp-json\/wp\/v2\/tags?post=716338"}],"curies":[{"name":"wp","href":"https:\/\/api.w.org\/{rel}","templated":true}]}}