{"id":716186,"date":"2024-12-22T21:26:45","date_gmt":"2024-12-22T20:26:45","guid":{"rendered":"https:\/\/www.hashtag.al\/?p=716186"},"modified":"2024-12-22T21:26:45","modified_gmt":"2024-12-22T20:26:45","slug":"katari-kercenon-be-ne-me-bllokim-te-furnizmit-me-gaz-nese-gjobitet","status":"publish","type":"post","link":"https:\/\/www.hashtag.al\/index.php\/2024\/12\/22\/katari-kercenon-be-ne-me-bllokim-te-furnizmit-me-gaz-nese-gjobitet\/","title":{"rendered":"Katari k\u00ebrc\u00ebnon BE-n\u00eb me bllokim t\u00eb furnizmit me gaz n\u00ebse gjobitet","gt_translate_keys":[{"key":"rendered","format":"text"}]},"content":{"rendered":"<div id=\"attachment_716187\" style=\"width: 710px\" class=\"wp-caption aligncenter\"><img loading=\"lazy\" decoding=\"async\" aria-describedby=\"caption-attachment-716187\" class=\"wp-image-716187 size-full\" src=\"https:\/\/www.hashtag.al\/wp-content\/uploads\/2024\/12\/359cdf6fe971e462fe06273213fac3fb5f869544.png\" alt=\"\" width=\"700\" height=\"394\" srcset=\"https:\/\/www.hashtag.al\/wp-content\/uploads\/2024\/12\/359cdf6fe971e462fe06273213fac3fb5f869544.png 700w, https:\/\/www.hashtag.al\/wp-content\/uploads\/2024\/12\/359cdf6fe971e462fe06273213fac3fb5f869544-300x169.png 300w\" sizes=\"auto, (max-width: 700px) 100vw, 700px\" \/><p id=\"caption-attachment-716187\" class=\"wp-caption-text\"><em><span style=\"color: #0000ff;\">Ministri i Energjis\u00eb s\u00eb Katarit, Saad al-Kaabi<\/span><\/em><\/p><\/div>\n<p><span style=\"color: #000000;\">Katari ka k\u00ebrc\u00ebnuar se do bllokoj\u00eb d\u00ebrgesat jetike t\u00eb gazit n\u00eb BE n\u00ebse shtetet an\u00ebtare zbatojn\u00eb n\u00eb m\u00ebnyr\u00eb rigoroze legjislacionin e ri q\u00eb do penalizoj\u00eb kompanit\u00eb q\u00eb nuk p\u00ebrmbushin kriteret e p\u00ebrcaktuara p\u00ebr emetimet e karbonit, t\u00eb drejtat e njeriut dhe ato t\u00eb pun\u00ebs.<\/span><\/p>\n<p><span style=\"color: #000000;\">Ministri i Energjis\u00eb s\u00eb Katarit, Saad al-Kaabi i tha Financial Times se n\u00ebse ndonj\u00eb shtet i BE-s\u00eb do vendoste gjoba p\u00ebr mosp\u00ebrputhje n\u00eb nj\u00eb shkall\u00eb t\u00eb referuar n\u00eb direktiv\u00ebn e kujdesit t\u00eb korporat\u00ebs, Doha do ndalonte eksportimin e gazit t\u00eb saj natyror t\u00eb l\u00ebngsh\u00ebm n\u00eb bllok.<\/span><\/p>\n<p><span style=\"color: #000000;\">Ligji k\u00ebrkon q\u00eb vendet e BE-s\u00eb t\u00eb ken\u00eb kompetenca p\u00ebr t\u00eb vendosur gjoba p\u00ebr mosp\u00ebrputhje me nj\u00eb kufi t\u00eb sip\u00ebrm prej t\u00eb pakt\u00ebn 5 p\u00ebr qind t\u00eb t\u00eb ardhurave globale vjetore t\u00eb kompanis\u00eb.<\/span><\/p>\n<p><span style=\"color: #000000;\"><em>\u201cN\u00ebse do rrezikojm\u00eb q\u00eb t\u00eb humbasim 5 p\u00ebr qind t\u00eb t\u00eb ardhurave duke \u00e7uar gaz n\u00eb Evrop\u00eb, nuk do \u00e7ojm\u00eb gaz n\u00eb Evrop\u00eb. Nuk po b\u00ebjm\u00eb bllof\u201d<\/em>, tha Kaabi.<\/span><\/p>\n<p><span style=\"color: #000000;\"><em>\u201c5 p\u00ebr qind e t\u00eb ardhurave t\u00eb gjeneruara t\u00eb QatarEnergy do t\u00eb thot\u00eb 5 p\u00ebr qind e t\u00eb ardhurave t\u00eb gjeneruara t\u00eb shtetit t\u00eb Katarit. K\u00ebto jan\u00eb parat\u00eb e popullit k\u00ebshtu q\u00eb nuk mund ta humbasim k\u00ebt\u00eb sasi parash dhe askush nuk do pranonte.\u201d<\/em><\/span><\/p>\n<p><span style=\"color: #000000;\">BE-ja miratoi rregullat e kujdesit t\u00eb korporat\u00ebs n\u00eb maj t\u00eb k\u00ebtij viti. Ato jan\u00eb pjes\u00eb e nj\u00eb grupi m\u00eb t\u00eb gjer\u00eb k\u00ebrkesash raportimi q\u00eb synojn\u00eb p\u00ebrafrimin e kompanive me objektivin ambicioz t\u00eb BE-s\u00eb p\u00ebr arritjen e emetimeve neto zero deri n\u00eb vitin 2050.<\/span><\/p>\n<p><span style=\"color: #000000;\">Por direktiva ka shkaktuar nj\u00eb reagim t\u00eb gjer\u00eb nga kompanit\u00eb, brenda dhe jasht\u00eb BE-s\u00eb, t\u00eb cil\u00ebt jan\u00eb ankuar se rregullat jan\u00eb shum\u00eb t\u00eb v\u00ebshtira p\u00ebr t\u2019u zbatuar dhe i vendosin ato n\u00eb nj\u00eb disavantazh konkurrues.<\/span><\/p>\n<p><span style=\"color: #000000;\">\u201cCefic\u201d, organi i industris\u00eb kimike, tha se rregullat e kujdesit do &#8220;krijojn\u00eb rreziqe t\u00eb r\u00ebnd\u00ebsishme gjyq\u00ebsore&#8221; dhe duhet t\u00eb vler\u00ebsohen t\u00ebr\u00ebsisht &#8220;p\u00ebr t\u00eb identifikuar dhe adresuar fushat p\u00ebr thjeshtim dhe reduktim t\u00eb barr\u00ebs n\u00eb m\u00ebnyr\u00eb q\u00eb t\u00eb\u2009kufizohet ekspozimin ndaj detyrimeve.\u201d<\/span><\/p>\n<p><span style=\"color: #000000;\">Kompanit\u00eb jasht\u00eb BE-s\u00eb do jen\u00eb p\u00ebrgjegj\u00ebse p\u00ebr gjoba sipas direktiv\u00ebs n\u00ebse fitojn\u00eb m\u00eb shum\u00eb se 450 milion\u00eb euro n\u00eb qarkullim neto n\u00eb bllok.<\/span><\/p>\n<p><span style=\"color: #000000;\">Katari \u00ebsht\u00eb nj\u00eb nga eksportuesit kryesor\u00eb n\u00eb bot\u00eb t\u00eb LNG-s\u00eb dhe \u00ebsht\u00eb b\u00ebr\u00eb nj\u00eb furnizues gjithnj\u00eb e m\u00eb i r\u00ebnd\u00ebsish\u00ebm i gazit n\u00eb Evrop\u00eb n\u00eb vazhd\u00ebn e trazirave n\u00eb tregjet e energjis\u00eb t\u00eb shkaktuar nga pushtimi rus i Ukrain\u00ebs.<\/span><\/p>\n<p><span style=\"color: #000000;\">Nd\u00ebrsa shtetet evropiane kan\u00eb k\u00ebrkuar t\u00eb heqin dor\u00eb nga gazi rus, QatarEnergy ka n\u00ebnshkruar marr\u00ebveshje afatgjata p\u00ebr furnizimin me LNG n\u00eb Gjermani, Franc\u00eb, Itali dhe Holand\u00eb.<\/span><\/p>\n<p><span style=\"color: #000000;\">Kaabi sugjeroi q\u00eb n\u00eb form\u00ebn e tij t\u00eb tanishme legjislacioni &#8211; q\u00eb do t\u00eb hyj\u00eb n\u00eb fuqi nga viti 2027 &#8211; do ishte i pafuqish\u00ebm p\u00ebr kompani si QatarEnergy n\u00eb pron\u00ebsi shtet\u00ebrore.<\/span><\/p>\n<p><span style=\"color: #000000;\">Ai tha se do t\u00eb k\u00ebrkonte q\u00eb kompania t\u00eb b\u00ebj\u00eb kujdesin e duhur p\u00ebr praktikat e pun\u00ebs s\u00eb t\u00eb gjith\u00eb furnizuesve t\u00eb grupit, me nj\u00eb zinxhir furnizimi global q\u00eb p\u00ebrfshin &#8220;100,000&#8221; kompani.<\/span><\/p>\n<p><span style=\"color: #000000;\">Kaabi tha se do ishte gjithashtu e pamundur p\u00ebr nj\u00eb prodhues energjie si QatarEnergy t\u00eb p\u00ebrafrohet me objektivin neto zero t\u00eb emetimeve t\u00eb BE-s\u00eb si\u00e7 p\u00ebrcakton direktiva p\u00ebr shkak t\u00eb sasis\u00eb s\u00eb hidrokarbureve q\u00eb prodhon.<\/span><\/p>\n<p><span style=\"color: #000000;\">Direktiva e BE-s\u00eb p\u00ebrfshin nj\u00eb detyrim p\u00ebr kompanit\u00eb e m\u00ebdha q\u00eb t\u00eb miratojn\u00eb nj\u00eb plan tranzicioni p\u00ebr zbutjen e ndryshimeve klimatike n\u00eb p\u00ebrputhje me objektivin e asnjan\u00ebsis\u00eb klimatike t\u00eb vitit 2050 t\u00eb Marr\u00ebveshjes s\u00eb Parisit, si dhe objektivat e nd\u00ebrmjet\u00ebm sipas Ligjit Evropian p\u00ebr Klim\u00ebn.<\/span><\/p>\n<p><span style=\"color: #000000;\">Kaabi tha se legjislacioni do ndikoj\u00eb n\u00eb t\u00eb gjitha eksportet e Katarit n\u00eb Evrop\u00eb, duke p\u00ebrfshir\u00eb plehrat dhe petrokimikatet, dhe gjithashtu mund t\u00eb ndikoj\u00eb n\u00eb vendimet e investimeve t\u00eb Autoritetit t\u00eb Investimeve t\u00eb Katarit, fondit sovran t\u00eb pasuris\u00eb.<\/span><\/p>\n<p><span style=\"color: #000000;\">Ai tha se QatarEnergy nuk do prish\u00eb kontratat e saj t\u00eb LNG-s\u00eb, por do shikoj\u00eb rrug\u00ebt ligjore n\u00ebse p\u00ebrballet me nd\u00ebshkime t\u00eb r\u00ebnda.<\/span><\/p>\n<p><span style=\"color: #000000;\"><em>\u201cUn\u00eb nuk do pranoj q\u00eb t\u00eb nd\u00ebshkohemi,\u201d<\/em> tha ai.<\/span><\/p>\n<p><span style=\"color: #000000;\"><em>&#8220;Thjesht do ndalojm\u00eb d\u00ebrgimin e gazit n\u00eb Evrop\u00eb.&#8221;<\/em><\/span><\/p>\n<p><span style=\"color: #000000;\">Megjithat\u00eb, Kaabi sugjeroi se mund t\u00eb kishte vend p\u00ebr kompromis n\u00ebse nd\u00ebshkimet synonin vet\u00ebm t\u00eb ardhurat e krijuara n\u00eb Evrop\u00eb dhe jo t\u00eb ardhurat totale globale.<\/span><\/p>\n<p><span style=\"color: #000000;\"><em>\u201cN\u00ebse ata thon\u00eb se d\u00ebnimi \u00ebsht\u00eb 5 p\u00ebr qind e t\u00eb ardhurave t\u00eb krijuara nga kontrata q\u00eb i shesim Evrop\u00ebs, un\u00eb them, \u2018OK, duhet ta vler\u00ebsojm\u00eb.\u201d<\/em>, tha ai.<\/span><\/p>\n<p><span style=\"color: #000000;\"><em>&#8220;Por n\u00ebse doni t\u00eb arrini t\u00eb prekni totalin e t\u00eb ardhurave t\u00eb mia t\u00eb gjeneruara, kjo nuk ka kuptim.&#8221;<\/em><\/span><\/p>\n<p><span style=\"color: #000000;\">Presidentja e Komisionit Evropian Ursula von der Leyen premtoi muajin e kaluar se do propozonte nj\u00eb legjislacion &#8220;omnibus&#8221; q\u00eb do pak\u00ebsonte k\u00ebrkesat e raportimit nga disa prej ligjeve t\u00eb financave t\u00eb gjelbra t\u00eb bllokut, duke p\u00ebrfshir\u00eb direktiv\u00ebn e kujdesit t\u00eb duhur.<\/span><\/p>\n<p><span style=\"color: #000000;\"><span style=\"color: #ff0000;\"><strong>VINI RE<\/strong><\/span>: Ky material \u00ebsht\u00eb pron\u00ebsi intelektuale e <span style=\"color: #0000ff;\"><a style=\"color: #0000ff;\" href=\"https:\/\/www.ft.com\/content\/2260c21b-f5f4-4ea9-b176-ba1b38c8471c\">Financial Times<\/a><\/span><\/span><\/p>\n<p><span style=\"color: #000000;\">P\u00ebrgatiti p\u00ebr <span style=\"color: #0000ff;\">Hashtag.al,<\/span> Klodian Manjani<\/span><\/p>\n","protected":false,"gt_translate_keys":[{"key":"rendered","format":"html"}]},"excerpt":{"rendered":"<p>Katari ka k\u00ebrc\u00ebnuar se do bllokoj\u00eb d\u00ebrgesat jetike t\u00eb gazit n\u00eb BE n\u00ebse shtetet an\u00ebtare zbatojn\u00eb n\u00eb m\u00ebnyr\u00eb rigoroze legjislacionin e ri q\u00eb do penalizoj\u00eb kompanit\u00eb q\u00eb nuk p\u00ebrmbushin kriteret e p\u00ebrcaktuara p\u00ebr emetimet e karbonit, t\u00eb drejtat e njeriut dhe ato t\u00eb pun\u00ebs. Ministri i Energjis\u00eb s\u00eb Katarit, Saad al-Kaabi i tha Financial Times [&hellip;]<\/p>\n","protected":false,"gt_translate_keys":[{"key":"rendered","format":"html"}]},"author":51,"featured_media":716187,"comment_status":"closed","ping_status":"open","sticky":false,"template":"","format":"standard","meta":{"footnotes":""},"categories":[53],"tags":[],"class_list":["post-716186","post","type-post","status-publish","format-standard","has-post-thumbnail","hentry","category-fast-foodi"],"gt_translate_keys":[{"key":"link","format":"url"}],"_links":{"self":[{"href":"https:\/\/www.hashtag.al\/index.php\/wp-json\/wp\/v2\/posts\/716186","targetHints":{"allow":["GET"]}}],"collection":[{"href":"https:\/\/www.hashtag.al\/index.php\/wp-json\/wp\/v2\/posts"}],"about":[{"href":"https:\/\/www.hashtag.al\/index.php\/wp-json\/wp\/v2\/types\/post"}],"author":[{"embeddable":true,"href":"https:\/\/www.hashtag.al\/index.php\/wp-json\/wp\/v2\/users\/51"}],"replies":[{"embeddable":true,"href":"https:\/\/www.hashtag.al\/index.php\/wp-json\/wp\/v2\/comments?post=716186"}],"version-history":[{"count":99999,"href":"https:\/\/www.hashtag.al\/index.php\/wp-json\/wp\/v2\/posts\/716186\/revisions"}],"predecessor-version":[{"id":716188,"href":"https:\/\/www.hashtag.al\/index.php\/wp-json\/wp\/v2\/posts\/716186\/revisions\/716188"}],"wp:featuredmedia":[{"embeddable":true,"href":"https:\/\/www.hashtag.al\/index.php\/wp-json\/wp\/v2\/media\/716187"}],"wp:attachment":[{"href":"https:\/\/www.hashtag.al\/index.php\/wp-json\/wp\/v2\/media?parent=716186"}],"wp:term":[{"taxonomy":"category","embeddable":true,"href":"https:\/\/www.hashtag.al\/index.php\/wp-json\/wp\/v2\/categories?post=716186"},{"taxonomy":"post_tag","embeddable":true,"href":"https:\/\/www.hashtag.al\/index.php\/wp-json\/wp\/v2\/tags?post=716186"}],"curies":[{"name":"wp","href":"https:\/\/api.w.org\/{rel}","templated":true}]}}