{"id":716168,"date":"2024-12-22T20:19:54","date_gmt":"2024-12-22T19:19:54","guid":{"rendered":"https:\/\/www.hashtag.al\/?p=716168"},"modified":"2024-12-22T21:47:38","modified_gmt":"2024-12-22T20:47:38","slug":"ekipi-i-trump-mund-te-largoje-shba-ne-nga-obsh-ja-qe-diten-e-pare","status":"publish","type":"post","link":"https:\/\/www.hashtag.al\/index.php\/2024\/12\/22\/ekipi-i-trump-mund-te-largoje-shba-ne-nga-obsh-ja-qe-diten-e-pare\/","title":{"rendered":"Ekipi i Trump mund t\u00eb largoj\u00eb SHBA-n\u00eb nga OBSH-ja q\u00eb \u201cdit\u00ebn e par\u00eb\u201d","gt_translate_keys":[{"key":"rendered","format":"text"}]},"content":{"rendered":"<p><img loading=\"lazy\" decoding=\"async\" class=\"aligncenter size-full wp-image-716169\" src=\"https:\/\/www.hashtag.al\/wp-content\/uploads\/2024\/12\/trumptedros.jpg\" alt=\"\" width=\"2000\" height=\"1175\" srcset=\"https:\/\/www.hashtag.al\/wp-content\/uploads\/2024\/12\/trumptedros.jpg 2000w, https:\/\/www.hashtag.al\/wp-content\/uploads\/2024\/12\/trumptedros-300x176.jpg 300w, https:\/\/www.hashtag.al\/wp-content\/uploads\/2024\/12\/trumptedros-1024x602.jpg 1024w, https:\/\/www.hashtag.al\/wp-content\/uploads\/2024\/12\/trumptedros-768x451.jpg 768w, https:\/\/www.hashtag.al\/wp-content\/uploads\/2024\/12\/trumptedros-1536x902.jpg 1536w\" sizes=\"auto, (max-width: 2000px) 100vw, 2000px\" \/><\/p>\n<p><span style=\"color: #000000;\">Ekipi i tranzicionit i Donald Trump po mendon t\u00eb nxjerr\u00eb SHBA-n\u00eb nga Organizata Bot\u00ebrore e Sh\u00ebndet\u00ebsis\u00eb q\u00eb n\u00eb dit\u00ebn e par\u00eb t\u00eb administrat\u00ebs s\u00eb re, sipas ekspert\u00ebve q\u00eb paralajm\u00ebrojn\u00eb ndikimin &#8220;katastrofik&#8221; q\u00eb do kjo gj\u00eb do kishte n\u00eb sh\u00ebndetin global.<\/span><\/p>\n<p><span style=\"color: #000000;\">An\u00ebtar\u00ebt e ekipit t\u00eb Trump u than\u00eb ekspert\u00ebve q\u00ebllimin e tyre p\u00ebr t\u00eb shpallur nj\u00eb t\u00ebrheqje nga trupi global i sh\u00ebndetit n\u00eb p\u00ebrurimin e presidentit t\u00eb zgjedhur m\u00eb 20 janar. Largimi do hiqte burimin m\u00eb t\u00eb madh t\u00eb fondeve t\u00eb OBSH-s\u00eb, duke d\u00ebmtuar aft\u00ebsin\u00eb e saj p\u00ebr t&#8217;iu p\u00ebrgjigjur krizave t\u00eb sh\u00ebndetit publik, si\u00e7 \u00ebsht\u00eb pandemia e koronavirusit.<\/span><\/p>\n<p><span style=\"color: #000000;\"><em>\u201cAmerika do l\u00ebr\u00eb nj\u00eb boshll\u00ebk t\u00eb madh n\u00eb financimin dhe udh\u00ebheqjen globale t\u00eb sh\u00ebndet\u00ebsis\u00eb. Un\u00eb nuk shoh ask\u00ebnd q\u00eb mudn ta plot\u00ebsoj\u00eb k\u00ebt\u00eb gj\u00eb,&#8221;<\/em> tha Lawrence Gostin, profesor i sh\u00ebndetit global n\u00eb \u201cGeorgeto\u00ebn La\u00eb\u201d, duke shtuar se plani p\u00ebr t&#8217;u t\u00ebrhequr &#8220;n\u00eb dit\u00ebn e par\u00eb&#8221; do ishte &#8220;katastrofik&#8221; p\u00ebr sh\u00ebndetin global.<\/span><\/p>\n<p><span style=\"color: #000000;\">Beteja p\u00ebr marr\u00ebdh\u00ebniet e SHBA-s\u00eb me OBSH-n\u00eb vjen pasi Trump em\u00ebroi disa aleat\u00eb, si skeptikun ndaj vaksinave Robert F Kennedy, p\u00ebr pun\u00ebt kryesore sh\u00ebndet\u00ebsore n\u00eb administrat\u00ebn e ardhshme. Megjithat\u00eb, Gostin tha se nuk ishte i sigurt se Trump do t&#8217;i jepte nj\u00eb prioritet aq t\u00eb lart\u00eb nj\u00eb t\u00ebrheqjeje t\u00eb menj\u00ebhershme nga OBSH-ja, sa disa n\u00eb ekipin e tij.<\/span><\/p>\n<p><span style=\"color: #000000;\">SHBA \u00ebsht\u00eb financuesi m\u00eb i madh i vet\u00ebm i OBSH-s\u00eb, duke siguruar rreth 16 p\u00ebr qind t\u00eb financimit t\u00eb saj n\u00eb vitin 2022-2023.<\/span><\/p>\n<p><span style=\"color: #000000;\">N\u00eb vitin 2020, Trump nisi procesin p\u00ebr t&#8217;u larguar nga OBSH-jas pasi Covid-19 u p\u00ebrhap, duke akuzuar agjencin\u00eb se ishte n\u00ebn kontrollin e Kin\u00ebs. Por procesi nuk p\u00ebrfundoi kurr\u00eb dhe pasardh\u00ebsi i tij demokrati Joe Biden rifilloi marr\u00ebdh\u00ebniet me agjencin\u00eb n\u00eb dit\u00ebn e tij t\u00eb par\u00eb t\u00eb detyr\u00ebs n\u00eb 2021.<\/span><\/p>\n<p><span style=\"color: #000000;\">Ekspert\u00ebve u \u00ebsht\u00eb th\u00ebn\u00eb se disa n\u00eb ekipin e Trump duan t\u00eb l\u00ebvizin shum\u00eb m\u00eb shpejt k\u00ebt\u00eb here, menj\u00ebher\u00eb pas fillimit t\u00eb procesit.<\/span><\/p>\n<p><img loading=\"lazy\" decoding=\"async\" class=\"aligncenter size-full wp-image-716170\" src=\"https:\/\/www.hashtag.al\/wp-content\/uploads\/2024\/12\/91b8f3601b15f07aef54a9139f21f6e4b0fd2bec.png\" alt=\"\" width=\"700\" height=\"394\" srcset=\"https:\/\/www.hashtag.al\/wp-content\/uploads\/2024\/12\/91b8f3601b15f07aef54a9139f21f6e4b0fd2bec.png 700w, https:\/\/www.hashtag.al\/wp-content\/uploads\/2024\/12\/91b8f3601b15f07aef54a9139f21f6e4b0fd2bec-300x169.png 300w\" sizes=\"auto, (max-width: 700px) 100vw, 700px\" \/><\/p>\n<p><span style=\"color: #000000;\">Ashish Jha, ish-koordinatori i p\u00ebrgjigjes ndaj Covid n\u00eb Sht\u00ebpin\u00eb e Bardh\u00eb t\u00eb Biden dhe dekani i shkoll\u00ebs s\u00eb sh\u00ebndetit publik t\u00eb \u201cUniversitetit Bro\u00ebn\u201d, tha se ekipi i tranzicionit donte q\u00eb Trump t\u00eb t\u00ebrhiqej dit\u00ebn e par\u00eb p\u00ebr shkak t\u00eb &#8220;simbolizmit&#8221; t\u00eb vendimit q\u00eb mori Biden n\u00eb dit\u00ebn e par\u00eb t\u00eb betimit.<\/span><\/p>\n<p><span style=\"color: #000000;\"><em>&#8220;Ka shum\u00eb njer\u00ebz q\u00eb do jen\u00eb pjes\u00eb e rrethit t\u00eb brendsh\u00ebm t\u00eb administrat\u00ebs q\u00eb nuk i besojn\u00eb OBSH-s\u00eb dhe duan t\u00eb tregojn\u00eb simbolikisht dit\u00ebn e par\u00eb se jan\u00eb jasht\u00eb saj,&#8221;<\/em> tha ai.<\/span><\/p>\n<p><span style=\"color: #000000;\">Ai shtoi se disa n\u00eb ekip donin t\u00eb q\u00ebndronin n\u00eb organizat\u00eb dhe t\u00eb shtynin p\u00ebr ta reformuar at\u00eb, por nj\u00eb grup tjet\u00ebr q\u00eb besonte n\u00eb nd\u00ebrprerjen e lidhjeve po fiton terren.<\/span><\/p>\n<p><span style=\"color: #000000;\">Organe t\u00eb tilla si OBSH-ja jan\u00eb ky\u00e7e p\u00ebr bashk\u00ebpunimin global p\u00ebr zhvillimin dhe shp\u00ebrndarjen e vaksinave, si dhe trajtime t\u00eb tjera gjat\u00eb emergjencave sh\u00ebndet\u00ebsore, tha Jha.<\/span><\/p>\n<p><span style=\"color: #000000;\"><em>\u201cN\u00ebse nuk jeni t\u00eb angazhuar n\u00eb k\u00ebto institucione, do e kemi tejet t\u00eb v\u00ebshtir\u00eb t\u00eb p\u00ebrgjigjemi si duhet kur t\u00eb ndodh\u00eb shp\u00ebrthimi i radh\u00ebs,\u201d<\/em> paralajm\u00ebroi ai.<\/span><\/p>\n<p><span style=\"color: #000000;\">Gostin tha se do t\u00eb ket\u00eb &#8220;vite shum\u00eb t\u00eb dob\u00ebta p\u00ebr OBSH-n\u00eb ku do duhet t\u00eb luftoj\u00eb p\u00ebr t&#8217;iu p\u00ebrgjigjur urgjencave sh\u00ebndet\u00ebsore dhe do t\u00eb duhet t\u00eb zvog\u00ebloj\u00eb ndjesh\u00ebm stafin e saj shkencor&#8221;.<\/span><\/p>\n<p><span style=\"color: #000000;\">Ai paralajm\u00ebroi se n\u00ebse SHBA-ja do largohej nga OBSH-ja, vendet evropiane nuk kishin gjasa t\u00eb rrisin fondet dhe Kina mund t\u00eb p\u00ebrpiqet t\u00eb ushtroj\u00eb m\u00eb shum\u00eb ndikim.<\/span><\/p>\n<p><span style=\"color: #000000;\"><em>&#8220;Nuk do ishte nj\u00eb veprim i zgjuar pasi t\u00ebrheqja do ia linte udh\u00ebheqjen Kin\u00ebs,&#8221;<\/em> tha ai.<\/span><\/p>\n<p><span style=\"color: #000000;\">Ekipi i tranzicionit t\u00eb Trump nuk komentoi drejtp\u00ebrdrejt mbi t\u00ebrheqjen e mundshme. Nj\u00eb person i njohur me planet i tha Financial Times: <em>\u201cE nj\u00ebjti OBSH q\u00eb lam\u00eb n\u00eb administrat\u00ebn e par\u00eb? Duket sikur nuk do na interesoj\u00eb shum\u00eb se \u00e7far\u00eb do thon\u00eb ata.\u201d<\/em><\/span><\/p>\n<p><span style=\"color: #000000;\">OBSH nuk komentoi. Tedros Adhanom Ghebreyesus, drejtori i p\u00ebrgjithsh\u00ebm i OBSH-s\u00eb tha k\u00ebt\u00eb muaj se ajo ishte nj\u00eb &#8220;organizat\u00eb unike&#8221; q\u00eb shpresonte t\u00eb bashk\u00ebpunonte me politik\u00ebb\u00ebr\u00ebsit amerikan\u00eb.<\/span><\/p>\n<p><span style=\"color: #000000;\"><em>\u201cNga ana jon\u00eb, ne jemi t\u00eb gatsh\u00ebm t\u00eb punojm\u00eb s\u00eb bashku,\u201d<\/em> tha ai.<\/span><\/p>\n<p><span style=\"color: #000000;\"><em>&#8220;Un\u00eb besoj se drejtuesi e Uashingtonit e kuptojn\u00eb se SHBA-ja nuk mund t\u00eb jet\u00eb e sigurt n\u00ebse pjesa tjet\u00ebr e bot\u00ebs nuk \u00ebsht\u00eb e sigurt.&#8221;<\/em><\/span><\/p>\n<p><span style=\"color: #000000;\"><span style=\"color: #ff0000;\"><strong>VINI RE<\/strong><\/span>: Ky material \u00ebsht\u00eb pron\u00ebsi intelektuale e <a style=\"color: #000000;\" href=\"https:\/\/www.ft.com\/content\/e6061ed5-2703-4b8a-9948-a557aaaf52c2\"><span style=\"color: #0000ff;\">Financial Times<\/span><\/a><\/span><\/p>\n<p><span style=\"color: #000000;\">P\u00ebrgatiti p\u00ebr <span style=\"color: #0000ff;\">Hashtag.al,<\/span> Klodian Manjani<\/span><\/p>\n","protected":false,"gt_translate_keys":[{"key":"rendered","format":"html"}]},"excerpt":{"rendered":"<p>Ekipi i tranzicionit i Donald Trump po mendon t\u00eb nxjerr\u00eb SHBA-n\u00eb nga Organizata Bot\u00ebrore e Sh\u00ebndet\u00ebsis\u00eb q\u00eb n\u00eb dit\u00ebn e par\u00eb t\u00eb administrat\u00ebs s\u00eb re, sipas ekspert\u00ebve q\u00eb paralajm\u00ebrojn\u00eb ndikimin &#8220;katastrofik&#8221; q\u00eb do kjo gj\u00eb do kishte n\u00eb sh\u00ebndetin global. An\u00ebtar\u00ebt e ekipit t\u00eb Trump u than\u00eb ekspert\u00ebve q\u00ebllimin e tyre p\u00ebr t\u00eb shpallur nj\u00eb [&hellip;]<\/p>\n","protected":false,"gt_translate_keys":[{"key":"rendered","format":"html"}]},"author":51,"featured_media":716169,"comment_status":"closed","ping_status":"open","sticky":false,"template":"","format":"standard","meta":{"footnotes":""},"categories":[22],"tags":[],"class_list":["post-716168","post","type-post","status-publish","format-standard","has-post-thumbnail","hentry","category-ballina"],"gt_translate_keys":[{"key":"link","format":"url"}],"_links":{"self":[{"href":"https:\/\/www.hashtag.al\/index.php\/wp-json\/wp\/v2\/posts\/716168","targetHints":{"allow":["GET"]}}],"collection":[{"href":"https:\/\/www.hashtag.al\/index.php\/wp-json\/wp\/v2\/posts"}],"about":[{"href":"https:\/\/www.hashtag.al\/index.php\/wp-json\/wp\/v2\/types\/post"}],"author":[{"embeddable":true,"href":"https:\/\/www.hashtag.al\/index.php\/wp-json\/wp\/v2\/users\/51"}],"replies":[{"embeddable":true,"href":"https:\/\/www.hashtag.al\/index.php\/wp-json\/wp\/v2\/comments?post=716168"}],"version-history":[{"count":99999,"href":"https:\/\/www.hashtag.al\/index.php\/wp-json\/wp\/v2\/posts\/716168\/revisions"}],"predecessor-version":[{"id":716175,"href":"https:\/\/www.hashtag.al\/index.php\/wp-json\/wp\/v2\/posts\/716168\/revisions\/716175"}],"wp:featuredmedia":[{"embeddable":true,"href":"https:\/\/www.hashtag.al\/index.php\/wp-json\/wp\/v2\/media\/716169"}],"wp:attachment":[{"href":"https:\/\/www.hashtag.al\/index.php\/wp-json\/wp\/v2\/media?parent=716168"}],"wp:term":[{"taxonomy":"category","embeddable":true,"href":"https:\/\/www.hashtag.al\/index.php\/wp-json\/wp\/v2\/categories?post=716168"},{"taxonomy":"post_tag","embeddable":true,"href":"https:\/\/www.hashtag.al\/index.php\/wp-json\/wp\/v2\/tags?post=716168"}],"curies":[{"name":"wp","href":"https:\/\/api.w.org\/{rel}","templated":true}]}}