{"id":715931,"date":"2024-12-21T11:52:37","date_gmt":"2024-12-21T10:52:37","guid":{"rendered":"https:\/\/www.hashtag.al\/?p=715931"},"modified":"2024-12-21T11:52:56","modified_gmt":"2024-12-21T10:52:56","slug":"sulmi-ne-gjermani-begaj-akt-frikacak-jo-dinjitoz-dhe-i-pajustifikueshem","status":"publish","type":"post","link":"https:\/\/www.hashtag.al\/index.php\/2024\/12\/21\/sulmi-ne-gjermani-begaj-akt-frikacak-jo-dinjitoz-dhe-i-pajustifikueshem\/","title":{"rendered":"Sulmi n\u00eb Gjermani, Begaj: Akt frikacak, jo dinjitoz dhe i pajustifikuesh\u00ebm","gt_translate_keys":[{"key":"rendered","format":"text"}]},"content":{"rendered":"<p><img loading=\"lazy\" decoding=\"async\" class=\"aligncenter size-full wp-image-715932\" src=\"https:\/\/www.hashtag.al\/wp-content\/uploads\/2024\/12\/Screenshot-2024-12-21-114718.png\" alt=\"\" width=\"720\" height=\"400\" srcset=\"https:\/\/www.hashtag.al\/wp-content\/uploads\/2024\/12\/Screenshot-2024-12-21-114718.png 720w, https:\/\/www.hashtag.al\/wp-content\/uploads\/2024\/12\/Screenshot-2024-12-21-114718-300x167.png 300w\" sizes=\"auto, (max-width: 720px) 100vw, 720px\" \/><\/p>\n<p style=\"text-align: left;\"><span style=\"color: #000000;\">Presidenti i Shqip\u00ebris\u00eb, Bajram Begaj, ka reaguar pas sulmit terrorist n\u00eb Magdeburg t\u00eb Gjermanis\u00eb, ku humb\u00ebn jet\u00ebn t\u00eb pakt\u00ebn 4 persona. Ai e ka quajtur k\u00ebt\u00eb sulm nj\u00eb akt frikacak dhe t\u00eb pajustifikuesh\u00ebm, duke theksuar se duhet t\u00eb d\u00ebnohet n\u00eb termat m\u00eb t\u00eb ashp\u00ebr.<\/span><\/p>\n<p style=\"text-align: left;\"><em><span style=\"color: #000000;\">\u201cSulmi i tmerrsh\u00ebm ndaj qindra njer\u00ebzve paq\u00ebsor\u00eb n\u00eb tregun e Krishtlindjeve n\u00eb Magdeburg t\u00eb Gjermanis\u00eb duhet t\u00eb d\u00ebnohet n\u00eb termat m\u00eb t\u00eb ashp\u00ebr si nj\u00eb akt frikacak, jo dinjitoz dhe i pajustifikuesh\u00ebm.<\/span><\/em><\/p>\n<p style=\"text-align: left;\"><span style=\"color: #000000;\"><em>Shqip\u00ebria q\u00ebndron me vendosm\u00ebri me popullin e Magdeburgut dhe t\u00eb gjith\u00eb Gjermanis\u00eb me k\u00ebt\u00eb rast dhe shpreh ngush\u00ebllimet dhe solidaritetin m\u00eb t\u00eb thell\u00eb me familjet e viktimave\u201d,<\/em> shprehet Begaj.<\/span><\/p>\n","protected":false,"gt_translate_keys":[{"key":"rendered","format":"html"}]},"excerpt":{"rendered":"<p>Presidenti i Shqip\u00ebris\u00eb, Bajram Begaj, ka reaguar pas sulmit terrorist n\u00eb Magdeburg t\u00eb Gjermanis\u00eb, ku humb\u00ebn jet\u00ebn t\u00eb pakt\u00ebn 4 persona. Ai e ka quajtur k\u00ebt\u00eb sulm nj\u00eb akt frikacak dhe t\u00eb pajustifikuesh\u00ebm, duke theksuar se duhet t\u00eb d\u00ebnohet n\u00eb termat m\u00eb t\u00eb ashp\u00ebr. \u201cSulmi i tmerrsh\u00ebm ndaj qindra njer\u00ebzve paq\u00ebsor\u00eb n\u00eb tregun e Krishtlindjeve [&hellip;]<\/p>\n","protected":false,"gt_translate_keys":[{"key":"rendered","format":"html"}]},"author":49,"featured_media":715932,"comment_status":"closed","ping_status":"open","sticky":false,"template":"","format":"standard","meta":{"footnotes":""},"categories":[65],"tags":[],"class_list":["post-715931","post","type-post","status-publish","format-standard","has-post-thumbnail","hentry","category-lajme"],"gt_translate_keys":[{"key":"link","format":"url"}],"_links":{"self":[{"href":"https:\/\/www.hashtag.al\/index.php\/wp-json\/wp\/v2\/posts\/715931","targetHints":{"allow":["GET"]}}],"collection":[{"href":"https:\/\/www.hashtag.al\/index.php\/wp-json\/wp\/v2\/posts"}],"about":[{"href":"https:\/\/www.hashtag.al\/index.php\/wp-json\/wp\/v2\/types\/post"}],"author":[{"embeddable":true,"href":"https:\/\/www.hashtag.al\/index.php\/wp-json\/wp\/v2\/users\/49"}],"replies":[{"embeddable":true,"href":"https:\/\/www.hashtag.al\/index.php\/wp-json\/wp\/v2\/comments?post=715931"}],"version-history":[{"count":99999,"href":"https:\/\/www.hashtag.al\/index.php\/wp-json\/wp\/v2\/posts\/715931\/revisions"}],"predecessor-version":[{"id":715933,"href":"https:\/\/www.hashtag.al\/index.php\/wp-json\/wp\/v2\/posts\/715931\/revisions\/715933"}],"wp:featuredmedia":[{"embeddable":true,"href":"https:\/\/www.hashtag.al\/index.php\/wp-json\/wp\/v2\/media\/715932"}],"wp:attachment":[{"href":"https:\/\/www.hashtag.al\/index.php\/wp-json\/wp\/v2\/media?parent=715931"}],"wp:term":[{"taxonomy":"category","embeddable":true,"href":"https:\/\/www.hashtag.al\/index.php\/wp-json\/wp\/v2\/categories?post=715931"},{"taxonomy":"post_tag","embeddable":true,"href":"https:\/\/www.hashtag.al\/index.php\/wp-json\/wp\/v2\/tags?post=715931"}],"curies":[{"name":"wp","href":"https:\/\/api.w.org\/{rel}","templated":true}]}}